{"id":55110,"date":"2024-06-03T05:47:09","date_gmt":"2024-06-03T03:47:09","guid":{"rendered":"https:\/\/www.infokuryr.cz\/n\/?p=55110"},"modified":"2024-06-03T05:47:09","modified_gmt":"2024-06-03T03:47:09","slug":"evropa-se-pripravuje-na-valku-a-jeji-valecny-vlak-se-strojvedoucim","status":"publish","type":"post","link":"https:\/\/www.infokuryr.cz\/n\/2024\/06\/03\/evropa-se-pripravuje-na-valku-a-jeji-valecny-vlak-se-strojvedoucim\/","title":{"rendered":"Evropa se p\u0159ipravuje na v\u00e1lku a jej\u00ed v\u00e1le\u010dn\u00fd vlak se strojvedouc\u00edm&#8230;"},"content":{"rendered":"<div id=\"fb-root\"><\/div>\n<h4>Evropa se p\u0159ipravuje na v\u00e1lku a jej\u00ed v\u00e1le\u010dn\u00fd vlak se strojvedouc\u00edm, kter\u00fd se zbl\u00e1znil a jede s n\u00edm do pekel, mus\u00edme zastavit! Viktor Orb\u00e1n svolal v Budape\u0161ti obrovskou demonstraci proti v\u00e1lce a potvrdil koncepci Aeronetu, o \u010dem budou eurovolby! Cht\u011bj\u00ed do v\u00e1lky na Ukrajin\u011b odv\u00e1d\u011bt mlad\u00e9 lidi ze St\u0159edn\u00ed Evropy, chystaj\u00ed na Evropany povinn\u00e9 odvody na frontu, varoval Orb\u00e1n\u016fv ministr zahrani\u010d\u00ed p\u0159ed \u0161\u00edlenci v Bruselu!<\/h4>\n<p>Volby do Evropsk\u00e9ho parlamentu jsou za dve\u0159mi a v Ma\u010farsku pojal Viktor Orb\u00e1n v\u00edkendovou p\u0159edvolebn\u00ed demonstraci jako obrovsk\u00fd protiv\u00e1le\u010dn\u00fd manifest\u00a0<strong>[<a href=\"https:\/\/href.li\/?https:\/\/www.euronews.com\/video\/2024\/06\/01\/tens-of-thousands-take-to-the-streets-in-show-of-support-for-hungarian-prime-minister-vikt\" target=\"_blank\" rel=\"nofollow noopener\">1<\/a>]<\/strong>, kter\u00e9ho se z\u00fa\u010dastnilo podle odhad\u016f p\u0159es p\u016fl milionu lid\u00ed a dosud nikdy v historii volby do EU parlamentu nep\u0159ivedly na p\u0159edvolebn\u00ed demonstraci tolik lid\u00ed. Viktor Orb\u00e1n v projevu zopakoval koncepci Aeronetu.<\/p>\n<p>A to konkr\u00e9tn\u011b, \u017ee\u00a0<strong>tyto volby do evropsk\u00e9ho t\u011blesa budou referendem o tom, jestli se Evropsk\u00e1 unie zastav\u00ed a vystav\u00ed stopku dal\u0161\u00ed v\u00e1le\u010dn\u00e9 eskalaci, anebo se naopak EU pln\u011b vrhne do otev\u0159en\u00e9 v\u00e1lky proti Rusku<\/strong>, a to nejprve na Ukrajin\u011b, ale pozd\u011bji v cel\u00e9 Evrop\u011b, \u010demu\u017e se nep\u016fjde nakonec vyhnout. P\u0159esn\u011b o tom budou tyto evropsk\u00e9 volby. Orb\u00e1n pochv\u00e1lil vysokou \u00fa\u010dast na demonstraci a prohl\u00e1sil, \u017ee lid\u00ed p\u0159i\u0161lo tolik, \u017ee kdyby foukli na Orb\u00e1novy oponenty, tak ti by odlet\u011bli do Bruselu.<\/p>\n<p>&nbsp;<\/p>\n<div id=\"rumble_v4wrzwq\">\n<div id=\"vid_v4wrzwq\" class=\"rumble_v4wrzwq-Rumble-cls\" tabindex=\"-1\">\n<div class=\"bigPlayUI ctp\"><div class='videoWrapper'>\r\n\t            <iframe src='https:\/\/rumble.com\/embed\/pj.v4wrzwq\/' frameborder='0' allowfullscreen><\/iframe>\r\n\t        <\/div><\/p>\n<div class=\"bigPlayUIInner ctp\"><\/div>\n<\/div>\n<\/div>\n<\/div>\n<p>&nbsp;<\/p>\n<p>Ma\u010farsk\u00fd premi\u00e9r ale sv\u016fj projev pojal jako varov\u00e1n\u00ed p\u0159ed t\u00edm, co se pr\u00e1v\u011b te\u010f d\u011bje v Bruselu. Za zav\u0159en\u00fdmi dve\u0159mi v t\u011bchto dnech jednaj\u00ed z\u00e1stupci vl\u00e1d zem\u00ed \u201c<em>Mal\u00e9 koalice<\/em>\u201d reprezentovan\u00e9 mal\u00fdmi, ale o to v\u00edce agresivn\u00edmi st\u00e1ty na \u010dele s \u010ceskou republikou a trojic\u00ed st\u00e1t\u016f v Pobalt\u00ed, plus Polsko a Francie, se z\u00e1stupci Evropsk\u00e9 komise a NATO o mo\u017enostech poskytnut\u00ed vojensk\u00e9ho person\u00e1lu do v\u00e1le\u010dn\u00e9ho prostoru na Ukrajin\u011b. Na\u0161e redakce disponuje nej\u010derstv\u011bj\u0161\u00edmi informacemi p\u0159\u00edmo z t\u011bchto jedn\u00e1n\u00ed a je zjevn\u00e9, \u017ee Viktor Orb\u00e1n m\u00e1 stejn\u00e9 zdroje jako na\u0161e redakce.<\/p>\n<h6><span style=\"font-size: 18pt;\">V Bruselu se jedn\u00e1 za zav\u0159en\u00fdmi dve\u0159mi o evropsk\u00e9 brann\u00e9 povinnosti a o vysl\u00e1n\u00ed mlad\u00fdch mu\u017e\u016f ze zem\u00ed EU na frontu na Ukrajin\u011b<\/span><\/h6>\n<p>Jedn\u00e1n\u00ed se t\u00fdkaj\u00ed tzv. delegov\u00e1n\u00ed brann\u00e9 povinnost z n\u00e1rodn\u00edch st\u00e1t\u016f na Evropskou unii, kdy vojensk\u00e9 odvody by u\u017e nena\u0159izovaly n\u00e1rodn\u00ed gener\u00e1ln\u00ed \u0161t\u00e1by, ale brusel\u0161t\u00ed \u00fa\u0159edn\u00edci. Je to p\u0159\u00edprava na potenci\u00e1ln\u00ed vstup EU do v\u00e1lky proti Rusku na Ukrajin\u011b v letech 2025 a\u017e 2026 nejd\u0159\u00edve, uvedl pro na\u0161i redakci n\u00e1\u0161 bruselsk\u00fd zdroj. V dokumentu se uv\u00e1d\u00ed, \u017ee\u2026\u00a0<em><strong>Ukrajina stoj\u00ed v kv\u011btnu 2024 pouh\u00fdch 6 m\u011bs\u00edc\u016f od por\u00e1\u017eky ve v\u00e1lce.<\/strong><\/em>\u00a0Jedn\u00e1 se o progn\u00f3zu Pentagonu. Nejv\u011bt\u0161\u00edm probl\u00e9mem NATO nen\u00ed vyzbrojov\u00e1n\u00ed Ukrajiny, proto\u017ee probl\u00e9mem je nedostatek ukrajinsk\u00fdch voj\u00e1k\u016f, odpov\u00eddaj\u00edc\u00edho vojensk\u00e9ho v\u00fdcviku a motivace k boji, uv\u00e1d\u00ed se v dokumentu.<\/p>\n<figure id=\"attachment_59779\" class=\"wp-caption aligncenter\" style=\"width: 693px;\"><a href=\"https:\/\/aeronet.news\/wp-content\/uploads\/BudapestNoWar2.jpg\"><img decoding=\"async\" loading=\"lazy\" class=\"wp-image-59779 \" src=\"https:\/\/aeronet.news\/wp-content\/uploads\/BudapestNoWar2-1024x682.jpg\" sizes=\"(max-width: 700px) 100vw, 700px\" srcset=\"https:\/\/aeronet.news\/wp-content\/uploads\/BudapestNoWar2-1024x682.jpg 1024w, https:\/\/aeronet.news\/wp-content\/uploads\/BudapestNoWar2-300x200.jpg 300w, https:\/\/aeronet.news\/wp-content\/uploads\/BudapestNoWar2-768x512.jpg 768w, https:\/\/aeronet.news\/wp-content\/uploads\/BudapestNoWar2-700x466.jpg 700w, https:\/\/aeronet.news\/wp-content\/uploads\/BudapestNoWar2-536x357.jpg 536w, https:\/\/aeronet.news\/wp-content\/uploads\/BudapestNoWar2-725x483.jpg 725w, https:\/\/aeronet.news\/wp-content\/uploads\/BudapestNoWar2.jpg 1280w\" alt=\"\" width=\"693\" height=\"462\" \/><\/a><figcaption class=\"wp-caption-text\">Orb\u00e1nova p\u0159edvolebn\u00ed demonstrace proti v\u00e1lce<\/figcaption><\/figure>\n<p>A co je uvedeno d\u00e1le, to je to nejhor\u0161\u00ed \u2013\u00a0<strong>podle Pentagonu ji\u017e nem\u00e1 Ukrajina mobiliza\u010dn\u00ed potenci\u00e1l schopn\u00fd v\u00edt\u011bzstv\u00ed ve v\u00e1lce!<\/strong>\u00a0Jin\u00fdmi slovy, na Ukrajin\u011b ji\u017e padli v\u0161ichni ti, kte\u0159\u00ed cht\u011bli bojovat a m\u011bli motivaci. A ti, kte\u0159\u00ed jsou k dispozici, to jsou Ukrajinci, kte\u0159\u00ed necht\u011bj\u00ed bojovat, nemaj\u00ed motivaci a nemaj\u00ed ani zku\u0161enosti.<\/p>\n<p>Znamen\u00e1 to, \u017ee\u00a0<strong>pokud kolektivn\u00ed Z\u00e1pad nechce, aby Ukrajina za 6 m\u011bs\u00edc\u016f kapitulovala, bude muset EU anebo NATO, p\u0159\u00edpadn\u011b ob\u011b organizace, velmi kr\u00e1tce po skon\u010den\u00ed evropsk\u00fdch voleb za\u010d\u00edt pos\u00edlat voj\u00e1ky evropsk\u00fdch zem\u00ed na Ukrajinu<\/strong>, a je \u00fapln\u011b jedno, na z\u00e1klad\u011b jak\u00e9ho mand\u00e1tu nebo jak\u00e9ho p\u0159\u00edb\u011bhu, kter\u00fd se medi\u00e1ln\u011b pust\u00ed mezi evropsk\u00e9 obyvatelstvo na zd\u016fvodn\u011bn\u00ed takov\u00e9ho kroku.<\/p>\n<h6><span style=\"font-size: 18pt;\">Orb\u00e1n z\u0159ejm\u011b \u010detl stejn\u00fd dokument jako my, v Bruselu se asi do\u010dista pom\u00e1tli<\/span><\/h6>\n<p>Dokument nasti\u0148uje ot\u00e1zky\u2026\u00a0<em>Evropsk\u00e9ho brann\u00e9ho z\u00e1kona, jak zajistit dostate\u010dn\u011b velkou arm\u00e1du o velikosti 1,5 a\u017e 2,8 M pro zvrat ve v\u00e1lce na Ukrajin\u011b.<\/em>\u00a0V dokumentu nen\u00ed uvedeno, co ta \u010d\u00edsla znamenaj\u00ed, ale to p\u00edsmeno \u201cM\u201d je ur\u010dit\u011b milion a ta \u010d\u00edsla p\u0159edt\u00edm vyjad\u0159uj\u00ed potenci\u00e1ln\u00ed velikost mobilizovan\u00e9 evropsk\u00e9 arm\u00e1dy z\u00edskan\u00e9 po zaveden\u00ed Evropsk\u00e9ho brann\u00e9ho z\u00e1kona a po zah\u00e1jen\u00ed odvod\u016f. Je naprosto alarmuj\u00edc\u00ed, \u017ee Brusel nechce dopustit m\u00edrov\u00e9 urovn\u00e1n\u00ed v\u00e1lky na Ukrajin\u011b, proto\u017ee t\u00edm by Rusko z\u00edskalo na s\u00edle v oblasti tzv. geopolitiky a jednalo by se o por\u00e1\u017eku syst\u00e9mu\u00a0<em>Pax Americana<\/em>\u00a0a tzv. kolektivn\u00edho Z\u00e1padu.<\/p>\n<figure id=\"attachment_59780\" class=\"wp-caption aligncenter\" style=\"width: 722px;\"><a href=\"https:\/\/aeronet.news\/wp-content\/uploads\/BudapestNoWar3.jpg\"><img decoding=\"async\" loading=\"lazy\" class=\"wp-image-59780 \" src=\"https:\/\/aeronet.news\/wp-content\/uploads\/BudapestNoWar3-1024x653.jpg\" sizes=\"(max-width: 700px) 100vw, 700px\" srcset=\"https:\/\/aeronet.news\/wp-content\/uploads\/BudapestNoWar3-1024x653.jpg 1024w, https:\/\/aeronet.news\/wp-content\/uploads\/BudapestNoWar3-300x191.jpg 300w, https:\/\/aeronet.news\/wp-content\/uploads\/BudapestNoWar3-768x490.jpg 768w, https:\/\/aeronet.news\/wp-content\/uploads\/BudapestNoWar3-700x446.jpg 700w, https:\/\/aeronet.news\/wp-content\/uploads\/BudapestNoWar3-100x65.jpg 100w, https:\/\/aeronet.news\/wp-content\/uploads\/BudapestNoWar3-560x357.jpg 560w, https:\/\/aeronet.news\/wp-content\/uploads\/BudapestNoWar3-758x483.jpg 758w, https:\/\/aeronet.news\/wp-content\/uploads\/BudapestNoWar3.jpg 1280w\" alt=\"\" width=\"722\" height=\"461\" \/><\/a><figcaption class=\"wp-caption-text\">Orb\u00e1nova demonstrace v Budape\u0161ti<\/figcaption><\/figure>\n<p>Cel\u00fd sv\u011bt by se p\u0159estal b\u00e1t americk\u00e9 arm\u00e1dy, p\u0159estal by se b\u00e1t NATO, do\u0161lo by k pos\u00edlen\u00ed sebev\u011bdom\u00ed \u010c\u00edny, \u00cdr\u00e1nu, Severn\u00ed Koreje a zem\u00ed, kter\u00e9 dosud americk\u00e9 moci\u00a0<em>Pax Americana<\/em>\u00a0podl\u00e9hali, ale ne z p\u0159\u00e1telstv\u00ed, n\u00fdbr\u017e ze strachu.\u00a0<strong>A d\u016fkazem je i to, \u017ee Thajsko koncem t\u00fddne ozn\u00e1milo [<a href=\"https:\/\/thediplomat.com\/2024\/05\/thai-cabinet-formally-approves-bid-for-brics-membership\/#:~:text=Thailand's%20government%20has%20announced%20that,apply%20officially%20for%20BRICS%20membership.\">2<\/a>], \u017ee pod\u00e1v\u00e1 p\u0159ihl\u00e1\u0161ku do skupiny BRICS. Pane\u010dku, to v\u00fdsledek v\u00e1lky na Ukrajin\u011b.<\/strong>\u00a0Bez t\u00e9 v\u00e1lky by se BRICS nikdy takto rozr\u016fstat neza\u010dal. Zem\u011b sv\u011bta c\u00edt\u00ed, \u017ee americk\u00e1 kobyla chc\u00edp\u00e1, jej\u00ed moc polevuje, a proto je nejlep\u0161\u00ed \u010das se trhnout a nasko\u010dit z americk\u00e9ho vag\u00f3nu do toho \u010d\u00ednsko-rusk\u00e9ho, kter\u00fd ale jede v protism\u011bru na vedlej\u0161\u00ed kolej\u00ed.<\/p>\n<h6><span style=\"font-size: 18pt;\">Ministr zahrani\u010d\u00ed Ma\u010farska varoval p\u0159ed odvody mlad\u00fdch Ma\u010far\u016f na frontu na Ukrajin\u011b<\/span><\/h6>\n<p>O tom, \u017ee se v Bruselu za zav\u0159en\u00fdmi dve\u0159mi jedn\u00e1 o vysl\u00e1n\u00ed mlad\u00fdch branc\u016f ze zem\u00ed St\u0159edn\u00ed Evropy na Ukrajinu, mluvil p\u0159ed n\u011bkolika dny i Orb\u00e1n\u016fv ministr zahrani\u010d\u00ed P\u00e9ter Szijj\u00e1rt\u00f3 a podle na\u0161eho n\u00e1zoru reagoval na obsah sch\u016fzky v Bruselu, o kter\u00e9 jsme byli po\u010d\u00e1tkem t\u00fddne informov\u00e1ni. Pr\u00e1v\u011b na t\u00e9to sch\u016fzce zazn\u011blo, \u017ee Ukrajin\u011b by m\u011bly vojensky pomoci hlavn\u011b okoln\u00ed zem\u011b soused\u00edc\u00ed s Ukrajinou, p\u0159i\u010dem\u017e jejich voj\u00e1ci by mohli p\u0159eshrani\u010dn\u011b operovat na Ukrajin\u011b jako prvn\u00ed.<\/p>\n<figure id=\"attachment_59781\" class=\"wp-caption aligncenter\" style=\"width: 711px;\"><a href=\"https:\/\/aeronet.news\/wp-content\/uploads\/BudapestNoWar4.jpg\"><img decoding=\"async\" loading=\"lazy\" class=\"wp-image-59781 \" src=\"https:\/\/aeronet.news\/wp-content\/uploads\/BudapestNoWar4-1024x650.jpg\" sizes=\"(max-width: 700px) 100vw, 700px\" srcset=\"https:\/\/aeronet.news\/wp-content\/uploads\/BudapestNoWar4-1024x650.jpg 1024w, https:\/\/aeronet.news\/wp-content\/uploads\/BudapestNoWar4-300x190.jpg 300w, https:\/\/aeronet.news\/wp-content\/uploads\/BudapestNoWar4-768x487.jpg 768w, https:\/\/aeronet.news\/wp-content\/uploads\/BudapestNoWar4-700x444.jpg 700w, https:\/\/aeronet.news\/wp-content\/uploads\/BudapestNoWar4-563x357.jpg 563w, https:\/\/aeronet.news\/wp-content\/uploads\/BudapestNoWar4-761x483.jpg 761w, https:\/\/aeronet.news\/wp-content\/uploads\/BudapestNoWar4.jpg 1280w\" alt=\"\" width=\"711\" height=\"451\" \/><\/a><figcaption class=\"wp-caption-text\">Orb\u00e1nova demonstrace v Budape\u0161ti<\/figcaption><\/figure>\n<p>To by se t\u00fdkalo samoz\u0159ejm\u011b Ma\u010farska, ale i Slovenska, Polska a Rumunska a pokud by brann\u00e1 povinnost byla p\u0159evedena na Brusel, tak ten by selektivn\u011b mobilizoval jako prvn\u00ed pr\u00e1v\u011b ob\u010dany zem\u00ed NATO soused\u00edc\u00edch s Ukrajinou. Ch\u00e1pete douf\u00e1m, pro\u010d cht\u011bli zast\u0159elit Roberta Fica! Tady se, d\u00e1my a p\u00e1nov\u00e9, podle na\u0161eho n\u00e1zoru, ji\u017e nehraje jen o n\u011bjak\u00e9 vyzbrojov\u00e1n\u00ed nebo nevyzbrojov\u00e1n\u00ed Ukrajiny.\u00a0<strong>Tady jde u\u017e o pl\u00e1n, jak p\u0159ev\u00e9st pr\u00e1vo brann\u00e9 povinnosti na bestie v Bruselu, kter\u00e9 by potom v odvodech nahnaly na Ukrajinu mlad\u00e9 lidi ze slovansk\u00fdch zem\u00ed, z Pobalt\u00ed plus Ma\u010fary<\/strong>, proto\u017ee to by se Bruselu hodilo na destabilizaci Ma\u010farska.<\/p>\n<p>&nbsp;<\/p>\n<div id=\"rumble_v4wsobw\">\n<div id=\"vid_v4wsobw\" class=\"rumble_v4wsobw-Rumble-cls\" tabindex=\"-1\">\n<div class=\"bigPlayUI ctp\"><div class='videoWrapper'>\r\n\t            <iframe src='https:\/\/rumble.com\/embed\/pj.v4wsobw\/' frameborder='0' allowfullscreen><\/iframe>\r\n\t        <\/div><\/p>\n<div class=\"bigPlayUIInner ctp\"><\/div>\n<\/div>\n<\/div>\n<\/div>\n<p>&nbsp;<\/p>\n<p>Orb\u00e1n p\u0159itom v projevu uvedl zaj\u00edmav\u00fd v\u00fdrok, \u017ee je pot\u0159eba ve volb\u00e1ch do EU parlamentu ten vlak na trase do pekel zastavit, aby z n\u011bj mohli vystoupit ti, kte\u0159\u00ed s n\u00edm jet necht\u011bj\u00ed. Tenhle v\u00fdrok je brut\u00e1ln\u011b dvojzna\u010dn\u00fd, proto\u017ee vystupov\u00e1n\u00ed z vlaku EU by mohlo nazna\u010dovat i Orb\u00e1novu\u00a0<em>nukle\u00e1rn\u00ed pojistku<\/em>, kterou je referendum o\u00a0<em>Huexitu<\/em>, kter\u00fdm Orb\u00e1n ob\u010das vyhro\u017euje, kdy\u017e pr\u00fd bude tzv. nejh\u016f\u0159. Ma\u010fa\u0159i nejsou pro vystoupen\u00ed z EU, ale to by se z\u00e1sadn\u011b a dramaticky zm\u011bnilo po zaveden\u00ed evropsk\u00e9 brann\u00e9 povinnosti. Hrozba zata\u017een\u00ed mlad\u00fdch Ma\u010far\u016f na frontu by dramaticky p\u0159iklonila na stranu\u00a0<em>Huexitu<\/em>\u00a0miliony Ma\u010far\u016f, o tom nen\u00ed pochyb.<\/p>\n<h6><span style=\"font-size: 18pt;\">Kolektivn\u00ed z\u00e1pad stoj\u00ed za USA ne z l\u00e1sky, ale kv\u016fli statusu rukojm\u00ed sv\u00fdch centr\u00e1ln\u00edch bank, kter\u00e9 nakoupily americk\u00e9 st\u00e1tn\u00ed dluhopisy<\/span><\/h6>\n<p>Na Ukrajin\u011b se hraje o p\u00e1d americk\u00e9 moci Pax Americana po II. sv. v\u00e1lce. Ztr\u00e1ta pozice na Ukrajin\u011b nebude sama o sob\u011b znamenat pro USA nic, ale d\u016fsledky ve sv\u011bt\u011b t\u00e9 por\u00e1\u017eky v konceptu\u00e1ln\u00ed rovin\u011b budou pro USA zni\u010duj\u00edc\u00ed a zlikviduj\u00ed i tzv. Z\u00e1padn\u00ed sv\u011bt, proto\u017ee Euroz\u00f3na a z\u00e1padn\u00ed zem\u011b jsou op\u0159eny o americk\u00e9 a na ropu a petrodolar nav\u00e1zan\u00e9 st\u00e1tn\u00ed dluhopisy B\u00edl\u00e9ho domu.<\/p>\n<p><strong>Cel\u00e1 ECB nakoupila tolik americk\u00fdch dluhopis\u016f p\u0159i vzniku Euroz\u00f3ny jako podkladov\u00e9 a podp\u011brn\u00e9 aktivum pro euro<\/strong>, \u017ee v p\u0159\u00edpad\u011b kolapsu petrodolaru a po kolapsu americk\u00e9 moci Pax Americana nad zem\u011bmi OPEC dojde ke zhroucen\u00ed Euroz\u00f3ny, kter\u00e1 je cel\u00e1 podlo\u017eena americk\u00fdmi st\u00e1tn\u00edmi dluhopisy. A t\u011bmi jsou podlo\u017eeny nejen n\u00e1rodn\u00ed m\u011bny a st\u00e1tn\u00ed pokladny, ale i d\u016fchodov\u00e9 fondy zem\u00ed z\u00e1padu.<\/p>\n<figure id=\"attachment_57996\" class=\"wp-caption aligncenter\" style=\"width: 698px;\"><a href=\"https:\/\/aeronet.news\/wp-content\/uploads\/OrbanFialaSummitEUfeat.jpg\"><img decoding=\"async\" loading=\"lazy\" class=\"wp-image-57996 \" src=\"https:\/\/aeronet.news\/wp-content\/uploads\/OrbanFialaSummitEUfeat-1024x576.jpg\" sizes=\"(max-width: 700px) 100vw, 700px\" srcset=\"https:\/\/aeronet.news\/wp-content\/uploads\/OrbanFialaSummitEUfeat-1024x576.jpg 1024w, https:\/\/aeronet.news\/wp-content\/uploads\/OrbanFialaSummitEUfeat-300x169.jpg 300w, https:\/\/aeronet.news\/wp-content\/uploads\/OrbanFialaSummitEUfeat-768x432.jpg 768w, https:\/\/aeronet.news\/wp-content\/uploads\/OrbanFialaSummitEUfeat-700x394.jpg 700w, https:\/\/aeronet.news\/wp-content\/uploads\/OrbanFialaSummitEUfeat-635x357.jpg 635w, https:\/\/aeronet.news\/wp-content\/uploads\/OrbanFialaSummitEUfeat-859x483.jpg 859w, https:\/\/aeronet.news\/wp-content\/uploads\/OrbanFialaSummitEUfeat.jpg 1280w\" alt=\"\" width=\"698\" height=\"393\" \/><\/a><figcaption class=\"wp-caption-text\">V\u00fdraz Viktora Orb\u00e1na na Petra Fialu nepot\u0159ebuje koment\u00e1\u0159<\/figcaption><\/figure>\n<p>Euro je toti\u017e existen\u010dn\u011b z\u00e1visl\u00e9 na stabilit\u011b americk\u00e9ho dolaru, proto\u017ee v dolarech jsou denominov\u00e1ny v\u0161echny americk\u00e9 dluhopisy, kter\u00e9 jsou podkladov\u00fdmi aktivy Eura podobn\u011b, jako d\u0159\u00edve se m\u011bny podkl\u00e1daly zlatem. Dnes se podkl\u00e1daj\u00ed st\u00e1tn\u00edmi dluhopisy USA. Douf\u00e1m, \u017ee u\u017e ch\u00e1pete, pro\u010d za USA stoj\u00ed 50 zem\u00ed tzv. kolektivn\u00edho Z\u00e1padu.<\/p>\n<p><strong>Nen\u00ed to z l\u00e1sky k USA \u2013 je to kv\u016fli tomu, \u017ee tyto zem\u011b maj\u00ed v americk\u00fdch dluhopisov\u00fdch aktivech utopeny a jako rukojm\u00ed dr\u017eeny sv\u00e9 centr\u00e1ln\u00ed banky<\/strong>, kter\u00e9 t\u011bmi dluhopisy podkl\u00e1daj\u00ed bu\u010f Euro, anebo sv\u00e9 n\u00e1rodn\u00ed m\u011bny. To je to tajemstv\u00ed \u201cjednoty\u201d kolektivn\u00edho z\u00e1padu. Je to strach z likvidace nakoupen\u00fdch americk\u00fdch st\u00e1tn\u00edch aktiv. A to je ta skute\u010dn\u00e1 realita, pro\u010d maj\u00ed\u00a0<em>zapad\u010diky<\/em>\u00a0strach z por\u00e1\u017eky USA na Ukrajin\u011b. Proto se rozhodli zabr\u00e1nit por\u00e1\u017ece Ukrajiny v\u0161emi prost\u0159edky, a to i zata\u017een\u00edm sv\u00fdch zem\u00ed a sv\u00fdch voj\u00e1k\u016f do v\u00e1lky proti Rusku na Ukrajin\u011b. Proto volby do EU parlamentu rozhodnou o osudu Evropy.<\/p>\n<p><a href=\"https:\/\/aeronet.news\/evropa-se-pripravuje-na-valku-a-jeji-valecny-vlak-se-strojvedoucim-ktery-se-zblaznil-a-jede-s-nim-do-pekel-musime-zastavit-viktor-orban-svolal-v-budapesti-obrovskou-demonstraci-proti-valce\/\">-VK- \u0160\u00e9fredaktor AE News<\/a><\/p>\n<p>&nbsp;<\/p>\n<p><a href=\"https:\/\/stranapro.cz\/\"><img decoding=\"async\" loading=\"lazy\" class=\"wp-image-53371 aligncenter\" src=\"http:\/\/www.infokuryr.cz\/n\/wp-content\/uploads\/2024\/05\/pro-6-volby-300x169.jpg\" alt=\"\" width=\"815\" height=\"459\" srcset=\"https:\/\/www.infokuryr.cz\/n\/wp-content\/uploads\/2024\/05\/pro-6-volby-300x169.jpg 300w, https:\/\/www.infokuryr.cz\/n\/wp-content\/uploads\/2024\/05\/pro-6-volby.jpg 785w\" sizes=\"(max-width: 815px) 100vw, 815px\" \/><\/a><\/p>\n<p>&nbsp;<\/p>\n<p>&nbsp;<\/p>\n","protected":false},"excerpt":{"rendered":"<p>Evropa se p\u0159ipravuje na v\u00e1lku a jej\u00ed v\u00e1le\u010dn\u00fd vlak se strojvedouc\u00edm, kter\u00fd se zbl\u00e1znil a&#8230;<\/p>\n","protected":false},"author":2,"featured_media":55111,"comment_status":"closed","ping_status":"closed","sticky":false,"template":"","format":"standard","meta":[],"categories":[6],"tags":[1042,283,439,3769,40],"_links":{"self":[{"href":"https:\/\/www.infokuryr.cz\/n\/wp-json\/wp\/v2\/posts\/55110"}],"collection":[{"href":"https:\/\/www.infokuryr.cz\/n\/wp-json\/wp\/v2\/posts"}],"about":[{"href":"https:\/\/www.infokuryr.cz\/n\/wp-json\/wp\/v2\/types\/post"}],"author":[{"embeddable":true,"href":"https:\/\/www.infokuryr.cz\/n\/wp-json\/wp\/v2\/users\/2"}],"replies":[{"embeddable":true,"href":"https:\/\/www.infokuryr.cz\/n\/wp-json\/wp\/v2\/comments?post=55110"}],"version-history":[{"count":0,"href":"https:\/\/www.infokuryr.cz\/n\/wp-json\/wp\/v2\/posts\/55110\/revisions"}],"wp:featuredmedia":[{"embeddable":true,"href":"https:\/\/www.infokuryr.cz\/n\/wp-json\/wp\/v2\/media\/55111"}],"wp:attachment":[{"href":"https:\/\/www.infokuryr.cz\/n\/wp-json\/wp\/v2\/media?parent=55110"}],"wp:term":[{"taxonomy":"category","embeddable":true,"href":"https:\/\/www.infokuryr.cz\/n\/wp-json\/wp\/v2\/categories?post=55110"},{"taxonomy":"post_tag","embeddable":true,"href":"https:\/\/www.infokuryr.cz\/n\/wp-json\/wp\/v2\/tags?post=55110"}],"curies":[{"name":"wp","href":"https:\/\/api.w.org\/{rel}","templated":true}]}}