{"id":55104,"date":"2024-06-03T05:32:50","date_gmt":"2024-06-03T03:32:50","guid":{"rendered":"https:\/\/www.infokuryr.cz\/n\/?p=55104"},"modified":"2024-06-18T13:37:23","modified_gmt":"2024-06-18T11:37:23","slug":"ustecka-organizace-strany-pravo-respekt-odbornost-jindricha-rajchla-poradala-detsky-den-v-chomutove","status":"publish","type":"post","link":"https:\/\/www.infokuryr.cz\/n\/2024\/06\/03\/ustecka-organizace-strany-pravo-respekt-odbornost-jindricha-rajchla-poradala-detsky-den-v-chomutove\/","title":{"rendered":"\u00dastecka organizace strany Pr\u00e1vo Respekt Odbornost Jind\u0159icha Rajchla, po\u0159\u00e1dala D\u011btsk\u00fd den v Chomutov\u011b"},"content":{"rendered":"<div id=\"fb-root\"><\/div>\n<p><span style=\"font-size: 18pt;\"><strong>VLADIM\u00cdR R\u016e\u017dI\u010cKA, KATE\u0158INA BL\u00c1HOV\u00c1 A ZDEN\u011aK GODLA BAVILI D\u011aTI V CHOMUTOV\u011a <\/strong><\/span><\/p>\n<p><strong>Na tenhle d\u011btsk\u00fd den rodiny s d\u011btmi v Chomutov\u011b hned tak nezapomenou! V podstat\u011b celou sobotu pro\u017eily d\u011bti r\u016fzn\u00fdmi hrami a sportem. Park u m\u011bstsk\u00e9ho divadla zaplnily sportovn\u00ed trena\u017eery, hokejov\u00e9 branky, puky, hokejky a m\u00ed\u010de, ale t\u0159eba tak\u00e9 basketbalov\u00e9 ko\u0161e nebo figur\u00edny, na kter\u00fdch si d\u011bti mohly vyzkou\u0161et n\u011bkter\u00e9 druhy prvn\u00ed pomoci. U\u017e tak skv\u011blou akci uspo\u0159\u00e1danou koalic\u00ed PRO-Jind\u0159icha Rajchla jako oslavu Mezin\u00e1rodn\u00edho dne d\u011bt\u00ed, je\u0161t\u011b zpest\u0159ili host\u00e9 ze sv\u011bta sportu a filmu. Hokejista Vladim\u00edr R\u016f\u017ei\u010dka, fotbalista V\u00e1clav N\u011bme\u010dek, mistr \u010cR v BMX Radek Rydl, herci Kate\u0159ina Bl\u00e1hov\u00e1 a Zden\u011bk Godla.<\/strong><\/p>\n<p>Program d\u011btsk\u00e9ho dne zahrnoval \u0161irokou \u0161k\u00e1lu aktivit, kter\u00e9 si u\u017eily jak d\u011bti, tak i dosp\u011bl\u00ed. N\u00e1v\u0161t\u011bvn\u00edci m\u011bli mo\u017enost aktivn\u011b se zapojit do basketbalu, florbalu, n\u00e1cviku a uk\u00e1zek bojov\u00fdch sport\u016f s mistrem \u010cR v brazilsk\u00e9m Jiu Jitsu a v MMA Ji\u0159\u00edm Mravcem, \u00fa\u010dastnily se ryt\u00ed\u0159sk\u00e9 stezky, sk\u00e1k\u00e1n\u00ed v pytli, hodu m\u00ed\u010dk\u016f na c\u00edl a mnoha dal\u0161\u00edch aktivit. Pro d\u011bti byly p\u0159ipraveny tak\u00e9 vesla\u0159sk\u00e9 trena\u017e\u00e9ry, BMX show, malov\u00e1n\u00ed na obli\u010dej nebo sk\u00e1kac\u00ed hrad.<\/p>\n<p>\u201eVelmi m\u011b t\u011b\u0161\u00ed tak velk\u00e1 \u00fa\u010dast d\u011bt\u00ed, kter\u00e9 se zapojily do sout\u011b\u017e\u00ed,\u201c hodnotil sportovn\u011b kulturn\u00ed den pro d\u011bti Vladim\u00edr R\u016f\u017ei\u010dka, legend\u00e1rn\u00ed kapit\u00e1n z Nagana a aktu\u00e1ln\u011b tak\u00e9 kandid\u00e1t do voleb do Evropsk\u00e9ho parlamentu \/kandid\u00e1t PRO jako nestran\u00edk\/. \u201eD\u011bti byly skv\u011bl\u00e9, v\u016fbec se nezdr\u00e1haly se chopit hokejky a zahr\u00e1t si se mnou.\u201c S V\u00e1clavem N\u011bme\u010dkem, b\u00fdval\u00fdm fotbalov\u00fdm z\u00e1lo\u017en\u00edkem, si d\u011bti pro zm\u011bnu zahr\u00e1ly fotbal. S ob\u011bma sportovci se potom nejen d\u011bti, ale i jejich rodi\u010de hojn\u011b fotili.<\/p>\n<figure class=\"wp-block-image size-large\"><img decoding=\"async\" loading=\"lazy\" class=\"wp-image-1412 aligncenter\" src=\"https:\/\/csnoviny.cz\/wp-content\/uploads\/2024\/06\/IMG_4003-1-1024x683.jpg?v=1717353967\" sizes=\"(max-width: 1024px) 100vw, 1024px\" srcset=\"https:\/\/csnoviny.cz\/wp-content\/uploads\/2024\/06\/IMG_4003-1-1024x683.jpg?v=1717353967 1024w, https:\/\/csnoviny.cz\/wp-content\/uploads\/2024\/06\/IMG_4003-1-300x200.jpg?v=1717353967 300w, https:\/\/csnoviny.cz\/wp-content\/uploads\/2024\/06\/IMG_4003-1-768x512.jpg?v=1717353967 768w, https:\/\/csnoviny.cz\/wp-content\/uploads\/2024\/06\/IMG_4003-1-1080x720.jpg?v=1717353967 1080w, https:\/\/csnoviny.cz\/wp-content\/uploads\/2024\/06\/IMG_4003-1.jpg?v=1717353967 1200w\" alt=\"\" width=\"804\" height=\"536\" \/><\/figure>\n<p>A spole\u010dn\u00e9mu fotografov\u00e1n\u00ed nebo autogrami\u00e1d\u011b neunikli ani host\u00e9 ze sv\u011bta filmu: Kate\u0159ina Bl\u00e1hov\u00e1 a Zden\u011bk Godla. P\u016fvabnou here\u010dku ohromila p\u0159edev\u0161\u00edm BMX show a spole\u010dn\u011b se Zde\u0148kem Godlou, pozd\u011bji tak\u00e9 s Jind\u0159ichem Rajchlem poslou\u017eila jako \u201e\u017eiv\u00e1 p\u0159ek\u00e1\u017ekov\u00e1 dr\u00e1ha\u201c pro jezdce na kole. \u201eP\u0159izn\u00e1m se, \u017ee ve mn\u011b byla malinkat\u00e1 du\u0161i\u010dka, kdy\u017e se ten p\u00e1n na kole bl\u00ed\u017eil. P\u0159edstava, \u017ee skok nezvl\u00e1dne a spadne na n\u00e1s, m\u011b doslova d\u011bsila, na druhou stranu jsem v\u011b\u0159ila, \u017ee takov\u00e1 v\u011bc by se na akci pln\u00e9 d\u011bt\u00ed st\u00e1t nemohla. Byl to velk\u00fd vnit\u0159n\u00ed boj a neb\u00fdt toho, \u017ee vedle m\u011b le\u017eela mu\u017esk\u00e1 psychick\u00e1 opora, mo\u017en\u00e1 bych to vzdala\u2026\u201c Za tenhle v\u00fdkon si Kate\u0159ina Bl\u00e1hov\u00e1 vyslou\u017eila velk\u00fd potlesk od div\u00e1k\u016f, a tak\u00e9 od samotn\u00e9ho mistra BMX show Radka Rydla.<\/p>\n<p>L\u00eddr koalice PRO-Jind\u0159ich Rajchl byl s hojnou \u00fa\u010dast\u00ed rodin s d\u011btmi velmi spokojen. \u201eJsem opravdu moc r\u00e1d, \u017ee jsme mohli touhle akc\u00ed p\u0159isp\u011bt nejen k d\u011btsk\u00e9 radosti, ale tak\u00e9 zdrav\u00ed d\u011bt\u00ed. Na\u0161e koalice toti\u017e klade velk\u00fd d\u016fraz na podporu zdrav\u00e9ho a aktivn\u00edho \u017eivotn\u00edho stylu. Jsme tedy nad\u0161eni, \u017ee jsme mohli d\u011btem nab\u00eddnout den pln\u00fd sportu a z\u00e1bavy. Vid\u011bt \u00fasm\u011bvy na tv\u00e1\u0159\u00edch d\u011bt\u00ed a jejich rodi\u010d\u016f je pro n\u00e1s tou nejlep\u0161\u00ed odm\u011bnou. Nav\u00edc j\u00e1 s\u00e1m jako rodi\u010d v\u00edm, \u017ee spole\u010dn\u011b str\u00e1ven\u00fd \u010das rodi\u010d\u016f s d\u011btmi p\u0159i z\u00e1bavn\u00fdch nebo sportovn\u00edch aktivit\u00e1ch utu\u017euje rodinu.\u201c potvrdil Jind\u0159ich Rajchl to, o \u010dem se na aktivn\u00ed oslav\u011b Dne d\u011bt\u00ed hovo\u0159ilo. D\u011btsk\u00fd den v Chomutov\u011b se tak setkal s velk\u00fdm \u00fasp\u011bchem a pozitivn\u00edmi ohlasy v\u0161ech z\u00fa\u010dastn\u011bn\u00fdch. Zat\u00edmco rodi\u010de ocenili \u0161irokou \u0161k\u00e1lu aktivit, d\u011bti si u\u017eily den pln\u00fd pohybu, z\u00e1bavy a odm\u011bn za sv\u00e9 v\u00fdkony. Tato akce uk\u00e1zala, jak d\u016fle\u017eit\u00e9 je podporovat zdrav\u00fd a aktivn\u00ed \u017eivotn\u00ed styl ji\u017e od ran\u00e9ho v\u011bku, a z\u00e1rove\u0148 spole\u010dn\u00e9 rodinn\u00e9 aktivity.<\/p>\n<figure class=\"wp-block-gallery has-nested-images columns-default is-cropped wp-block-gallery-2 is-layout-flex wp-block-gallery-is-layout-flex\">\n<figure class=\"wp-block-image size-full\"><img decoding=\"async\" loading=\"lazy\" class=\"wp-image-1413 aligncenter\" src=\"https:\/\/csnoviny.cz\/wp-content\/uploads\/2024\/06\/IMG_4004-1.jpg?v=1717353982\" sizes=\"(max-width: 735px) 100vw, 735px\" srcset=\"https:\/\/csnoviny.cz\/wp-content\/uploads\/2024\/06\/IMG_4004-1.jpg?v=1717353982 735w, https:\/\/csnoviny.cz\/wp-content\/uploads\/2024\/06\/IMG_4004-1-276x300.jpg?v=1717353982 276w\" alt=\"\" width=\"674\" height=\"734\" data-id=\"1413\" \/><\/figure>\n<\/figure>\n<p>&nbsp;<\/p>\n<div class=\"post-thumbnail header\"><img decoding=\"async\" loading=\"lazy\" class=\"aligncenter\" src=\"https:\/\/csnoviny.cz\/wp-content\/uploads\/2024\/06\/a25-1200x640.jpg?v=1717352008\" alt=\"Vladim\u00edr R\u016f\u017ei\u010dka, Kate\u0159ina Bl\u00e1hov\u00e1 a Zden\u011bk Godla bavili d\u011bti v Chomutov\u011b\" width=\"804\" height=\"429\" \/><\/div>\n<div class=\"post-wrap\">\n<div class=\"post-content entry-content\">\n<p>&nbsp;<\/p>\n<figure class=\"wp-block-gallery has-nested-images columns-default is-cropped wp-block-gallery-1 is-layout-flex wp-block-gallery-is-layout-flex\">\n<figure class=\"wp-block-image size-large\"><img decoding=\"async\" loading=\"lazy\" class=\"wp-image-1407 aligncenter\" src=\"https:\/\/csnoviny.cz\/wp-content\/uploads\/2024\/06\/x53-1024x683.jpg?v=1717352050\" sizes=\"(max-width: 1024px) 100vw, 1024px\" srcset=\"https:\/\/csnoviny.cz\/wp-content\/uploads\/2024\/06\/x53-1024x683.jpg?v=1717352050 1024w, https:\/\/csnoviny.cz\/wp-content\/uploads\/2024\/06\/x53-300x200.jpg?v=1717352050 300w, https:\/\/csnoviny.cz\/wp-content\/uploads\/2024\/06\/x53-768x512.jpg?v=1717352050 768w, https:\/\/csnoviny.cz\/wp-content\/uploads\/2024\/06\/x53-1536x1024.jpg?v=1717352050 1536w, https:\/\/csnoviny.cz\/wp-content\/uploads\/2024\/06\/x53-2048x1366.jpg?v=1717352050 2048w, https:\/\/csnoviny.cz\/wp-content\/uploads\/2024\/06\/x53-1080x720.jpg?v=1717352050 1080w\" alt=\"\" width=\"792\" height=\"528\" data-id=\"1407\" \/><\/figure>\n<figure class=\"wp-block-image size-large\"><img decoding=\"async\" loading=\"lazy\" class=\"wp-image-1406 aligncenter\" src=\"https:\/\/csnoviny.cz\/wp-content\/uploads\/2024\/06\/x52-1024x683.jpg?v=1717352035\" sizes=\"(max-width: 1024px) 100vw, 1024px\" srcset=\"https:\/\/csnoviny.cz\/wp-content\/uploads\/2024\/06\/x52-1024x683.jpg?v=1717352035 1024w, https:\/\/csnoviny.cz\/wp-content\/uploads\/2024\/06\/x52-300x200.jpg?v=1717352035 300w, https:\/\/csnoviny.cz\/wp-content\/uploads\/2024\/06\/x52-768x512.jpg?v=1717352035 768w, https:\/\/csnoviny.cz\/wp-content\/uploads\/2024\/06\/x52-1536x1024.jpg?v=1717352035 1536w, https:\/\/csnoviny.cz\/wp-content\/uploads\/2024\/06\/x52-2048x1366.jpg?v=1717352035 2048w, https:\/\/csnoviny.cz\/wp-content\/uploads\/2024\/06\/x52-1080x720.jpg?v=1717352035 1080w\" alt=\"\" width=\"792\" height=\"528\" data-id=\"1406\" \/><\/figure>\n<figure class=\"wp-block-image size-large\"><img decoding=\"async\" loading=\"lazy\" class=\"wp-image-1405 aligncenter\" src=\"https:\/\/csnoviny.cz\/wp-content\/uploads\/2024\/06\/x50-1024x683.jpg?v=1717352023\" sizes=\"(max-width: 1024px) 100vw, 1024px\" srcset=\"https:\/\/csnoviny.cz\/wp-content\/uploads\/2024\/06\/x50-1024x683.jpg?v=1717352023 1024w, https:\/\/csnoviny.cz\/wp-content\/uploads\/2024\/06\/x50-300x200.jpg?v=1717352023 300w, https:\/\/csnoviny.cz\/wp-content\/uploads\/2024\/06\/x50-768x512.jpg?v=1717352023 768w, https:\/\/csnoviny.cz\/wp-content\/uploads\/2024\/06\/x50-1536x1024.jpg?v=1717352023 1536w, https:\/\/csnoviny.cz\/wp-content\/uploads\/2024\/06\/x50-2048x1366.jpg?v=1717352023 2048w, https:\/\/csnoviny.cz\/wp-content\/uploads\/2024\/06\/x50-1080x720.jpg?v=1717352023 1080w\" alt=\"\" width=\"782\" height=\"521\" data-id=\"1405\" \/><\/figure>\n<\/figure>\n<\/div>\n<\/div>\n<p>&nbsp;<\/p>\n<p>Pos\u00edl\u00e1me pod\u011bkov\u00e1n\u00ed V\u0161em za \u00fa\u010dast na D\u011btsk\u00e9m dni v Chomutov\u011b. I p\u0159es nep\u0159\u00edze\u0148 po\u010das\u00ed byla \u00fa\u010dast velk\u00e1 a atmosf\u00e9ra skv\u011bl\u00e1<\/p>\n<div dir=\"auto\">Velk\u00fd d\u00edk pat\u0159\u00ed organiz\u00e1tor\u016fm a dobrovoln\u00edk\u016fm, bez kter\u00fdch by se akce neuskute\u010dnila. D\u011bkujeme cel\u00e9mu a ka\u017ed\u00e9mu t\u00fdmu z PRO, na\u0161im kandid\u00e1t\u016fm do voleb do Evropsk\u00e9ho parlamentu:\u00a0<img decoding=\"async\" class=\"an1\" draggable=\"false\" src=\"https:\/\/fonts.gstatic.com\/s\/e\/notoemoji\/15.0\/0031_fe0f_20e3\/32.png\" alt=\"1\ufe0f\u20e3\" data-emoji=\"1\ufe0f\u20e3\" aria-label=\"1\ufe0f\u20e3\" \/>Jind\u0159ich Rajchl,\u00a0<img decoding=\"async\" class=\"an1\" draggable=\"false\" src=\"https:\/\/fonts.gstatic.com\/s\/e\/notoemoji\/15.0\/0032_fe0f_20e3\/32.png\" alt=\"2\ufe0f\u20e3\" data-emoji=\"2\ufe0f\u20e3\" aria-label=\"2\ufe0f\u20e3\" \/>Ivana Turkov\u00e1,\u00a0<img decoding=\"async\" class=\"an1\" draggable=\"false\" src=\"https:\/\/fonts.gstatic.com\/s\/e\/notoemoji\/15.0\/0033_fe0f_20e3\/32.png\" alt=\"3\ufe0f\u20e3\" data-emoji=\"3\ufe0f\u20e3\" aria-label=\"3\ufe0f\u20e3\" \/>Michal Ha\u0161ek,\u00a0<img decoding=\"async\" class=\"an1\" draggable=\"false\" src=\"https:\/\/fonts.gstatic.com\/s\/e\/notoemoji\/15.0\/0035_fe0f_20e3\/32.png\" alt=\"5\ufe0f\u20e3\" data-emoji=\"5\ufe0f\u20e3\" aria-label=\"5\ufe0f\u20e3\" \/>Marek Zeman,\u00a0<img decoding=\"async\" class=\"an1\" draggable=\"false\" src=\"https:\/\/fonts.gstatic.com\/s\/e\/notoemoji\/15.0\/0038_fe0f_20e3\/32.png\" alt=\"8\ufe0f\u20e3\" data-emoji=\"8\ufe0f\u20e3\" aria-label=\"8\ufe0f\u20e3\" \/>Tereza Hy\u0165hov\u00e1 &#8211; politik.<\/div>\n<div dir=\"auto\"><\/div>\n<div dir=\"auto\">\n<p><strong>D\u00e1le kandid\u00e1t\u016fm do Krajsk\u00fdch voleb v \u00dasteck\u00e9m kraji:<\/strong> Tom\u00e1\u0161 Jel\u00ednek, David Sekera, Alexandr Straka PRO, Ladislav Kytka &#8211; politik , Vladim\u00edr R\u016f\u017ei\u010dka a mnoho dal\u0161\u00edm, v\u010detn\u011b m\u00edstop\u0159edsedy strany PRO Mat\u011bj Drbohlav<\/p>\n<\/div>\n<div dir=\"auto\">Velk\u00e9 uzn\u00e1n\u00ed a d\u00edky pat\u0159\u00ed na\u0161emu \u010dlenu Ing. Luk\u00e1\u0161 Pata MBA za jeho vynikaj\u00edc\u00ed dohled a p\u00e9\u010di o celkovou bezpe\u010dnost akce. Jeho nasazen\u00ed a zku\u0161enosti jako hasi\u010de p\u0159inesly klid a jistotu v\u0161em \u00fa\u010dastn\u00edk\u016fm.<\/div>\n<div dir=\"auto\"><\/div>\n<div dir=\"auto\">D\u011bkujeme za skv\u011blou show od RR Bmx Days s RR GYM Roudnice n\/L, za neuv\u011b\u0159iteln\u00e9 skoky p\u0159es lidi. Pod\u011bkov\u00e1n\u00ed pat\u0159\u00ed tak\u00e9 vz\u00e1cn\u00e9 n\u00e1v\u0161t\u011bv\u011b, jako je Zden\u011bk Godla a Kate\u0159ina Bl\u00e1hov\u00e1 a dal\u0161\u00edm.<\/div>\n<div dir=\"auto\">_________________<\/div>\n<p><em><span style=\"font-size: 10pt;\"><strong>Autor:<\/strong> Alexandra Vinick\u00e9<\/span><\/em><br \/>\n<em><span style=\"font-size: 10pt;\">redaktorka pro zdrav\u00ed, sport a kulturu<\/span><\/em><br \/>\n<em><span style=\"font-size: 10pt;\"><strong>Fotoreport\u00e9r:<\/strong> Roman Vinick\u00fd<\/span><\/em><\/p>\n<p><span style=\"font-size: 10pt;\"><em>Zdroj: Eva Fiderick\u00e1, PR a tiskov\u00e1 mluv\u010d\u00ed PRO<\/em><\/span><\/p>\n<p>&nbsp;<\/p>\n<p><a href=\"https:\/\/stranapro.cz\/\"><img decoding=\"async\" loading=\"lazy\" class=\"wp-image-53371 aligncenter\" src=\"http:\/\/www.infokuryr.cz\/n\/wp-content\/uploads\/2024\/05\/pro-6-volby-300x169.jpg\" alt=\"\" width=\"815\" height=\"459\" srcset=\"https:\/\/www.infokuryr.cz\/n\/wp-content\/uploads\/2024\/05\/pro-6-volby-300x169.jpg 300w, https:\/\/www.infokuryr.cz\/n\/wp-content\/uploads\/2024\/05\/pro-6-volby.jpg 785w\" sizes=\"(max-width: 815px) 100vw, 815px\" \/><\/a><\/p>\n<p>&nbsp;<\/p>\n","protected":false},"excerpt":{"rendered":"<p>VLADIM\u00cdR R\u016e\u017dI\u010cKA, KATE\u0158INA BL\u00c1HOV\u00c1 A ZDEN\u011aK GODLA BAVILI D\u011aTI V CHOMUTOV\u011a Na tenhle d\u011btsk\u00fd den&#8230;<\/p>\n","protected":false},"author":2,"featured_media":55105,"comment_status":"closed","ping_status":"closed","sticky":false,"template":"","format":"standard","meta":[],"categories":[6],"tags":[7400,7401,2663],"_links":{"self":[{"href":"https:\/\/www.infokuryr.cz\/n\/wp-json\/wp\/v2\/posts\/55104"}],"collection":[{"href":"https:\/\/www.infokuryr.cz\/n\/wp-json\/wp\/v2\/posts"}],"about":[{"href":"https:\/\/www.infokuryr.cz\/n\/wp-json\/wp\/v2\/types\/post"}],"author":[{"embeddable":true,"href":"https:\/\/www.infokuryr.cz\/n\/wp-json\/wp\/v2\/users\/2"}],"replies":[{"embeddable":true,"href":"https:\/\/www.infokuryr.cz\/n\/wp-json\/wp\/v2\/comments?post=55104"}],"version-history":[{"count":1,"href":"https:\/\/www.infokuryr.cz\/n\/wp-json\/wp\/v2\/posts\/55104\/revisions"}],"predecessor-version":[{"id":55948,"href":"https:\/\/www.infokuryr.cz\/n\/wp-json\/wp\/v2\/posts\/55104\/revisions\/55948"}],"wp:featuredmedia":[{"embeddable":true,"href":"https:\/\/www.infokuryr.cz\/n\/wp-json\/wp\/v2\/media\/55105"}],"wp:attachment":[{"href":"https:\/\/www.infokuryr.cz\/n\/wp-json\/wp\/v2\/media?parent=55104"}],"wp:term":[{"taxonomy":"category","embeddable":true,"href":"https:\/\/www.infokuryr.cz\/n\/wp-json\/wp\/v2\/categories?post=55104"},{"taxonomy":"post_tag","embeddable":true,"href":"https:\/\/www.infokuryr.cz\/n\/wp-json\/wp\/v2\/tags?post=55104"}],"curies":[{"name":"wp","href":"https:\/\/api.w.org\/{rel}","templated":true}]}}