{"id":551,"date":"2021-04-08T05:39:14","date_gmt":"2021-04-08T03:39:14","guid":{"rendered":"http:\/\/www.infokuryr.cz\/n\/?p=551"},"modified":"2021-04-08T05:39:14","modified_gmt":"2021-04-08T03:39:14","slug":"ivan-david-vrazda-donbaskeho-ditete-o-velikonocich-valecne-stvace-na-ukrajine-nezastavi","status":"publish","type":"post","link":"https:\/\/www.infokuryr.cz\/n\/2021\/04\/08\/ivan-david-vrazda-donbaskeho-ditete-o-velikonocich-valecne-stvace-na-ukrajine-nezastavi\/","title":{"rendered":"Ivan David: Vra\u017eda donbask\u00e9ho d\u00edt\u011bte o Velikonoc\u00edch v\u00e1le\u010dn\u00e9 \u0161tv\u00e1\u010de na Ukrajin\u011b nezastav\u00ed\u2026"},"content":{"rendered":"<div id=\"fb-root\"><\/div>\n<p><b>Ukrajinsk\u00e1 strana po Bidenov\u011b v\u00edt\u011bzstv\u00ed zost\u0159ila r\u00e9toriku. K Donbasu se stahuje vojensk\u00e1 technika. NATO v oblasti Baltu neust\u00e1le prov\u00e1d\u00ed man\u00e9vry. Nyn\u00ed v d\u016fsledku \u00fatoku ukrajinsk\u00e9 arm\u00e1dy zem\u0159el v Don\u011bck\u00e9 lidov\u00e9 republice 5let\u00fd chlape\u010dek. Toto se d\u011bje na k\u0159es\u0165ansk\u00e9 Velikonoce\u2026 Sputnik o situaci v Donbasu promluvil s europoslancem Ivanem Davidem.<\/b><\/p>\n<p>Ivan David: Pokud jde o vra\u017edu p\u011btilet\u00e9ho chlape\u010dka a t\u011b\u017ek\u00e9 zran\u011bn\u00ed jeho babi\u010dky (*1954), jde podle informac\u00ed, kter\u00e9 jsem z\u00edskal, zcela nepochybn\u011b o v\u00e1le\u010dn\u00fd zlo\u010din, nebo\u0165 \u0161lo o \u00fatok na civiln\u00ed c\u00edl, nav\u00edc s pou\u017eit\u00edm\u00a0<a href=\"https:\/\/cz.sputniknews.com\/nazory\/2021022213226941-tohle-je-jina-valka-co-se-stalo-v-syrii\/\">velkor\u00e1\u017en\u00e9 zbran\u011b<\/a>. Krom\u011b toho jde o poru\u0161en\u00ed minsk\u00fdch dohod, podle nich\u017e nelze v t\u00e9to oblasti pou\u017e\u00edvat t\u011b\u017ek\u00e9 zbran\u011b. V\u00edm, \u017ee je dnes bohu\u017eel \u00fasm\u011bvn\u00e9 odvol\u00e1vat se na mezin\u00e1rodn\u00ed pr\u00e1vo, ale v takov\u00e9 dob\u011b \u017eijeme. Ti, kte\u0159\u00ed nepochybuj\u00ed, \u017ee budou v\u00edt\u011bzi, spol\u00e9haj\u00ed na platnost Hitlerovy argumentace, \u017ee v\u00edt\u011bze nikdo nesoud\u00ed.<\/p>\n<p>Bombardov\u00e1n\u00ed Jugosl\u00e1vie (1999: tehdy Srbsko a \u010cern\u00e1 Hora) bylo rovn\u011b\u017e agres\u00ed podle mezin\u00e1rodn\u00edho pr\u00e1va. Jen\u017ee jako obvykle jde o dosahov\u00e1n\u00ed c\u00edl\u016f, nikoli dodr\u017eov\u00e1n\u00ed mezin\u00e1rodn\u00edch z\u00e1vazk\u016f, kter\u00e9 jsou dnes je\u0161t\u011b m\u00e9n\u011b vynutiteln\u00e9, ne\u017e tomu bylo d\u0159\u00edve. Vzpome\u0148me na G. W. Bushe a jeho ve\u0159ejn\u00e9\u00a0<a href=\"https:\/\/archive.globalpolicy.org\/component\/content\/article\/167-attack\/35001.html?tmpl=component\">prohl\u00e1\u0161en\u00ed<\/a>, \u017ee usnesen\u00ed OSN je irelevantn\u00ed.<\/p>\n<p>Vzpome\u0148me nejprve, jak 12. kv\u011btna 1996 vystoupila Madeleine Albrightov\u00e1 v rozhovoru v televizi CBS. Moder\u00e1torka Lesley Stahl se j\u00ed zeptala: \u201eDov\u011bd\u011bli jsme se, \u017ee v Ir\u00e1ku zem\u0159elo p\u016fl milionu d\u011bt\u00ed. To je v\u00edc lid\u00ed, ne\u017e kolik zem\u0159elo v Hiro\u0161im\u011b. Stoj\u00ed to, pan\u00ed Albrightov\u00e1, za tu cenu?\u201c \u2013 Madeleine Albrightov\u00e1 odpov\u011bd\u011bla: \u201eJe to velmi obt\u00ed\u017en\u00e1 volba, ale \u2013 mus\u00edm \u0159\u00edct \u2013 za tu cenu to stoj\u00ed.\u201c (viz Ji\u0159\u00ed Ma\u0161ek: Mr\u00e1z p\u0159ich\u00e1z\u00ed z B\u00edl\u00e9ho domu, Praha 2004).<\/p>\n<p>Nyn\u00ed poj\u010fme k p\u0159\u00edtomnosti, vra\u017eda d\u00edt\u011bte pomoc\u00ed tureck\u00e9ho dronu (Ukrajina\u00a0<a href=\"https:\/\/armyinform.com.ua\/2021\/03\/ukrayinski-bayraktar-tb2-vykonuvaly-zavdannya-nad-tendrivskoyu-kosoyu\/\">pou\u017e\u00edv\u00e1<\/a>\u00a0tureck\u00e9 drony), k n\u011bmu\u017e se v r\u00e1mci dosahov\u00e1n\u00ed sv\u00fdch c\u00edl\u016f uch\u00fdlila Ukrajina, t\u011bmto nelid\u016fm to asi za to stoj\u00ed, podobn\u011b jako v p\u0159ede\u0161l\u00e9m p\u0159\u00edkladu. T\u00edm c\u00edlem m\u00e1 z\u0159ejm\u011b b\u00fdt vyprovokov\u00e1n\u00ed v\u00e1lky s Ruskem\u2026<\/p>\n<p><b><i>Je to skute\u010dn\u011b tak v\u00e1\u017en\u00e9 a za\u0161l\u00e9 tak daleko?<\/i><\/b><\/p>\n<p>Na 15. dubna p\u0159ipravuji panelovou on-line diskuzi o vojenskopolitick\u00e9 situaci. \u00da\u010dast vedle vojensk\u00fdch odborn\u00edk\u016f p\u0159isl\u00edbil tak\u00e9 historik a diplomat\u00a0<a href=\"https:\/\/cz.sputniknews.com\/svet\/2021032313370826-diplomat-basta-lavrov-kritizuje-vztahy-s-eu-prave-v-cine\/\">Jaroslav Ba\u0161ta<\/a>. Od panelist\u016f se ve\u0159ejnost dozv\u00ed v\u00edc, ne\u017e kolik v tuto chv\u00edli mohu pov\u011bd\u011bt j\u00e1. Akci jsme za\u010dali p\u0159ipravovat je\u0161t\u011b p\u0159ed zost\u0159en\u00edm boj\u016f na v\u00fdchod\u011b Ukrajiny. V\u0161ichni v\u00edme, jak je Ukrajina vyd\u00edrateln\u00e1 a \u017ee m\u00e1 loutkovou vl\u00e1du. O snaze Spojen\u00fdch st\u00e1t\u016f vyprovokovat konflikt si nemus\u00edme d\u011blat iluze. Vra\u017eda d\u00edt\u011bte o Velikonoc\u00edch v\u00e1le\u010dn\u00e9 \u0161tv\u00e1\u010de nezastav\u00ed.<\/p>\n<p><b><i>Velvyslanectv\u00ed Ukrajiny ost\u0159e\u00a0<a href=\"https:\/\/cz.sputniknews.com\/svet\/2021040413435259-velikonocni-vrazdeni-ukrajinske-armady-velvyslanectvi-ukrajiny-pozaduje-pravni-kroky-kvuli\/\">reagovalo<\/a>\u00a0na v\u00e1\u0161 p\u0159\u00edsp\u011bvek o smrti 5leteho chlape\u010dka v Donbasu\u2026<br \/>\n<\/i><\/b><br \/>\nUva\u017eov\u00e1n\u00ed podniknut\u00ed pr\u00e1vn\u00edch krok\u016f Ukrajiny proti mn\u011b\u00a0 je pr\u00e1vem Ambas\u00e1dy Ukrajiny. To je nejzdvo\u0159ilej\u0161\u00ed formulace, kter\u00e1 m\u011b napadla&#8230;<\/p>\n<p><b><i>Je zde paralela, ov\u0161em s opa\u010dn\u00fdm znam\u00e9nkem, s b\u011b\u017eeneck\u00fdm syrsk\u00fdm chlape\u010dkem, kter\u00e9ho vyplavilo mo\u0159e. Co soud\u00edte o zp\u016fsobu medializace t\u011bchto dvou ud\u00e1lost\u00ed?<\/i><\/b><\/p>\n<p>Jedin\u00e1 paralela snad spo\u010d\u00edv\u00e1 v tom, \u017ee jde o\u00a0<a href=\"https:\/\/cz.sputniknews.com\/ceskarepublika\/2021040313427187-na-policii-se-prihlasil-muz-jehoz-pes-na-petrine-tezce-zranil-dite\/\">d\u00edt\u011b<\/a>. Tam \u0161lo o nezodpov\u011bdnost osob, kter\u00e9 se s n\u00edm vydaly na mo\u0159e. Propagandistick\u00e9 zneu\u017eit\u00ed ponech\u00e1v\u00e1m stranou. Zavra\u017ed\u011bn\u00e9 d\u00edt\u011b na Ukrajin\u011b ob\u010dany z\u00e1padn\u00edch zem\u00ed nedojme u\u017e proto, \u017ee se o n\u011bm na Z\u00e1pad\u011b sotva dozv\u011bd\u00ed.<\/p>\n<p><b><i>D\u011bkujeme za rozhovor.<\/i><\/b><\/p>\n<p>Vladim\u00edr Franta<\/p>\n<p><a href=\"https:\/\/sptnkne.ws\/FRFD\">ZDROJ<\/a><\/p>\n<p>&nbsp;<\/p>\n","protected":false},"excerpt":{"rendered":"<p>Ukrajinsk\u00e1 strana po Bidenov\u011b v\u00edt\u011bzstv\u00ed zost\u0159ila r\u00e9toriku. K Donbasu se stahuje vojensk\u00e1 technika. NATO v&#8230;<\/p>\n","protected":false},"author":2,"featured_media":552,"comment_status":"closed","ping_status":"closed","sticky":false,"template":"","format":"standard","meta":[],"categories":[6],"tags":[26,40],"_links":{"self":[{"href":"https:\/\/www.infokuryr.cz\/n\/wp-json\/wp\/v2\/posts\/551"}],"collection":[{"href":"https:\/\/www.infokuryr.cz\/n\/wp-json\/wp\/v2\/posts"}],"about":[{"href":"https:\/\/www.infokuryr.cz\/n\/wp-json\/wp\/v2\/types\/post"}],"author":[{"embeddable":true,"href":"https:\/\/www.infokuryr.cz\/n\/wp-json\/wp\/v2\/users\/2"}],"replies":[{"embeddable":true,"href":"https:\/\/www.infokuryr.cz\/n\/wp-json\/wp\/v2\/comments?post=551"}],"version-history":[{"count":0,"href":"https:\/\/www.infokuryr.cz\/n\/wp-json\/wp\/v2\/posts\/551\/revisions"}],"wp:featuredmedia":[{"embeddable":true,"href":"https:\/\/www.infokuryr.cz\/n\/wp-json\/wp\/v2\/media\/552"}],"wp:attachment":[{"href":"https:\/\/www.infokuryr.cz\/n\/wp-json\/wp\/v2\/media?parent=551"}],"wp:term":[{"taxonomy":"category","embeddable":true,"href":"https:\/\/www.infokuryr.cz\/n\/wp-json\/wp\/v2\/categories?post=551"},{"taxonomy":"post_tag","embeddable":true,"href":"https:\/\/www.infokuryr.cz\/n\/wp-json\/wp\/v2\/tags?post=551"}],"curies":[{"name":"wp","href":"https:\/\/api.w.org\/{rel}","templated":true}]}}