{"id":5509,"date":"2021-10-21T03:07:38","date_gmt":"2021-10-21T01:07:38","guid":{"rendered":"http:\/\/www.infokuryr.cz\/n\/?p=5509"},"modified":"2021-10-21T03:07:38","modified_gmt":"2021-10-21T01:07:38","slug":"vitejte-ve-visegradu","status":"publish","type":"post","link":"https:\/\/www.infokuryr.cz\/n\/2021\/10\/21\/vitejte-ve-visegradu\/","title":{"rendered":"V\u00edtejte ve Visegr\u00e1du!"},"content":{"rendered":"<div id=\"fb-root\"><\/div>\n<p>Jedn\u00edm z\u00a0velk\u00fdch v\u00edt\u011bzstv\u00ed parlamentn\u00edch voleb m\u00e1 b\u00fdt odklon\u011bn\u00ed \u010cesk\u00e9 republiky od ma\u010farsk\u00e9 a\u00a0polsk\u00e9 cesty. A\u00a0jak se tento z\u00e1zrak uskute\u010d\u0148uje? Nejprve \u00dastavn\u00ed soud zm\u011bnil\u00a0<a href=\"https:\/\/www.fsfinalword.cz\/?page=archive&amp;show=1&amp;day=2021-2-3\" target=\"_blank\" rel=\"noopener\">volebn\u00ed z\u00e1kon<\/a>\u00a0tak, aby se mal\u00fdm stran\u00e1m dostalo spravedliv\u011bj\u0161\u00edho zach\u00e1zen\u00ed&#8230; a\u00a0v\u00fdsledkem bylo, \u017ee rekordn\u00edch 19,9 % hlas\u016f pro mal\u00e9 strany propadlo. Pak jeden z\u00a0v\u00edt\u011bz\u016f voleb,\u00a0<a href=\"https:\/\/www.fsfinalword.cz\/?page=archive&amp;show=1&amp;day=2021-10-12\" target=\"_blank\" rel=\"noopener\">p\u0159edseda KDU-\u010cSL Marian Jure\u010dka<\/a>, pohrozil prezidentovi zbaven\u00edm pravomoc\u00ed za \u201e\u0161patn\u00e9\u201c politick\u00e9 rozhodnut\u00ed ohledn\u011b jmenov\u00e1n\u00ed nov\u00e9ho premi\u00e9ra. Pot\u00e9, co se t\u0159et\u00ed nejvy\u0161\u0161\u00ed \u00fastavn\u00ed \u010dinitel dostal do podez\u0159en\u00ed, \u017ee pomohl\u00a0<a href=\"https:\/\/www.fsfinalword.cz\/?page=archive&amp;show=1&amp;day=2021-10-19\" target=\"_blank\" rel=\"noopener\">zfal\u0161ovat prezident\u016fv podpis<\/a>, brig\u00e1dn\u00ed\u00a0<a href=\"https:\/\/www.acr.army.cz\/informacni-servis\/zpravodajstvi\/prezident-milos-zeman-jmenoval-nove-generaly--armada-cr-ma-druhou-generalku-227442\/\" target=\"_blank\" rel=\"noopener\">gener\u00e1l ve v\u00fdslu\u017eb\u011b<\/a>\u00a0vydal\u00a0<a href=\"https:\/\/www.idnes.cz\/zpravy\/domaci\/zeman-vystrcil-senat-nemocnice-nemoc-clanek66-uvn.A211018_182819_domaci_maka\" target=\"_blank\" rel=\"noopener\">dokument<\/a>, kter\u00fdm vybagroval cestu k\u00a0poklidn\u00e9mu p\u0159ed\u00e1n\u00ed moci. V\u00edt\u011bzn\u00e9 strany se nyn\u00ed samy jmenuj\u00ed do \u010dela zem\u011b. Nov\u00e9ho premi\u00e9ra vybere Mark\u00e9ta Pekarov\u00e1 Adamov\u00e1 ze sedmiprocentn\u00ed TOP 09. Ta pro\u00a0<a href=\"https:\/\/www.respekt.cz\/tydenik\/2021\/42\/nikdo-nas-nerozdroli\" target=\"_blank\" rel=\"noopener\">Respekt<\/a>\u00a0uvedla, \u017ee by \u010cR nem\u011bla opou\u0161t\u011bt Visegr\u00e1dskou skupinu a\u00a0naopak by ji m\u011bla vyu\u017e\u00edt k\u00a0reformov\u00e1n\u00ed Ma\u010farska a\u00a0Polska.<\/p>\n<p><a href=\"https:\/\/www.fsfinalword.cz\/?page=archive&amp;day=2021-10-20&amp;utm_source=utm_source%3Dnewsletter&amp;utm_medium=utm_medium%3De-mail&amp;utm_campaign=utm_campaign%3Dfinal_word_20.10.2021\">Erik Best<\/a><\/p>\n<p><img decoding=\"async\" loading=\"lazy\" class=\"alignnone  wp-image-1179\" src=\"http:\/\/www.infokuryr.cz\/n\/wp-content\/uploads\/2021\/04\/erik-best.jpg\" alt=\"\" width=\"134\" height=\"151\" \/><\/p>\n<p>&nbsp;<\/p>\n","protected":false},"excerpt":{"rendered":"<p>Jedn\u00edm z\u00a0velk\u00fdch v\u00edt\u011bzstv\u00ed parlamentn\u00edch voleb m\u00e1 b\u00fdt odklon\u011bn\u00ed \u010cesk\u00e9 republiky od ma\u010farsk\u00e9 a\u00a0polsk\u00e9 cesty. A\u00a0jak&#8230;<\/p>\n","protected":false},"author":2,"featured_media":5510,"comment_status":"closed","ping_status":"closed","sticky":false,"template":"","format":"standard","meta":[],"categories":[6],"tags":[29,1346,27],"_links":{"self":[{"href":"https:\/\/www.infokuryr.cz\/n\/wp-json\/wp\/v2\/posts\/5509"}],"collection":[{"href":"https:\/\/www.infokuryr.cz\/n\/wp-json\/wp\/v2\/posts"}],"about":[{"href":"https:\/\/www.infokuryr.cz\/n\/wp-json\/wp\/v2\/types\/post"}],"author":[{"embeddable":true,"href":"https:\/\/www.infokuryr.cz\/n\/wp-json\/wp\/v2\/users\/2"}],"replies":[{"embeddable":true,"href":"https:\/\/www.infokuryr.cz\/n\/wp-json\/wp\/v2\/comments?post=5509"}],"version-history":[{"count":0,"href":"https:\/\/www.infokuryr.cz\/n\/wp-json\/wp\/v2\/posts\/5509\/revisions"}],"wp:featuredmedia":[{"embeddable":true,"href":"https:\/\/www.infokuryr.cz\/n\/wp-json\/wp\/v2\/media\/5510"}],"wp:attachment":[{"href":"https:\/\/www.infokuryr.cz\/n\/wp-json\/wp\/v2\/media?parent=5509"}],"wp:term":[{"taxonomy":"category","embeddable":true,"href":"https:\/\/www.infokuryr.cz\/n\/wp-json\/wp\/v2\/categories?post=5509"},{"taxonomy":"post_tag","embeddable":true,"href":"https:\/\/www.infokuryr.cz\/n\/wp-json\/wp\/v2\/tags?post=5509"}],"curies":[{"name":"wp","href":"https:\/\/api.w.org\/{rel}","templated":true}]}}