{"id":55089,"date":"2024-06-03T00:43:23","date_gmt":"2024-06-02T22:43:23","guid":{"rendered":"https:\/\/www.infokuryr.cz\/n\/?p=55089"},"modified":"2024-06-02T17:04:08","modified_gmt":"2024-06-02T15:04:08","slug":"jiri-vyvadil-trumpuv-soud-blamaz-bidenovych-lidi-ci-budouci-prohra-trumpa","status":"publish","type":"post","link":"https:\/\/www.infokuryr.cz\/n\/2024\/06\/03\/jiri-vyvadil-trumpuv-soud-blamaz-bidenovych-lidi-ci-budouci-prohra-trumpa\/","title":{"rendered":"Ji\u0159\u00ed Vyvadil: Trump\u016fv soud, blam\u00e1\u017e Bidenov\u00fdch lid\u00ed \u010di budouc\u00ed prohra Trumpa?"},"content":{"rendered":"<div id=\"fb-root\"><\/div>\n<p><strong>Shrnout v jednom \u010dl\u00e1nku v\u0161echny reakce na v\u010derej\u0161\u00ed odsouzen\u00ed Donalda Trumpa za \u00fadajn\u00fd \u00faplatek za porno slu\u017eby od prostitutky nen\u00ed \u00fapln\u011b jednoduch\u00e9.<\/strong><\/p>\n<p style=\"font-weight: 400;\"><span style=\"font-size: 18pt;\"><strong>Tak\u017ee:<\/strong><\/span><\/p>\n<p style=\"font-weight: 400;\"><span style=\"font-size: 18pt;\"><strong>1,<\/strong> <\/span>Z\u00a0n\u00e1sleduj\u00edc\u00edch reakc\u00ed vypl\u00fdv\u00e1, \u017ee se potvrzuje\u00a0<strong>absolutn\u00ed ned\u016fv\u011bryhodnost americk\u00e9ho soudnictv\u00ed<\/strong>, tak jak je ve\u0159ejnosti m\u00edstn\u00ed i sv\u011btov\u00e9 zn\u00e1ma. P\u0159ipom\u00edn\u00e1m, \u017ee ned\u00e1vno britsk\u00fd soud, kter\u00fd rozhoduje o vyd\u00e1n\u00ed Juliana Assange do USA za zve\u0159ejn\u011bn\u00ed tajn\u00fdch materi\u00e1l\u016f Wikileaks po\u017e\u00e1dal americk\u00e9 soudy o p\u0159edlo\u017een\u00ed d\u016fkaz\u016f o tom, \u017ee mu nehroz\u00ed v\u00a0USA trest smrti, se po obdr\u017een\u00ed odpov\u011bdi naprosto zhrozil jejich nedostate\u010dnost\u00ed. Jeho reakc\u00ed bylo, \u017ee vyd\u00e1van\u00e9mu byla d\u00e1na dal\u0161\u00ed mo\u017enost si proti vyd\u00e1n\u00ed do USA podal dal\u0161\u00ed odvol\u00e1n\u00ed.<\/p>\n<p style=\"font-weight: 400;\">To podtrhuje fakt, \u017ee\u00a0<strong>justice je v\u00a0USA prakticky zcela stranick\u00e1<\/strong>\u00a0a st\u00e1tn\u00ed z\u00e1stupci i soudci jsou ustavov\u00e1ni v\u00a0jednotliv\u00fdch oblastech stranick\u00fdmi -st\u00e1tn\u00edmi zastupiteli, kte\u0159\u00ed jsou tam voleni, tj. v\u00a0oblastech, kde zv\u00edt\u011bzili demokrat\u00e9, demokratick\u00fdmi a tam, kde zv\u00edt\u011bzili republik\u00e1ni &#8211; republik\u00e1nsk\u00fdmi. No Sodoma-Gomora, jak by pravil kn\u011bz ze Slunce,seno, jahody. NEW York je nyn\u00ed vyhrocenou ba\u0161tou demokrat\u016f. \u010c\u00edm je \u0159e\u010deno v\u0161e.<\/p>\n<p style=\"font-weight: 400;\"><strong><span style=\"font-size: 18pt;\">2,<\/span> <\/strong>V\u0161ude, kde liber\u00e1lov\u00e9 nemohou zv\u00edt\u011bzit silou sv\u00fdch argument\u016f, nastoluj\u00ed teror. P\u0159\u00edkladem budi\u017e pokus o vra\u017edu na slovensk\u00e9ho premi\u00e9ra Fica. A nejde-li to p\u0159\u00edm\u00fdm n\u00e1sil\u00edm, nastupuj\u00ed soudy \u010di pr\u00e1ce tajn\u00fdch slu\u017eeb. P\u0159\u00edkladem budi\u017e provokace BIS proti AFD a jejich kandid\u00e1tovi na europoslance Petru Bystro\u0148ovi. Nyn\u00ed vypukla obdobn\u00e1 a z\u0159ejm\u011b protirusk\u00e1 af\u00e9ra proti rakousk\u00fdm Svobodn\u00fdm, kte\u0159\u00ed maj\u00ed velkou pravd\u011bpodobnost, \u017ee zv\u00edt\u011bz\u00ed nejen v\u00a0sou\u010dasn\u00fdch volb\u00e1ch do europarlamentu, ale i v\u00a0podzimn\u00edch parlamentn\u00edch volb\u00e1ch.<\/p>\n<p style=\"font-weight: 400;\"><span style=\"font-size: 18pt;\"><strong>3,<\/strong> <\/span>V\u00a0tisku u\u017e se objevovaly ost\u0159e kritick\u00e9 reakce ma\u010farsk\u00e9ho premi\u00e9ra Viktora Orb\u00e1na \u010di italsk\u00e9ho m\u00edstop\u0159edsedy vl\u00e1dy Matteo Salviniho, p\u0159edsedy Ligy Severu Orb\u00e1n exprezidenta ozna\u010dil za\u00a0\u010destn\u00e9ho mu\u017ee. &#8222;Jako prezident v\u017edy stav\u011bl Spojen\u00e9 st\u00e1ty na\u00a0prvn\u00ed m\u00edsto, vzbuzoval respekt po\u00a0cel\u00e9m sv\u011bt\u011b a\u00a0vyu\u017e\u00edval tento respekt k\u00a0budov\u00e1n\u00ed m\u00edru. Nech\u0165 lid\u00e9 vynesou sv\u016fj verdikt letos v\u00a0listopadu!&#8220;\u00a0napsal\u00a0Orb\u00e1n na\u00a0soci\u00e1ln\u00ed s\u00ed\u0165 X. &#8222;Bojujte d\u00e1l, pane prezidente!&#8220;<\/p>\n<p style=\"font-weight: 400;\"><span style=\"font-size: 18pt;\"><strong>4,<\/strong><\/span> Vtipn\u00e1 byla reakce mluv\u010d\u00edho prezidenta Vladim\u00edra Putina Peskova v&#8220;Pokud mluv\u00edme o\u00a0Trumpovi, tak ve\u00a0Spojen\u00fdch st\u00e1tech prost\u011b likviduj\u00ed politick\u00e9 soupe\u0159e v\u0161emi mo\u017en\u00fdmi z\u00e1konn\u00fdmi i\u00a0nez\u00e1konn\u00fdmi prost\u0159edky, to je z\u0159ejm\u00e9,&#8220; \u0159ekl Peskov podle agentury Interfax.<\/p>\n<p style=\"font-weight: 400;\">V\u00a0tom s\u00a0n\u00edm souhlas\u00edm. USA jsou posledn\u00ed zem\u00ed sv\u011bt, kter\u00e1 m\u00e1 pr\u00e1vo kohokoliv moralizovat. Jej\u00ed sv\u011bdom\u00ed je historicky \u010derno\u010dern\u00e9, kdy i nejkrut\u011bj\u0161\u00ed p\u0159e\u0161lapy z minulosti zahalovala do vznosn\u00fdch slov o svobod\u011b a demokracii. Takov\u00e9to v\u00fdrazivo miluje i n\u00e1\u0161 premi\u00e9r a bere si z\u00a0n\u011bho, i na n\u00e1\u0161 \u00fakor p\u0159\u00edklad<\/p>\n<p style=\"font-weight: 400;\"><span style=\"font-size: 18pt;\"><strong>5,<\/strong> <\/span>Dal\u0161\u00ed reakce jste si mohli p\u0159e\u010d\u00edst u\u017e v denn\u00edm tisku, \u010di zejm\u00e9na na soci\u00e1ln\u00edch s\u00edt\u00edch.<\/p>\n<p><a href=\"https:\/\/stranapro.cz\/\"><img decoding=\"async\" loading=\"lazy\" class=\"wp-image-53371 aligncenter\" src=\"http:\/\/www.infokuryr.cz\/n\/wp-content\/uploads\/2024\/05\/pro-6-volby-300x169.jpg\" alt=\"\" width=\"753\" height=\"424\" srcset=\"https:\/\/www.infokuryr.cz\/n\/wp-content\/uploads\/2024\/05\/pro-6-volby-300x169.jpg 300w, https:\/\/www.infokuryr.cz\/n\/wp-content\/uploads\/2024\/05\/pro-6-volby-768x431.jpg 768w, https:\/\/www.infokuryr.cz\/n\/wp-content\/uploads\/2024\/05\/pro-6-volby.jpg 785w\" sizes=\"(max-width: 753px) 100vw, 753px\" \/><\/a><\/p>\n<p style=\"font-weight: 400;\"><strong>Zcela neform\u00e1ln\u00ed a na americk\u00e9m mainstreamu nez\u00e1visl\u00fd americk\u00fd port\u00e1l Zero Hedge pak uvedl dal\u0161\u00ed p\u0159\u00edklady :<\/strong><\/p>\n<ul style=\"font-weight: 400;\">\n<li>Elon Musk si v\u0161iml trivi\u00e1ln\u00ed povahy obvin\u011bn\u00ed a toho, jak by tyto druhy um\u011ble vytvo\u0159en\u00fdch chyb v pap\u00edrov\u00e1n\u00ed mohly b\u00fdt pou\u017eity k zac\u00edlen\u00ed na kohokoli. D\u016fv\u011bra ve\u0159ejnosti v americk\u00fd pr\u00e1vn\u00ed syst\u00e9m dnes skute\u010dn\u011b velmi po\u0161kodila.<br \/>\nM\u016f\u017ee-li b\u00fdt b\u00fdval\u00fd prezident trestn\u011b odsouzen za tak trivi\u00e1ln\u00ed z\u00e1le\u017eitost \u2013 motivovanou sp\u00ed\u0161e politikou ne\u017e spravedlnost\u00ed \u2013, pak podobn\u00fd osud hroz\u00ed a\u017ed\u00e9mu.\u00a0<a href=\"https:\/\/t.co\/zrHCyIZazh\">https:\/\/t.co\/zrHCyIZazh<\/a>\u00a0Elon Musk (@elonmusk)\u00a0 kv\u011btna 2024<\/li>\n<li>liber\u00e1ln\u00ed novin\u00e1\u0159 Michael Tracey poznamenal, \u017ee se jedn\u00e1 o obzvl\u00e1\u0161t\u011b slab\u00fd p\u0159\u00edpad k prolomen\u00ed 235 let trvaj\u00edc\u00edho tabu trestn\u00edho st\u00edh\u00e1n\u00ed b\u00fdval\u00e9ho prezidenta. Jist\u011b m\u016f\u017eete nam\u00edtnout, \u017ee 235 let star\u00e1 &#8222;gentlemansk\u00e1 dohoda&#8220;, \u017ee prezidenti nejsou usv\u011bd\u010deni ze zlo\u010din\u016f, musela zmizet, ale zahodit ji kv\u016fli tak ur\u00e1\u017eliv\u011b sm\u011b\u0161n\u00fdm obvin\u011bn\u00edm je jen facka do tv\u00e1\u0159e ve\u0161ker\u00e9mu zdrav\u00e9mu rozumu .<strong>Tracey tak\u00e9 pouk\u00e1zal na to, jak zpravodajstv\u00ed o Trumpov\u011b procesu zasti\u0148uje eskalaci Bidenovy administrativy v jej\u00ed z\u00e1stupn\u00e9 v\u00e1lce s Ruskem kv\u016fli Ukrajin\u011b<\/strong>. V\u0161iml si n\u011bkdo, \u017ee prost\u0159edky, kter\u00fdmi Trump mohl, ale nemusel p\u0159edat platbu pornohv\u011bzd\u011b, se t\u011b\u0161\u00ed mnohem v\u011bt\u0161\u00edmu pokryt\u00ed, koment\u00e1\u0159\u016fm a debat\u00e1m, ne\u017e kdy\u017e se USA zjevn\u011b pot\u00e1cej\u00ed sm\u011brem\u00a0<strong>k otev\u0159en\u00e9mu schv\u00e1len\u00ed p\u0159\u00edm\u00fdch \u00fader\u016f na nejv\u011bt\u0161\u00ed sv\u011btovou jadernou supervemox velmoc\u00a0<\/strong><a href=\"https:\/\/t.co\/aQ6hJk4i46\"><strong>twitter.com\/aQ6hJk4i46<\/strong><\/a><strong>\u00a0_<\/strong><\/li>\n<li>Ru\u0161t\u00ed podcaste\u0159i RWAPodcast si v\u0161imli ironie tohoto vykonstruovan\u00e9ho soudu, kter\u00fd se odehr\u00e1v\u00e1 v Americe, kter\u00e1 tr\u00e1v\u00ed tolik \u010dasu pou\u010dov\u00e1n\u00edm jin\u00fdch zem\u00ed o jejich korupci a nedostatku pr\u00e1vn\u00edho st\u00e1tu. Je to tak legra\u010dn\u00ed, kdy\u017e Ameri\u010dan\u00e9 mluv\u00ed o tom, \u017ee jin\u00e9 zem\u011b jsou &#8222;zkorumpovan\u00e9&#8220; nebo &#8222;zaostal\u00e9&#8220; nebo cokoli jin\u00e9ho, ale pak soudce s nezn\u00e1m\u00fdm rokem narozen\u00ed, kter\u00fd je z\u00e1rove\u0148 politick\u00fdm aktivistou, m\u016f\u017ee prost\u011b odsoudit chl\u00e1pka, kter\u00fd m\u00e1 v pr\u016fzkumech kolem 50 % hlas\u016f, za to, \u017ee se znovu stane prezidentem\n<ul>\n<li><strong>Sergej Witte n\u00e1m p\u0159ipomn\u011bl, \u017ee feder\u00e1ln\u00ed prokur\u00e1tor odm\u00edtl st\u00edhat prezidenta Bidena, proto\u017ee m\u011bl pocit, \u017ee Biden nev\u011bd\u011bl, co d\u011bl\u00e1, kdy\u017e se dopustil p\u0159estupku proti z\u00e1znam\u016fm.<\/strong><\/li>\n<li>republik\u00e1nsk\u00e1 hv\u011bzda a\u00a0floridsk\u00fd guvern\u00e9r Ron DeSantis soudn\u00ed rozsudek ozna\u010dil za\u00a0vyvrcholen\u00ed procesu, kter\u00fd byl p\u0159izp\u016fsoben politick\u00e9 v\u016fli z\u00fa\u010dastn\u011bn\u00fdch akt\u00e9r\u016f. &#8222;Levicov\u00e9ho st\u00e1tn\u00edho z\u00e1stupce, zaujat\u00e9ho soudce a\u00a0poroty, kter\u00e1 odr\u00e1\u017e\u00ed jednu z\u00a0nejliber\u00e1ln\u011bj\u0161\u00edch enkl\u00e1v\u00a0v\u00a0Americe &#8211; to v\u0161e ve\u00a0snaze &#8218;dostat&#8216; Donalda Trumpa,&#8220;\u00a0prohl\u00e1silguvern\u00e9r na\u00a0soci\u00e1ln\u00edch s\u00edt\u00edch.<\/li>\n<\/ul>\n<\/li>\n<\/ul>\n<p style=\"font-weight: 400;\"><span style=\"font-size: 18pt;\"><strong>6,<\/strong><\/span> A co trhy ? Jak reaguj\u00ed ?<\/p>\n<p style=\"font-weight: 400;\">Trhy zat\u00edm v\u00fdrazn\u011bji nereaguj\u00ed na v\u010derej\u0161\u00ed odsouzen\u00ed americk\u00e9ho exprezidenta Donalda Trumpa \u2013 historicky prvn\u00ed v trestn\u00edm procesu. To, \u017ee porota takov\u00fd p\u0159elomov\u00fd verdikt vy\u0159kne, investo\u0159i v\u00edcem\u00e9n\u011b \u010dekali, tak\u017ee u\u017e jej do cen akci\u00ed a dal\u0161\u00edch aktiv prom\u00edtli. Zneklidnilo by je a\u017e to, pokud by se vlivem verdiktu za\u010daly preference ve\u0159ejnosti od Trumpa z\u00e1sadn\u011bji odkl\u00e1n\u011bt ve prosp\u011bch jeho rivala v leto\u0161n\u00edm boji o B\u00edl\u00fd d\u016fm, st\u00e1vaj\u00edc\u00edho prezidenta Joea Bidena.<\/p>\n<p style=\"font-weight: 400;\"><span style=\"font-size: 18pt;\"><strong>7,<\/strong><\/span> Trumpova kampa\u0148 po vynesen\u00ed rozsudku zahajuje agita\u010dn\u00ed kampa\u0148 Kampa\u0148 v\u011b\u0159\u00ed, \u017ee Trumpovo odsouzen\u00ed v newyorsk\u00e9 kauze utajovan\u00fdch pen\u011bz pos\u00edl\u00ed jej\u00ed z\u00e1kladnu podpory. U\u017e prvn\u00ed hodiny jej\u00edho zapo\u010dat\u00ed to jasn\u011b ukazuje<\/p>\n<p style=\"font-weight: 400;\"><span style=\"font-size: 18pt;\"><strong>8,<\/strong><\/span> A co Biden? Tonouc\u00ed se st\u00e9bla chyt\u00e1 &#8222;Trump ohro\u017euje demokracii. Zpochybnil i soudnictv\u00ed,&#8220; \u0159ekl Biden. Zd\u00e1 se, \u017ee tato ze zoufalstv\u00ed bude hlavn\u00ed t\u00e9ma jeho kampan\u011b. No uvid\u00edme, zda mu to pom\u016f\u017ee<\/p>\n<p style=\"font-weight: 400;\">\u2026 A te\u010dka na z\u00e1v\u011br :<\/p>\n<p style=\"font-weight: 400;\">Ivanka Trump (dcera) : \u201e I Love you, dad\u2026<\/p>\n<p><a href=\"https:\/\/vasevec.info\/komentare\/trumpuv-soud-blamaz-bidenovych-lidi-ci-budouci-prohra-trumpa\">Ji\u0159\u00ed Vyvadil<\/a><\/p>\n<p><img decoding=\"async\" loading=\"lazy\" class=\"alignnone size-medium wp-image-16474\" src=\"http:\/\/www.infokuryr.cz\/n\/wp-content\/uploads\/2022\/10\/jiri-vyvadil-300x200.jpg\" alt=\"\" width=\"300\" height=\"200\" srcset=\"https:\/\/www.infokuryr.cz\/n\/wp-content\/uploads\/2022\/10\/jiri-vyvadil-300x200.jpg 300w, https:\/\/www.infokuryr.cz\/n\/wp-content\/uploads\/2022\/10\/jiri-vyvadil-768x512.jpg 768w, https:\/\/www.infokuryr.cz\/n\/wp-content\/uploads\/2022\/10\/jiri-vyvadil.jpg 800w\" sizes=\"(max-width: 300px) 100vw, 300px\" \/><\/p>\n<p>&nbsp;<\/p>\n","protected":false},"excerpt":{"rendered":"<p>Shrnout v jednom \u010dl\u00e1nku v\u0161echny reakce na v\u010derej\u0161\u00ed odsouzen\u00ed Donalda Trumpa za \u00fadajn\u00fd \u00faplatek za&#8230;<\/p>\n","protected":false},"author":2,"featured_media":47899,"comment_status":"closed","ping_status":"closed","sticky":false,"template":"","format":"standard","meta":[],"categories":[6],"tags":[1352,1503,520],"_links":{"self":[{"href":"https:\/\/www.infokuryr.cz\/n\/wp-json\/wp\/v2\/posts\/55089"}],"collection":[{"href":"https:\/\/www.infokuryr.cz\/n\/wp-json\/wp\/v2\/posts"}],"about":[{"href":"https:\/\/www.infokuryr.cz\/n\/wp-json\/wp\/v2\/types\/post"}],"author":[{"embeddable":true,"href":"https:\/\/www.infokuryr.cz\/n\/wp-json\/wp\/v2\/users\/2"}],"replies":[{"embeddable":true,"href":"https:\/\/www.infokuryr.cz\/n\/wp-json\/wp\/v2\/comments?post=55089"}],"version-history":[{"count":0,"href":"https:\/\/www.infokuryr.cz\/n\/wp-json\/wp\/v2\/posts\/55089\/revisions"}],"wp:featuredmedia":[{"embeddable":true,"href":"https:\/\/www.infokuryr.cz\/n\/wp-json\/wp\/v2\/media\/47899"}],"wp:attachment":[{"href":"https:\/\/www.infokuryr.cz\/n\/wp-json\/wp\/v2\/media?parent=55089"}],"wp:term":[{"taxonomy":"category","embeddable":true,"href":"https:\/\/www.infokuryr.cz\/n\/wp-json\/wp\/v2\/categories?post=55089"},{"taxonomy":"post_tag","embeddable":true,"href":"https:\/\/www.infokuryr.cz\/n\/wp-json\/wp\/v2\/tags?post=55089"}],"curies":[{"name":"wp","href":"https:\/\/api.w.org\/{rel}","templated":true}]}}