{"id":55088,"date":"2024-06-03T00:39:24","date_gmt":"2024-06-02T22:39:24","guid":{"rendered":"https:\/\/www.infokuryr.cz\/n\/?p=55088"},"modified":"2024-06-02T16:59:14","modified_gmt":"2024-06-02T14:59:14","slug":"premysl-votava-mistr-sveta-malem-bez-medaile","status":"publish","type":"post","link":"https:\/\/www.infokuryr.cz\/n\/2024\/06\/03\/premysl-votava-mistr-sveta-malem-bez-medaile\/","title":{"rendered":"P\u0159emysl Votava: Mistr sv\u011bta m\u00e1lem bez medaile"},"content":{"rendered":"<div id=\"fb-root\"><\/div>\n<p><strong>Mistrovstv\u00ed sv\u011bta v hokeji, to byla \u010desk\u00e1 poh\u00e1dka. Zlato po 14letech a je\u0161t\u011b p\u0159ed dom\u00e1c\u00edmi fanou\u0161ky. Ten v\u00fdbuch radosti po brance Davida Pastr\u0148\u00e1ka byl sly\u0161et pr\u00fd a\u017e za Plzn\u00ed a dal\u0161\u00ed branka Davida Kampfa v posledn\u00edch vte\u0159in\u00e1ch to byla dal\u0161\u00ed r\u00e1na do \u0161v\u00fdcarsk\u00e9 preciznosti&#8230;<\/strong><\/p>\n<p>P\u0159esto se chyba vloudila a po\u0159\u00e1dn\u00e1. P\u0159i t\u00e9 euforii zlat\u00fdch hokejov\u00fdch hrdin\u016f se zapomn\u011blo na jednoho z hrdin\u016f, nezbyla na n\u011bj medaile. Ka\u0148ka na \u0161ampion\u00e1tu !\u00a0 Bylo tomu, jak v tom slavn\u00e9m filmu s Vlastou Buri\u00e1nem, Anton \u0160pelec ostrost\u0159elec.\u00a0 Stalo se, \u017ee po odchodu posledn\u00edho div\u00e1ka u po\u0159adatel\u016f v baru nastalo zd\u011b\u0161en\u00ed, jeden z hrdin\u016f nedostal medaili.\u00a0 V\u0161ichni hled\u011bli do zem\u011b a p\u0159em\u00fd\u0161leli, jak z t\u00e9 bryndy ven.\u00a0 P\u0159itom ten skromn\u00fd hrdina st\u00e1l ka\u017ed\u00fd den mezi div\u00e1ky. Omluvou jim nen\u00ed, \u017ee nem\u011bl na sob\u011b \u010desk\u00fd dres, nem\u011bl p\u0159ilbu, ani brusle. Nebyl\u00a0 uveden na soupisce \u010desk\u00e9ho mu\u017estva. S nejv\u011bt\u0161\u00ed pravd\u011bpodobnost\u00ed nikdy nest\u00e1l na brusl\u00edch, nehr\u00e1l s kluky hokej na rybn\u00edku. Nebyl ani \u010dlenem \u017e\u00e1dn\u00e9ho tvrd\u00e9ho j\u00e1dra fanou\u0161k\u016f&#8230;<\/p>\n<p><a href=\"https:\/\/stranapro.cz\/\"><img decoding=\"async\" loading=\"lazy\" class=\"wp-image-53371 aligncenter\" src=\"http:\/\/www.infokuryr.cz\/n\/wp-content\/uploads\/2024\/05\/pro-6-volby-300x169.jpg\" alt=\"\" width=\"684\" height=\"385\" srcset=\"https:\/\/www.infokuryr.cz\/n\/wp-content\/uploads\/2024\/05\/pro-6-volby-300x169.jpg 300w, https:\/\/www.infokuryr.cz\/n\/wp-content\/uploads\/2024\/05\/pro-6-volby-768x431.jpg 768w, https:\/\/www.infokuryr.cz\/n\/wp-content\/uploads\/2024\/05\/pro-6-volby.jpg 785w\" sizes=\"(max-width: 684px) 100vw, 684px\" \/><\/a><\/p>\n<p>A\u010d z\u016fst\u00e1val v pozad\u00ed, p\u0159esto p\u0159ich\u00e1zel na v\u0161echny z\u00e1pasy na\u0161eho mu\u017estva a povzbuzoval hlasit\u011b \u010desk\u00fd team. Jeho radost p\u0159i v\u00edt\u011bzn\u00e9 brance Davida Pastr\u0148\u00e1ka byla neskr\u00fdvan\u00e1, tak\u00e9 jeho zvu\u010dn\u00fd hlas p\u0159i zp\u011bvu \u010desk\u00e9 hymny se ve vyprodan\u00e9 ar\u00e9n\u011b neztratil. Znal i druhou sloku hymny&#8230;\u00a0 Tento skromn\u00fd hrdina byl po\u0159adateli nepr\u00e1vem opomenut. Nikdo mu nestiskl ruku, nikdo mu nepod\u011bkoval. A zrovna v dob\u011b, kdy\u017e hokejov\u00ed hrdinov\u00e9 se zlatou medail\u00ed na krku a s poh\u00e1rem pro mistry sv\u011bta na led\u011b krou\u017eili p\u0159ed fanou\u0161ky a televizn\u00edmi kamerami v nejsledovan\u011bj\u0161\u00edm televizn\u00edm \u010dase, to kdy\u017e v\u00edt\u011bzstv\u00ed \u010desk\u00e9ho mu\u017estva sledovaly stamiliony div\u00e1k\u016f z cel\u00e9ho sv\u011bta.<\/p>\n<p>Teprve ve st\u0159edu v Kram\u00e1\u0159ov\u011b vile byla tato obrovsk\u00e1 chyba napravena. Za potlesku balkonu a s v\u00fdhledem na m\u00e1jovou Prahu vyt\u00e1hl p\u0159edseda z kapsy saka zlatou medaili zabalenou v kapesn\u00edku.\u00a0 Chyba byla napravena, v\u0161em se rozz\u00e1\u0159ili o\u010di \u00falevou.\u00a0 N\u00e1\u0161 zapomenut\u00fd hrdina tak kone\u010dn\u011b p\u0159evzal zlatou medaili, kapit\u00e1nsk\u00fd dres, hokejku, jen o to oslavn\u00e9 kole\u010dko na led\u011b s poh\u00e1rem byl p\u0159ipraven &#8230;\u00a0 Nad Prahou se nesla p\u00edse\u0148 n\u00e1m \u010cech\u016fm nejmilej\u0161\u00ed \u201eKde domov m\u016fj\u2026 \u201c.\u00a0\u00a0 A tak se stalo, \u017ee a\u010d jeho jm\u00e9no nebylo uvedeno na soupisce mu\u017estva, p\u0159esto se stal \u010dlenem v\u00edt\u011bzn\u00e9ho hokejov\u00e9ho mu\u017estva, vedle medaile p\u0159evzal od st\u00e1vaj\u00edc\u00edho kapit\u00e1na \u010cervenky i kapit\u00e1nsk\u00fd dres&#8230;<\/p>\n<p><a href=\"https:\/\/vasevec.info\/blogy\/mistr-sveta-malem-bez-medaile\">P\u0159emysl Votava<\/a><\/p>\n<p><img decoding=\"async\" loading=\"lazy\" class=\"alignnone size-medium wp-image-15746\" src=\"http:\/\/www.infokuryr.cz\/n\/wp-content\/uploads\/2022\/09\/votava-premysl-300x208.jpg\" alt=\"\" width=\"300\" height=\"208\" srcset=\"https:\/\/www.infokuryr.cz\/n\/wp-content\/uploads\/2022\/09\/votava-premysl-300x208.jpg 300w, https:\/\/www.infokuryr.cz\/n\/wp-content\/uploads\/2022\/09\/votava-premysl.jpg 318w\" sizes=\"(max-width: 300px) 100vw, 300px\" \/><\/p>\n<p>&nbsp;<\/p>\n","protected":false},"excerpt":{"rendered":"<p>Mistrovstv\u00ed sv\u011bta v hokeji, to byla \u010desk\u00e1 poh\u00e1dka. Zlato po 14letech a je\u0161t\u011b p\u0159ed dom\u00e1c\u00edmi&#8230;<\/p>\n","protected":false},"author":2,"featured_media":44254,"comment_status":"closed","ping_status":"closed","sticky":false,"template":"","format":"standard","meta":[],"categories":[6],"tags":[6599,1503,7396,7395],"_links":{"self":[{"href":"https:\/\/www.infokuryr.cz\/n\/wp-json\/wp\/v2\/posts\/55088"}],"collection":[{"href":"https:\/\/www.infokuryr.cz\/n\/wp-json\/wp\/v2\/posts"}],"about":[{"href":"https:\/\/www.infokuryr.cz\/n\/wp-json\/wp\/v2\/types\/post"}],"author":[{"embeddable":true,"href":"https:\/\/www.infokuryr.cz\/n\/wp-json\/wp\/v2\/users\/2"}],"replies":[{"embeddable":true,"href":"https:\/\/www.infokuryr.cz\/n\/wp-json\/wp\/v2\/comments?post=55088"}],"version-history":[{"count":0,"href":"https:\/\/www.infokuryr.cz\/n\/wp-json\/wp\/v2\/posts\/55088\/revisions"}],"wp:featuredmedia":[{"embeddable":true,"href":"https:\/\/www.infokuryr.cz\/n\/wp-json\/wp\/v2\/media\/44254"}],"wp:attachment":[{"href":"https:\/\/www.infokuryr.cz\/n\/wp-json\/wp\/v2\/media?parent=55088"}],"wp:term":[{"taxonomy":"category","embeddable":true,"href":"https:\/\/www.infokuryr.cz\/n\/wp-json\/wp\/v2\/categories?post=55088"},{"taxonomy":"post_tag","embeddable":true,"href":"https:\/\/www.infokuryr.cz\/n\/wp-json\/wp\/v2\/tags?post=55088"}],"curies":[{"name":"wp","href":"https:\/\/api.w.org\/{rel}","templated":true}]}}