{"id":55073,"date":"2024-06-03T00:46:21","date_gmt":"2024-06-02T22:46:21","guid":{"rendered":"https:\/\/www.infokuryr.cz\/n\/?p=55073"},"modified":"2024-06-02T16:25:56","modified_gmt":"2024-06-02T14:25:56","slug":"tisice-lidi-protestovaly-v-berline-proti-nemecke-pomoci-ukrajine","status":"publish","type":"post","link":"https:\/\/www.infokuryr.cz\/n\/2024\/06\/03\/tisice-lidi-protestovaly-v-berline-proti-nemecke-pomoci-ukrajine\/","title":{"rendered":"Tis\u00edce lid\u00ed protestovaly v Berl\u00edn\u011b proti n\u011bmeck\u00e9 pomoci Ukrajin\u011b"},"content":{"rendered":"<div id=\"fb-root\"><\/div>\n<p><span style=\"font-size: 18pt;\"><strong>Aktivist\u00e9 po\u017eaduj\u00ed, aby vl\u00e1da p\u0159estala dod\u00e1vat zbran\u011b do Kyjeva a \u201ep\u0159ij\u00edmala rozkazy z Washingtonu\u201c<\/strong><\/span><\/p>\n<p><span>V n\u011bmeck\u00e9m hlavn\u00edm m\u011bst\u011b Berl\u00edn\u011b v sobotu pochodovaly stovky demonstrant\u016f, kte\u0159\u00ed po\u017eadovali zastaven\u00ed vojensk\u00e9 pomoci Kyjevu a\u00a0\u00a0<\/span><em><span>\u201enebezpe\u010dn\u00e9\u201c<\/span><\/em><span>\u00a0\u00a0protirusk\u00e9 r\u00e9toriky. To p\u0159ich\u00e1z\u00ed v n\u00e1vaznosti na v\u00fdbu\u0161n\u00e1 prohl\u00e1\u0161en\u00ed n\u011bmeck\u00e9 vl\u00e1dy z po\u010d\u00e1tku tohoto t\u00fddne ohledn\u011b pou\u017e\u00edv\u00e1n\u00ed zbran\u00ed dodan\u00fdch Z\u00e1padem ze strany Ukrajiny k \u00fader\u016fm hluboko uvnit\u0159 Ruska.<\/span><\/p>\n<p><span>Z\u00e1b\u011bry z demonstrace zachycuj\u00ed demonstranty pochoduj\u00edc\u00ed z berl\u00ednsk\u00e9ho Alexanderplatz s vlajkami a transparenty s n\u00e1pisy:\u00a0\u00a0<\/span><em><span>\u201eZastavte v\u00e1lku a nen\u00e1vistn\u00e9 projevy proti Rusku\u201c,\u00a0<\/span><\/em>\u00a0<em><span>\u201eStop rusofobii v politice a m\u00e9di\u00edch\u201c<\/span><\/em><span>\u00a0\u00a0a\u00a0\u00a0<\/span><em><span>\u201eNATO je agresorem, nikoli Rusko\u201c.<\/span><\/em><span>\u00a0\u00a0Aktivist\u00e9 obvinili n\u011bmeckou vl\u00e1du z p\u0159ij\u00edm\u00e1n\u00ed politick\u00fdch rozhodnut\u00ed\u00a0\u00a0<\/span><em><span>\u201ena p\u0159\u00edkaz Washingtonu\u201c<\/span><\/em><span>\u00a0\u00a0a varovali p\u0159ed d\u016fsledky p\u0159\u00edm\u00e9ho konfliktu s Moskvou.<\/span><\/p>\n<p><em><span>\u201eN\u011bmeck\u00e1 vl\u00e1da nen\u00ed suver\u00e9nn\u00ed&#8230; Kdy\u017e vid\u00edte, jak n\u011bmeck\u00e1 vl\u00e1da zni\u010dila svou ekonomiku t\u00edm, \u017ee souhlasila s Washingtonem&#8230; pak vid\u00edte, \u017ee N\u011bmecko nem\u00e1 situaci pod kontrolou,\u201c<\/span><\/em><span>\u00a0\u00a0\u0159ekl agentu\u0159e Ruptly video aktivista, kter\u00fd se p\u0159edstavil jako George. Dodal, \u017ee rozhodnut\u00ed vl\u00e1dy d\u00e1t Kyjevu\u00a0\u00a0<\/span><em><span>\u201ezbran\u011b, kter\u00e9 mohou zas\u00e1hnout Rusko\u201c<\/span><\/em><span>\u00a0, \u00a0\u010din\u00ed z N\u011bmecka\u00a0\u00a0<\/span><em><span>\u201epartnera v t\u00e9to v\u00e1lce\u201c,<\/span><\/em><span>\u00a0\u00a0\u010d\u00edm\u017e vytv\u00e1\u0159\u00ed situaci, kter\u00e1 je\u00a0\u00a0<\/span><em><span>\u201evelmi nebezpe\u010dn\u00e1 pro N\u011bmecko, pro N\u011bmce a zbytek sv\u011bta\u201c.<\/span><\/em><\/p>\n<div style=\"width: 640px;\" class=\"wp-video\"><!--[if lt IE 9]><script>document.createElement('video');<\/script><![endif]-->\n<video class=\"wp-video-shortcode\" id=\"video-55073-1\" width=\"640\" height=\"360\" preload=\"metadata\" controls=\"controls\"><source type=\"video\/mp4\" src=\"http:\/\/www.infokuryr.cz\/n\/wp-content\/uploads\/2024\/06\/berlin.mp4?_=1\" \/><a href=\"http:\/\/www.infokuryr.cz\/n\/wp-content\/uploads\/2024\/06\/berlin.mp4\">http:\/\/www.infokuryr.cz\/n\/wp-content\/uploads\/2024\/06\/berlin.mp4<\/a><\/video><\/div>\n<p>&nbsp;<\/p>\n<p><span>Jin\u00fd aktivista vyzval Berl\u00edn, aby\u00a0\u00a0<\/span><em><span>\u201eud\u011blal v\u0161e, co je v jeho sil\u00e1ch, aby zajistil, \u017ee \u017e\u00e1dn\u00e1 v\u00e1le\u010dn\u00e1 ekonomika nebude nutn\u00e1 a \u017e\u00e1dn\u00e1 pozemn\u00ed v\u00e1lka nep\u0159ijde\u201c.<\/span><\/em><\/p>\n<p><span>NATO a jeho z\u00e1padn\u00ed spojenci poskytli Ukrajin\u011b zbran\u011b a vybaven\u00ed, ale zachovali omezen\u00ed jejich pou\u017eit\u00ed. Kyjev v\u0161ak v posledn\u00ed dob\u011b zes\u00edlil v\u00fdzvy k uvoln\u011bn\u00ed omezen\u00ed, zejm\u00e9na t\u011bch, kter\u00e1 omezuj\u00ed jeho schopnost zas\u00e1hnout c\u00edle v Rusku. Pro tento krok se vyslovilo n\u011bkolik st\u00e1t\u016f NATO, v\u010detn\u011b N\u011bmecka.<\/span><\/p>\n<p><span>Za\u010d\u00e1tkem tohoto t\u00fddne mluv\u010d\u00ed n\u011bmeck\u00e9 vl\u00e1dy Steffen Hebestreit \u0159ekl, \u017ee Berl\u00edn v\u011b\u0159\u00ed, \u017ee \u201eobrann\u00e1 akce Kyjeva\u00a0<\/span><em><span>nen\u00ed omezena na jeho vlastn\u00ed \u00fazem\u00ed, ale m\u016f\u017ee b\u00fdt roz\u0161\u00ed\u0159ena i na \u00fazem\u00ed agresora\u201c.<\/span><\/em><span>\u00a0V p\u00e1tek dal\u00a0<\/span><a href=\"https:\/\/swentr.site\/news\/598586-germany-follows-us-ukraine-strikes\/\"><span>sign\u00e1l<\/span><\/a><span>\u00a0, \u017ee Kyjev m\u016f\u017ee pou\u017e\u00edt zbran\u011b dodan\u00e9 Z\u00e1padem k \u00fatok\u016fm na rusk\u00e9 pohrani\u010dn\u00ed regiony, ze kter\u00fdch se \u00fato\u010d\u00ed na pozice ukrajinsk\u00e9 arm\u00e1dy v Charkovsk\u00e9 oblasti.<\/span><\/p>\n<p><span>Moskva varovala, \u017ee z\u00e1padn\u00ed dod\u00e1vky zbran\u00ed Kyjevu jen prodlou\u017e\u00ed konflikt. Mluv\u010d\u00ed Kremlu Dmitrij Peskov v koment\u00e1\u0159i k rozhovor\u016fm v r\u00e1mci NATO o tom, jak Ukrajina pou\u017e\u00edv\u00e1 zbran\u011b dodan\u00e9 Z\u00e1padem k \u00faderu hluboko uvnit\u0159 Ruska, obvinil blok z vyprovokov\u00e1n\u00ed nov\u00e9ho\u00a0<\/span><em><span>\u201ekola nap\u011bt\u00ed\u201c.<\/span><\/em><\/p>\n<p><em><span>\u201eD\u011blaj\u00ed to z\u00e1m\u011brn\u011b, sly\u0161\u00edme spoustu jest\u0159\u00e1b\u00edch prohl\u00e1\u0161en\u00ed&#8230; V\u0161emo\u017en\u00fdmi zp\u016fsoby provokuj\u00ed Ukrajinu, aby pokra\u010dovala v t\u00e9to nesmysln\u00e9 v\u00e1lce. Oni sami hodlaj\u00ed s n\u00e1mi pokra\u010dovat ve v\u00e1lce, ve v\u00e1lce v doslovn\u00e9m i p\u0159enesen\u00e9m smyslu,\u201c<\/span><\/em><span>\u00a0\u0159ekl ve \u010dtvrtek novin\u00e1\u0159\u016fm.<\/span><\/p>\n<p><img decoding=\"async\" loading=\"lazy\" class=\"alignnone size-full wp-image-1185\" src=\"http:\/\/www.infokuryr.cz\/n\/wp-content\/uploads\/2021\/04\/kuryr-podpis.png\" alt=\"\" width=\"84\" height=\"24\" \/><\/p>\n<p>&nbsp;<\/p>\n","protected":false},"excerpt":{"rendered":"<p>Aktivist\u00e9 po\u017eaduj\u00ed, aby vl\u00e1da p\u0159estala dod\u00e1vat zbran\u011b do Kyjeva a \u201ep\u0159ij\u00edmala rozkazy z Washingtonu\u201c V&#8230;<\/p>\n","protected":false},"author":2,"featured_media":55075,"comment_status":"closed","ping_status":"closed","sticky":false,"template":"","format":"standard","meta":[],"categories":[7],"tags":[233,429,815,26,73],"_links":{"self":[{"href":"https:\/\/www.infokuryr.cz\/n\/wp-json\/wp\/v2\/posts\/55073"}],"collection":[{"href":"https:\/\/www.infokuryr.cz\/n\/wp-json\/wp\/v2\/posts"}],"about":[{"href":"https:\/\/www.infokuryr.cz\/n\/wp-json\/wp\/v2\/types\/post"}],"author":[{"embeddable":true,"href":"https:\/\/www.infokuryr.cz\/n\/wp-json\/wp\/v2\/users\/2"}],"replies":[{"embeddable":true,"href":"https:\/\/www.infokuryr.cz\/n\/wp-json\/wp\/v2\/comments?post=55073"}],"version-history":[{"count":1,"href":"https:\/\/www.infokuryr.cz\/n\/wp-json\/wp\/v2\/posts\/55073\/revisions"}],"predecessor-version":[{"id":55076,"href":"https:\/\/www.infokuryr.cz\/n\/wp-json\/wp\/v2\/posts\/55073\/revisions\/55076"}],"wp:featuredmedia":[{"embeddable":true,"href":"https:\/\/www.infokuryr.cz\/n\/wp-json\/wp\/v2\/media\/55075"}],"wp:attachment":[{"href":"https:\/\/www.infokuryr.cz\/n\/wp-json\/wp\/v2\/media?parent=55073"}],"wp:term":[{"taxonomy":"category","embeddable":true,"href":"https:\/\/www.infokuryr.cz\/n\/wp-json\/wp\/v2\/categories?post=55073"},{"taxonomy":"post_tag","embeddable":true,"href":"https:\/\/www.infokuryr.cz\/n\/wp-json\/wp\/v2\/tags?post=55073"}],"curies":[{"name":"wp","href":"https:\/\/api.w.org\/{rel}","templated":true}]}}