{"id":55070,"date":"2024-06-03T00:45:37","date_gmt":"2024-06-02T22:45:37","guid":{"rendered":"https:\/\/www.infokuryr.cz\/n\/?p=55070"},"modified":"2024-06-02T16:21:34","modified_gmt":"2024-06-02T14:21:34","slug":"pres-dve-desitky-zranenych-jeden-mrtvy-pri-strelbe-v-ohiu","status":"publish","type":"post","link":"https:\/\/www.infokuryr.cz\/n\/2024\/06\/03\/pres-dve-desitky-zranenych-jeden-mrtvy-pri-strelbe-v-ohiu\/","title":{"rendered":"P\u0159es dv\u011b des\u00edtky zran\u011bn\u00fdch, jeden mrtv\u00fd p\u0159i st\u0159elb\u011b v Ohiu"},"content":{"rendered":"<div id=\"fb-root\"><\/div>\n<p><span style=\"font-size: 18pt;\"><strong>27let\u00fd mu\u017e byl zabit a v\u00edce ne\u017e 20 dal\u0161\u00edch zran\u011bno p\u0159i no\u010dn\u00ed st\u0159elb\u011b v americk\u00e9m m\u011bst\u011b Akron, informuj\u00ed m\u00edstn\u00ed m\u00e9dia<\/strong><\/span><\/p>\n<div class=\"article__text text \">\n<p>K hromadn\u00e9 st\u0159elb\u011b do\u0161lo v ned\u011bli brzy r\u00e1no v Akronu v americk\u00e9m st\u00e1t\u011b Ohio, uvedlo n\u011bkolik tiskov\u00fdch agentur s odvol\u00e1n\u00edm na m\u00edstn\u00ed policii. Incident si \u00fadajn\u011b vy\u017e\u00e1dal 27let\u00e9ho mrtv\u00e9ho a nejm\u00e9n\u011b 26 dal\u0161\u00edch zran\u011bn\u00fdch.<\/p>\n<p>Ke st\u0159elb\u011b pr\u00fd do\u0161lo t\u011bsn\u011b po p\u016flnoci. M\u00edstn\u00ed \u00fa\u0159ady obdr\u017eely n\u011bkolik hovor\u016f na t\u00eds\u0148ovou linku 911, ve kter\u00fdch bylo hl\u00e1\u0161eno, \u017ee v oblasti bylo zast\u0159eleno mnoho lid\u00ed, p\u0159i\u010dem\u017e ob\u011bti za\u010daly brzy pot\u00e9 \u017e\u00e1dat o pomoc v okoln\u00edch nemocnic\u00edch.<\/p>\n<p>Po p\u0159\u00edjezdu na m\u00edsto policist\u00e9 \u00fadajn\u011b na\u0161li des\u00edtky n\u00e1bojnic a jednu zbra\u0148. Fotografie \u00fadajn\u00e9ho m\u00edsta \u010dinu zve\u0159ejn\u011bn\u00e9 online ukazovaly policii pracuj\u00edc\u00ed v oblasti s \u010detn\u00fdmi d\u016fkazn\u00edmi zna\u010dkami na zemi.<\/p>\n<div class=\"rtcode\">\n<div class=\"twitter-tweet twitter-tweet-rendered\"><iframe id=\"twitter-widget-0\" class=\"\" title=\"P\u0159\u00edsp\u011bvek X\" src=\"https:\/\/platform.twitter.com\/embed\/Tweet.html?creatorScreenName=RT_com&amp;dnt=false&amp;embedId=twitter-widget-0&amp;features=eyJ0ZndfdGltZWxpbmVfbGlzdCI6eyJidWNrZXQiOltdLCJ2ZXJzaW9uIjpudWxsfSwidGZ3X2ZvbGxvd2VyX2NvdW50X3N1bnNldCI6eyJidWNrZXQiOnRydWUsInZlcnNpb24iOm51bGx9LCJ0ZndfdHdlZXRfZWRpdF9iYWNrZW5kIjp7ImJ1Y2tldCI6Im9uIiwidmVyc2lvbiI6bnVsbH0sInRmd19yZWZzcmNfc2Vzc2lvbiI6eyJidWNrZXQiOiJvbiIsInZlcnNpb24iOm51bGx9LCJ0ZndfZm9zbnJfc29mdF9pbnRlcnZlbnRpb25zX2VuYWJsZWQiOnsiYnVja2V0Ijoib24iLCJ2ZXJzaW9uIjpudWxsfSwidGZ3X21peGVkX21lZGlhXzE1ODk3Ijp7ImJ1Y2tldCI6InRyZWF0bWVudCIsInZlcnNpb24iOm51bGx9LCJ0ZndfZXhwZXJpbWVudHNfY29va2llX2V4cGlyYXRpb24iOnsiYnVja2V0IjoxMjA5NjAwLCJ2ZXJzaW9uIjpudWxsfSwidGZ3X3Nob3dfYmlyZHdhdGNoX3Bpdm90c19lbmFibGVkIjp7ImJ1Y2tldCI6Im9uIiwidmVyc2lvbiI6bnVsbH0sInRmd19kdXBsaWNhdGVfc2NyaWJlc190b19zZXR0aW5ncyI6eyJidWNrZXQiOiJvbiIsInZlcnNpb24iOm51bGx9LCJ0ZndfdXNlX3Byb2ZpbGVfaW1hZ2Vfc2hhcGVfZW5hYmxlZCI6eyJidWNrZXQiOiJvbiIsInZlcnNpb24iOm51bGx9LCJ0ZndfdmlkZW9faGxzX2R5bmFtaWNfbWFuaWZlc3RzXzE1MDgyIjp7ImJ1Y2tldCI6InRydWVfYml0cmF0ZSIsInZlcnNpb24iOm51bGx9LCJ0ZndfbGVnYWN5X3RpbWVsaW5lX3N1bnNldCI6eyJidWNrZXQiOnRydWUsInZlcnNpb24iOm51bGx9LCJ0ZndfdHdlZXRfZWRpdF9mcm9udGVuZCI6eyJidWNrZXQiOiJvbiIsInZlcnNpb24iOm51bGx9fQ%3D%3D&amp;frame=false&amp;hideCard=false&amp;hideThread=false&amp;id=1797167205710287066&amp;lang=cs&amp;maxWidth=560px&amp;origin=https%3A%2F%2Fswentr.site%2Fnews%2F598660-two-dozen-injured-one-killed-shooting%2F&amp;sessionId=ad5d3f890b1da65ac9115b5b1722e7dbb77f3cfd&amp;siteScreenName=RT_com&amp;theme=light&amp;widgetsVersion=2615f7e52b7e0%3A1702314776716&amp;width=550px\" frameborder=\"0\" scrolling=\"no\" allowfullscreen=\"allowfullscreen\" data-tweet-id=\"1797167205710287066\" data-mce-fragment=\"1\"><\/iframe><\/div>\n<\/div>\n<p>Podle zpr\u00e1v zat\u00edm nebyli vzati do vazby \u017e\u00e1dn\u00ed podez\u0159el\u00ed. P\u0159ed st\u0159elbou se v oblasti \u00fadajn\u011b konala pouli\u010dn\u00ed party.<\/p>\n<p>Policie pr\u00fd zah\u00e1jila vy\u0161et\u0159ov\u00e1n\u00ed incidentu a v sou\u010dasn\u00e9 dob\u011b p\u00e1tr\u00e1 po podez\u0159el\u00e9m st\u0159elci.<\/p>\n<div id=\"mediaplayer-container665c593120302774f301bc23\" class=\"mediaplayer js-mediaplayer-container\">\n<div id=\"js-mediaplayer-665c593120302774f301bc23\" class=\"jwplayer jw-reset jw-state-idle jw-skin-five jw-stretch-uniform jw-flag-aspect-mode jw-breakpoint-6 jw-flag-user-inactive\" tabindex=\"0\"><\/div>\n<\/div>\n<\/div>\n<div class=\"article__share article__share_bottom\">\n<div class=\"article__invitation\">\n<div style=\"width: 640px;\" class=\"wp-video\"><!--[if lt IE 9]><script>document.createElement('video');<\/script><![endif]-->\n<video class=\"wp-video-shortcode\" id=\"video-55070-1\" width=\"640\" height=\"360\" preload=\"metadata\" controls=\"controls\"><source type=\"video\/mp4\" src=\"http:\/\/www.infokuryr.cz\/n\/wp-content\/uploads\/2024\/06\/665c593120302774f301bc23.mp4?_=1\" \/><a href=\"http:\/\/www.infokuryr.cz\/n\/wp-content\/uploads\/2024\/06\/665c593120302774f301bc23.mp4\">http:\/\/www.infokuryr.cz\/n\/wp-content\/uploads\/2024\/06\/665c593120302774f301bc23.mp4<\/a><\/video><\/div>\n<p><img decoding=\"async\" loading=\"lazy\" class=\"alignnone size-full wp-image-1185\" src=\"http:\/\/www.infokuryr.cz\/n\/wp-content\/uploads\/2021\/04\/kuryr-podpis.png\" alt=\"\" width=\"84\" height=\"24\" \/><\/p>\n<\/div>\n<\/div>\n","protected":false},"excerpt":{"rendered":"<p>27let\u00fd mu\u017e byl zabit a v\u00edce ne\u017e 20 dal\u0161\u00edch zran\u011bno p\u0159i no\u010dn\u00ed st\u0159elb\u011b v americk\u00e9m&#8230;<\/p>\n","protected":false},"author":2,"featured_media":55072,"comment_status":"closed","ping_status":"closed","sticky":false,"template":"","format":"standard","meta":[],"categories":[7],"tags":[871,320,37],"_links":{"self":[{"href":"https:\/\/www.infokuryr.cz\/n\/wp-json\/wp\/v2\/posts\/55070"}],"collection":[{"href":"https:\/\/www.infokuryr.cz\/n\/wp-json\/wp\/v2\/posts"}],"about":[{"href":"https:\/\/www.infokuryr.cz\/n\/wp-json\/wp\/v2\/types\/post"}],"author":[{"embeddable":true,"href":"https:\/\/www.infokuryr.cz\/n\/wp-json\/wp\/v2\/users\/2"}],"replies":[{"embeddable":true,"href":"https:\/\/www.infokuryr.cz\/n\/wp-json\/wp\/v2\/comments?post=55070"}],"version-history":[{"count":0,"href":"https:\/\/www.infokuryr.cz\/n\/wp-json\/wp\/v2\/posts\/55070\/revisions"}],"wp:featuredmedia":[{"embeddable":true,"href":"https:\/\/www.infokuryr.cz\/n\/wp-json\/wp\/v2\/media\/55072"}],"wp:attachment":[{"href":"https:\/\/www.infokuryr.cz\/n\/wp-json\/wp\/v2\/media?parent=55070"}],"wp:term":[{"taxonomy":"category","embeddable":true,"href":"https:\/\/www.infokuryr.cz\/n\/wp-json\/wp\/v2\/categories?post=55070"},{"taxonomy":"post_tag","embeddable":true,"href":"https:\/\/www.infokuryr.cz\/n\/wp-json\/wp\/v2\/tags?post=55070"}],"curies":[{"name":"wp","href":"https:\/\/api.w.org\/{rel}","templated":true}]}}