{"id":5507,"date":"2021-10-20T19:01:53","date_gmt":"2021-10-20T17:01:53","guid":{"rendered":"http:\/\/www.infokuryr.cz\/n\/?p=5507"},"modified":"2021-10-20T19:03:22","modified_gmt":"2021-10-20T17:03:22","slug":"eu-vcera-unikly-tajne-materialy-zuriva-hadka-v-bruselu-ozebraceni-duchodcu-navrat-kalouska","status":"publish","type":"post","link":"https:\/\/www.infokuryr.cz\/n\/2021\/10\/20\/eu-vcera-unikly-tajne-materialy-zuriva-hadka-v-bruselu-ozebraceni-duchodcu-navrat-kalouska\/","title":{"rendered":"EU: V\u010dera unikly tajn\u00e9 materi\u00e1ly! Zu\u0159iv\u00e1 h\u00e1dka v Bruselu! O\u017eebra\u010den\u00ed d\u016fchodc\u016f! N\u00e1vrat Kalouska!"},"content":{"rendered":"<div id=\"fb-root\"><\/div>\n<p><strong>V Bruselu se v\u010dera\u00a0<a class=\"urlextern\" title=\"https:\/\/www.politico.eu\/article\/fearing-austerity-brussels-opts-to-bend-its-debt-rules-again-budget\/\" href=\"https:\/\/www.politico.eu\/article\/fearing-austerity-brussels-opts-to-bend-its-debt-rules-again-budget\/\" rel=\"nofollow\">provalily tajn\u00e9 materi\u00e1ly EU!<\/a>\u00a0Podle nich bude EU po\u017eadovat ka\u017ed\u00fd rok po \u010cesku 250 miliard K\u010c dodate\u010dn\u00fdch dan\u00ed, (spl\u00e1tek, poplatk\u016f, dotac\u00ed) na sv\u00e9 pl\u00e1ny zn\u00e1m\u00e9 jako Green Deal! Kalouskovy up\u00edrsk\u00e9 dan\u011b, zru\u0161en\u00e9 v prosinci 2020, se tak budou muset znovu zav\u00e9st a 6kr\u00e1t nav\u00fd\u0161it, aby se Bruselsk\u00e9 po\u017eadavky splnily! Obdobn\u00fdmi dan\u011bmi maj\u00ed b\u00fdt vy\u017ed\u00edm\u00e1ny i v\u0161echny dal\u0161\u00ed Evropsk\u00e9 zem\u011b! Celkem se provalilo, \u017ee EU pot\u0159ebuje ka\u017ed\u00fd rok dal\u0161\u00edch 520 miliard EUR! Britsk\u00fd ministr financ\u00ed p\u0159itom\u00a0<a class=\"urlextern\" title=\"https:\/\/www.dailymail.co.uk\/news\/article-10107477\/Boris-unveils-plan-Green-Britain-cost.html\" href=\"https:\/\/www.dailymail.co.uk\/news\/article-10107477\/Boris-unveils-plan-Green-Britain-cost.html\" rel=\"nofollow\">v\u010dera varoval<\/a>, \u017ee Brit\u00e1nie zkrachuje, pokud si p\u016fj\u010d\u00ed 1 bilion Liber, na sv\u016fj pl\u00e1n Green Deal, jak pot\u0159ebuje! P\u0159epo\u010dtem na obyvatele a HDP snadno zjist\u00edte, \u017ee Brit\u00e1nie, kdy\u017e si p\u016fj\u010d\u00ed pouze 30% hodnoty nov\u00e9ho po\u017eadavku EU, tak zkrachuje! Brusel tedy zkrachuje trojn\u00e1sobn\u011b!<\/strong><\/p>\n<p><a class=\"media\" title=\"2510210121014.jpg\" href=\"http:\/\/michalapetr.cz\/lib\/exe\/detail.php?id=start&amp;media=2510210121014.jpg\"><img decoding=\"async\" class=\"mediacenter\" src=\"http:\/\/michalapetr.cz\/lib\/exe\/fetch.php?w=400&amp;tok=401277&amp;media=2510210121014.jpg\" alt=\"\" width=\"400\" \/><\/a><\/p>\n<p><em>(Foto: Miroslav Kalousek se po volb\u00e1ch raduje! Budou se zvedat dan\u011b, zav\u00e1d\u011bt poplatky a privatizovat!)<\/em><\/p>\n<p><a class=\"urlextern\" title=\"https:\/\/www.politico.eu\/article\/poland-european-union-rule-of-law-constitution\/\" href=\"https:\/\/www.politico.eu\/article\/poland-european-union-rule-of-law-constitution\/\" rel=\"nofollow\">V EU bylo v\u010dera veselo.<\/a>\u00a0Polsk\u00fd premi\u00e9r Morawiecki za\u017eil skoro to sam\u00e9, co \u010desk\u00fd poslanec Fl\u00e1kanec. Cht\u011bl hovo\u0159it, ale p\u0159edsedaj\u00edc\u00ed parlamentu EU jej za\u010dal ok\u0159ikovat, \u017ee moc mluv\u00ed! Polsk\u00fd premi\u00e9r, jako vl\u00e1dce suver\u00e9nn\u00edho st\u00e1tu EU, tak za\u017eil novou Bruselskou aristokracii &#8211; a jej\u00ed nov\u00e9 po\u017eadavky &#8211; dr\u017eet hubu a krok! V podobn\u00e9 situaci na v\u00e1noce 2020\u00a0<a class=\"urlextern\" title=\"https:\/\/www.youtube.com\/watch?v=4p2Ch2RTTNw&amp;t=2s\" href=\"https:\/\/www.youtube.com\/watch?v=4p2Ch2RTTNw&amp;t=2s\" rel=\"nofollow\">podpo\u0159il Pol\u00e1ky Milo\u0161 Zeman<\/a>\u00a0&#8211; te\u010f nem\u00e1 kdo. Podle Ruska prob\u00edh\u00e1 v \u010cesku st\u00e1tn\u00ed p\u0159evrat, podle Fialov\u00e9 koaly o\u010dista od rusk\u00fdch sabot\u00e9r\u016f! Typick\u00fd rusk\u00fd sabot\u00e9r se tak podle Fialov\u00e9 koaly vyzna\u010duje t\u00edm, \u017ee se proti Bruselu zast\u00e1v\u00e1 nejv\u011bt\u0161\u00edch nep\u0159\u00e1tel Putina v EU &#8211; Pol\u00e1k\u016f.<\/p>\n<p><strong>Suma 250 miliard K\u010c, kterou nov\u011b ro\u010dn\u011b po\u017eaduje Brusel po \u010cesku, je da\u0148ov\u011b nezaplatiteln\u00e1. Ve st\u00e1tn\u00ed kase zeje\u00a0<a class=\"urlextern\" title=\"https:\/\/www.irozhlas.cz\/zpravy-domov\/fiala-veri-jeho-vlada-dokaze-usetrit-100-miliard_2110171425_voj\" href=\"https:\/\/www.irozhlas.cz\/zpravy-domov\/fiala-veri-jeho-vlada-dokaze-usetrit-100-miliard_2110171425_voj\" rel=\"nofollow\">pro p\u0159\u00ed\u0161t\u00ed rok d\u00edra 370 miliard korun\u00a0<\/a>! K tomu si p\u0159ipo\u010dt\u011bte dal\u0161\u00edch 250 miliard pro Brusel a zd\u011bs\u00edte se! Kalouskovi up\u00ed\u0159\u00ed dan\u011b\u00a0<a class=\"urlextern\" title=\"https:\/\/unrr.cz\/nova-studie-unrr-vycisluje-dopady-zruseni-superhrube-mzdy-pri-sazbach-15-a-23-krome-vypadku-prijmu-by-doslo-i-ke-snizeni-progresivity-a-narustu-nerovnosti\/\" href=\"https:\/\/unrr.cz\/nova-studie-unrr-vycisluje-dopady-zruseni-superhrube-mzdy-pri-sazbach-15-a-23-krome-vypadku-prijmu-by-doslo-i-ke-snizeni-progresivity-a-narustu-nerovnosti\/\" rel=\"nofollow\">vyn\u00e1\u0161ely jenom 88 miliard korun ro\u010dn\u011b\u00a0<\/a>, a to je\u0161t\u011b nebyly v\u00fdhradn\u00edm p\u0159\u00edjmem st\u00e1tu, ale i obc\u00ed!<\/strong>\u00a0(Legra\u010dn\u011b &#8211; Babi\u0161ovo zru\u0161en\u00ed Kalouskova zdan\u011bn\u00ed superhrub\u00e9 mzdy zv\u00fd\u0161ilo p\u0159\u00edjmy tak\u0159ka v\u00fdhradn\u011b t\u00e9 skupin\u011b voli\u010d\u016f, kter\u00e1 volila PirSt\u00e1n a Spolu! Kdyby Babi\u0161 nebyl z Aspen klubu, \u010dlov\u011bk by mu i v\u011b\u0159il, \u017ee to myslel \u201eup\u0159\u00edmn\u011b\u201c!)<\/p>\n<p>Nov\u00e1 vl\u00e1da, si tak bude muset p\u016fj\u010dit u bank 500-600 miliard ro\u010dn\u011b, co\u017e za t\u0159i roky dovede \u010cesko k bankrotu! Nebo mus\u00ed tisknout nekryt\u00e9 pen\u00edze a rozpoutat dvojcifernou inflaci! T\u00edm by ov\u0161em zkrachovalo 70% pl\u00e1tc\u016f hypot\u00e9k! Nebo m\u016f\u017ee o\u017eebra\u010dit d\u016fchodce &#8211; ti\u00a0<a class=\"urlextern\" title=\"https:\/\/ct24.ceskatelevize.cz\/ekonomika\/3237054-na-duchodech-stat-vyplati-pristi-rok-opet-rekordni-sumu-oecd-system-kritizuje\" href=\"https:\/\/ct24.ceskatelevize.cz\/ekonomika\/3237054-na-duchodech-stat-vyplati-pristi-rok-opet-rekordni-sumu-oecd-system-kritizuje\" rel=\"nofollow\">dost\u00e1vaj\u00ed celkem 547 miliard K\u010c ro\u010dn\u011b\u00a0<\/a>, a nebo m\u016f\u017ee rozprodat v\u0161echen zbyl\u00fd st\u00e1tn\u00ed majetek a zlikvidovat 20% zdravotn\u00ed kapacity \u010ceska!<\/p>\n<p>T\u0159eba Leti\u0161t\u011b V\u00e1clava Havla by m\u011blo kupce!\u00a0<a class=\"urlextern\" title=\"https:\/\/rmx.news\/hungary\/pm-orban-confirms-hungary-will-renationalize-budapest-airport\/\" href=\"https:\/\/rmx.news\/hungary\/pm-orban-confirms-hungary-will-renationalize-budapest-airport\/\" rel=\"nofollow\">Orb\u00e1n vykupuje za 110 miliard korun od majitel\u016f Budape\u0161\u0165sk\u00e9 leti\u0161t\u011b<\/a>. Ti ho od p\u0159edchoz\u00ed\u00a0<a class=\"urlextern\" title=\"https:\/\/www.origo.hu\/gazdasag\/20110610-ferihegyi-repuloter-a-hochtief-veszi-meg-a-budapest-airport-allami.html\" href=\"https:\/\/www.origo.hu\/gazdasag\/20110610-ferihegyi-repuloter-a-hochtief-veszi-meg-a-budapest-airport-allami.html\" rel=\"nofollow\">S\u00f6ros vl\u00e1dy dostaly za hubi\u010dku 30 miliard korun\u00a0<\/a>a l\u00e9ta ho jenom \u017ed\u00edmali.(Jako Francouzi \u010desk\u00e9 vodovody a kanalizace.) Udr\u017eovan\u00e9 pra\u017esk\u00e9 leti\u0161t\u011b m\u00e1 ur\u010dit\u011b v\u011bt\u0161\u00ed hodnotu ne\u017e vytunelovan\u00e9 Budape\u0161\u0165sk\u00e9 leti\u0161t\u011b a na za Fialovou koalou vykukuje z pozad\u00ed zase S\u00f6ros! Taky se daj\u00ed prodat lesy, pole, nemocnice i \u0161koly! Fialov\u00e1 koala m\u016f\u017ee dokon\u010dit, co p\u0159edchoz\u00ed generace ODS (Klausova a Kmotr\u016f) nestihly dokon\u010dit a Brusel i Berl\u00edn budou spokojeni. \u010cech\u016fm u\u017e nebude pat\u0159it nic! I na pl\u00e1n Pir\u00e1t\u016f zdanit byty dojde, vsa\u010fte se!<\/p>\n<p><strong>Tedy pokud se v \u010cesku nenajde nov\u00fd Cato Censorius a neprosad\u00ed ok\u0159\u00eddlen\u00e9 r\u010den\u00ed Ceterum censeo Brusel esse delendam &#8211; Ostatn\u011b soud\u00edm, \u017ee Brusel mus\u00ed b\u00fdt zni\u010den!<\/strong><\/p>\n<p>O tom, \u017ee Brusel \u00famysln\u011b lhal p\u0159edsed\u016fm vl\u00e1d zem\u00ed EU o n\u00e1kladech Green Deal, aby vyl\u00e1kal jejich souhlas s p\u016fj\u010dkou 750 miliard EUR, sv\u011bd\u010d\u00ed ostatn\u011b n\u00e1\u0161 po\u0159ad\u00a0<a class=\"urlextern\" title=\"https:\/\/www.youtube.com\/watch?v=xXbtdWLHpJg\" href=\"https:\/\/www.youtube.com\/watch?v=xXbtdWLHpJg\" rel=\"nofollow\">MAP 873<\/a>\u00a0&#8211; v n\u011bm jsme ozn\u00e1mili, \u017ee EU tvrdila na jedn\u00e1n\u00ed, \u017ee n\u00e1klady Green Deal budou jenom 350 miliard ro\u010dn\u011b! Te\u010f po roce EU po\u017eaduje dal\u0161\u00edch 520 miliard ro\u010dn\u011b!<\/p>\n<p>Nav\u00edc je nad slunce jasn\u011bj\u0161\u00ed, \u017ee jenom naprost\u00fd diletant (Babi\u0161, Fialov\u00e1 koala, KS\u010cM i \u010cSSD a PirSt\u00e1n) m\u016f\u017ee zav\u00e1zat \u010cesko, aby, za jednor\u00e1zovou dotaci 175 miliard K\u010c od EU &#8211; (<a class=\"urlextern\" title=\"https:\/\/www.youtube.com\/watch?v=LuJc1tV3T-Q\" href=\"https:\/\/www.youtube.com\/watch?v=LuJc1tV3T-Q\" rel=\"nofollow\">MAP 928\u00a0<\/a>,\u00a0<a class=\"urlextern\" title=\"http:\/\/michalapetr.cz\/lib\/exe\/fetch.php?media=celex5717.pdf\" href=\"http:\/\/michalapetr.cz\/lib\/exe\/fetch.php?media=celex5717.pdf\" rel=\"nofollow\">ve skute\u010dnosti p\u016fj\u010dka EU od bank\u00e9\u0159\u016f\u00a0<\/a>) &#8211; osm let odv\u00e1d\u011blo EU, krom \u00farok\u016f z jednor\u00e1zov\u00e9 dotace a splacen\u00ed jej\u00ed hodnoty 175 miliard K\u010c, je\u0161t\u011b dal\u0161\u00edch 250 miliard K\u010c ro\u010dn\u011b. Celkem tedy \u010cesko dostane 175 miliard K\u010c a vr\u00e1t\u00ed 2 175 miliard K\u010c! (N\u011bjakou n\u00e1hodou si p\u0159edev\u010d\u00edrem S\u00f6ros post\u011b\u017eoval, \u017ee takhle to d\u00e1l nejde, proto\u017ee nem\u00e1 pen\u00edze na v\u00fdplaty NGO!)<\/p>\n<p><a class=\"media\" title=\"5021021502159.jpg\" href=\"http:\/\/michalapetr.cz\/lib\/exe\/detail.php?id=start&amp;media=5021021502159.jpg\"><img decoding=\"async\" class=\"mediacenter\" src=\"http:\/\/michalapetr.cz\/lib\/exe\/fetch.php?w=400&amp;tok=0e8433&amp;media=5021021502159.jpg\" alt=\"\" width=\"400\" \/><\/a><\/p>\n<p><em>(Foto Brit\u015bk\u00fd ministr financ\u00ed Rishi Sunak, kter\u00fd v\u010dera varoval, \u017ee Brit\u00e1nie zkrachuje, pokud si na Green Deal p\u016fj\u010d\u00ed (po p\u0159epo\u010dtu na velikost HDP a po\u010det obyvatel) jenom 30% hodnoty, kterou EU nov\u011b po\u017eaduje po sv\u00fdch \u010dlenech na Green Deal ka\u017ed\u00fd rok!)<\/em><\/p>\n<p><iframe loading=\"lazy\" title=\"MAP 1014 EU V\u010dera unikly tajn\u00e9 materi\u00e1ly Zu\u0159iv\u00e1 h\u00e1dka v Bruselu O\u017eebra\u010den\u00ed d\u016fchodc\u016f N\u00e1vrat Kalouska!\" width=\"640\" height=\"360\" src=\"https:\/\/www.youtube.com\/embed\/ekufgVVA4V8?feature=oembed\" frameborder=\"0\" allow=\"accelerometer; autoplay; clipboard-write; encrypted-media; gyroscope; picture-in-picture\" allowfullscreen><\/iframe><\/p>\n<p><a href=\"http:\/\/michalapetr.cz\/doku.php\">ZDROJ<\/a><\/p>\n<p>&nbsp;<\/p>\n","protected":false},"excerpt":{"rendered":"<p>V Bruselu se v\u010dera\u00a0provalily tajn\u00e9 materi\u00e1ly EU!\u00a0Podle nich bude EU po\u017eadovat ka\u017ed\u00fd rok po \u010cesku&#8230;<\/p>\n","protected":false},"author":2,"featured_media":1438,"comment_status":"closed","ping_status":"closed","sticky":false,"template":"","format":"standard","meta":[],"categories":[6],"tags":[506,236,41,31,48],"_links":{"self":[{"href":"https:\/\/www.infokuryr.cz\/n\/wp-json\/wp\/v2\/posts\/5507"}],"collection":[{"href":"https:\/\/www.infokuryr.cz\/n\/wp-json\/wp\/v2\/posts"}],"about":[{"href":"https:\/\/www.infokuryr.cz\/n\/wp-json\/wp\/v2\/types\/post"}],"author":[{"embeddable":true,"href":"https:\/\/www.infokuryr.cz\/n\/wp-json\/wp\/v2\/users\/2"}],"replies":[{"embeddable":true,"href":"https:\/\/www.infokuryr.cz\/n\/wp-json\/wp\/v2\/comments?post=5507"}],"version-history":[{"count":0,"href":"https:\/\/www.infokuryr.cz\/n\/wp-json\/wp\/v2\/posts\/5507\/revisions"}],"wp:featuredmedia":[{"embeddable":true,"href":"https:\/\/www.infokuryr.cz\/n\/wp-json\/wp\/v2\/media\/1438"}],"wp:attachment":[{"href":"https:\/\/www.infokuryr.cz\/n\/wp-json\/wp\/v2\/media?parent=5507"}],"wp:term":[{"taxonomy":"category","embeddable":true,"href":"https:\/\/www.infokuryr.cz\/n\/wp-json\/wp\/v2\/categories?post=5507"},{"taxonomy":"post_tag","embeddable":true,"href":"https:\/\/www.infokuryr.cz\/n\/wp-json\/wp\/v2\/tags?post=5507"}],"curies":[{"name":"wp","href":"https:\/\/api.w.org\/{rel}","templated":true}]}}