{"id":55068,"date":"2024-06-03T00:44:41","date_gmt":"2024-06-02T22:44:41","guid":{"rendered":"https:\/\/www.infokuryr.cz\/n\/?p=55068"},"modified":"2024-06-02T16:18:10","modified_gmt":"2024-06-02T14:18:10","slug":"nemecko-porusilo-slib-tem-kteri-prezili-nacistickou-blokadu","status":"publish","type":"post","link":"https:\/\/www.infokuryr.cz\/n\/2024\/06\/03\/nemecko-porusilo-slib-tem-kteri-prezili-nacistickou-blokadu\/","title":{"rendered":"N\u011bmecko poru\u0161ilo slib t\u011bm, kte\u0159\u00ed p\u0159e\u017eili nacistickou blok\u00e1du"},"content":{"rendered":"<div id=\"fb-root\"><\/div>\n<p><span style=\"font-size: 18pt;\"><strong>Sou\u010dasn\u00e9 veden\u00ed v Berl\u00edn\u011b se domn\u00edv\u00e1, \u017ee zem\u011b \u201evyrovnala \u00fa\u010dty se v\u0161emi\u201c, \u0159ekl rusk\u00fd ministr zahrani\u010d\u00ed Lavrov<\/strong><\/span><\/p>\n<p><span>Berl\u00edn nesplnil sv\u016fj slib vybudovat nemocnici pro p\u0159e\u017eiv\u0161\u00ed nacistick\u00e9 blok\u00e1dy a obl\u00e9h\u00e1n\u00ed Leningradu z druh\u00e9 sv\u011btov\u00e9 v\u00e1lky a odm\u00edtl zaplatit reparace ne\u017eidovsk\u00fdm p\u0159e\u017eiv\u0161\u00edm, prohl\u00e1sil rusk\u00fd ministr zahrani\u010d\u00ed Sergej Lavrov.\u00a0<\/span><\/p>\n<p><span>Blok\u00e1da Leningradu z druh\u00e9 sv\u011btov\u00e9 v\u00e1lky, kterou vedla nacistick\u00e1 skupina arm\u00e1d Sever a s\u00edly jejich spojence Finska po dobu t\u00e9m\u011b\u0159 900 dn\u00ed, zabila 1 milion lid\u00ed, z toho v\u00edce ne\u017e 600 000 hladem.<\/span><\/p>\n<p><span>V rozhovoru pro vzd\u011bl\u00e1vac\u00ed projekt \u201eNo Expiration Date\u201c zve\u0159ejn\u011bn\u00fd v sobotu Lavrov \u0159ekl, \u017ee v roce 2008 se Berl\u00edn rozhodl zav\u00e9st pau\u0161\u00e1ln\u00ed platby pro ty, kte\u0159\u00ed p\u0159e\u017eili blok\u00e1du, nejdel\u0161\u00ed a nejbrut\u00e1ln\u011bj\u0161\u00ed v modern\u00ed historii, ale pouze t\u011bm, kte\u0159\u00ed m\u011bli \u017eidovsk\u00fd p\u016fvod.<\/span><\/p>\n<p><em><span>\u201eApelovali jsme na n\u011b a \u0159ekli, \u017ee spravedlnost mus\u00ed zv\u00edt\u011bzit. V\u0161echny [ob\u011bti blok\u00e1dy] trp\u011bly stejn\u011b, zmrzly, zem\u0159ely,\u201c<\/span><\/em><span>\u00a0\u0159ekl Lavrov.\u00a0<\/span><em><span>\u201eBylo n\u00e1m \u0159e\u010deno, \u017ee ob\u011bti holocaustu mohou a m\u011bly by b\u00fdt od\u0161kodn\u011bny v souladu se z\u00e1konem a \u017ee v\u0161ichni ostatn\u00ed nejsou ob\u011bt\u00ed holocaustu. Ani nemus\u00edm vysv\u011btlovat, jak cynicky to zn\u011blo.&#8220;<\/span><\/em><\/p>\n<p><span>Berl\u00edn m\u00edsto toho nab\u00eddl, \u017ee postav\u00ed malou nemocnici a organizuje akce pro mlad\u00e9 lidi, aby se setkali s p\u0159e\u017eiv\u0161\u00edmi, s \u010d\u00edm\u017e Moskva souhlasila, \u0159ekl Lavrov. K dal\u0161\u00edm krok\u016fm v\u0161ak podle diplomata nedo\u0161lo.<\/span><\/p>\n<p><em><strong><span>Tento shroma\u017e\u010fovac\u00ed d\u016fm a nemocnice st\u00e1le nebyly dokon\u010deny.<\/span><\/strong><\/em><\/p>\n<p><span>Moskva zaplatila jednor\u00e1zov\u00e9 \u010d\u00e1stky t\u011bm, kte\u0159\u00ed p\u0159e\u017eili blok\u00e1du, na z\u00e1klad\u011b v\u00fdnosu rusk\u00e9ho prezidenta Vladimira Putina ze z\u00e1\u0159\u00ed 2021.<\/span><\/p>\n<p><span>Podle Lavrova n\u011bme\u010dt\u00ed p\u0159edstavitel\u00e9\u00a0\u00a0<\/span><em><span>\u201evys\u00edlali sign\u00e1ly\u201c,<\/span><\/em><span>\u00a0\u017ee tato z\u00e1le\u017eitost je\u00a0\u00a0<\/span><em><span>\u201ev\u011bc\u00ed minulosti, N\u011bmecko si vy\u0159\u00eddilo \u00fa\u010dty se v\u0161emi, zaplatilo reparace, opakovan\u011b se omlouvalo\u201c.<\/span><\/em><span>\u00a0Moskva nechce, aby modern\u00ed N\u011bmecko neust\u00e1le \u010dinilo pok\u00e1n\u00ed za minulost, \u0159ekl Lavrov, ale postoj Berl\u00edna\u00a0<\/span><em><span>\u201ezav\u00e1n\u011bl arogantnost\u00ed\u201c,<\/span><\/em><span>\u00a0kter\u00e1 by mohla v\u00e9st n\u00e1rod k tomu, aby dosp\u011bl k my\u0161lenk\u00e1m v\u00fdjime\u010dnosti, dodal.<\/span><\/p>\n<p><span>Lavrov popsal, jak se nacismu poda\u0159ilo znovu povstat na Ukrajin\u011b, jako varov\u00e1n\u00ed pro N\u011bmecko. Zem\u011b je pro Z\u00e1pad u\u017eite\u010dn\u00e1 jako n\u00e1stroj pro boj s Ruskem, \u0159ekl Lavrov, tak\u017ee jej\u00ed podporovatel\u00e9 zav\u00edrali o\u010di p\u0159ed\u00a0<\/span><em><span>\u201eotev\u0159en\u00fdmi akcemi k zaveden\u00ed nacistick\u00e9 teorie a praxe\u201c.<\/span><\/em><\/p>\n<p><img decoding=\"async\" loading=\"lazy\" class=\"alignnone size-full wp-image-1185\" src=\"http:\/\/www.infokuryr.cz\/n\/wp-content\/uploads\/2021\/04\/kuryr-podpis.png\" alt=\"\" width=\"84\" height=\"24\" \/><\/p>\n<p>&nbsp;<\/p>\n","protected":false},"excerpt":{"rendered":"<p>Sou\u010dasn\u00e9 veden\u00ed v Berl\u00edn\u011b se domn\u00edv\u00e1, \u017ee zem\u011b \u201evyrovnala \u00fa\u010dty se v\u0161emi\u201c, \u0159ekl rusk\u00fd ministr&#8230;<\/p>\n","protected":false},"author":2,"featured_media":55069,"comment_status":"closed","ping_status":"closed","sticky":false,"template":"","format":"standard","meta":[],"categories":[7],"tags":[189,6671,84,871,1661],"_links":{"self":[{"href":"https:\/\/www.infokuryr.cz\/n\/wp-json\/wp\/v2\/posts\/55068"}],"collection":[{"href":"https:\/\/www.infokuryr.cz\/n\/wp-json\/wp\/v2\/posts"}],"about":[{"href":"https:\/\/www.infokuryr.cz\/n\/wp-json\/wp\/v2\/types\/post"}],"author":[{"embeddable":true,"href":"https:\/\/www.infokuryr.cz\/n\/wp-json\/wp\/v2\/users\/2"}],"replies":[{"embeddable":true,"href":"https:\/\/www.infokuryr.cz\/n\/wp-json\/wp\/v2\/comments?post=55068"}],"version-history":[{"count":0,"href":"https:\/\/www.infokuryr.cz\/n\/wp-json\/wp\/v2\/posts\/55068\/revisions"}],"wp:featuredmedia":[{"embeddable":true,"href":"https:\/\/www.infokuryr.cz\/n\/wp-json\/wp\/v2\/media\/55069"}],"wp:attachment":[{"href":"https:\/\/www.infokuryr.cz\/n\/wp-json\/wp\/v2\/media?parent=55068"}],"wp:term":[{"taxonomy":"category","embeddable":true,"href":"https:\/\/www.infokuryr.cz\/n\/wp-json\/wp\/v2\/categories?post=55068"},{"taxonomy":"post_tag","embeddable":true,"href":"https:\/\/www.infokuryr.cz\/n\/wp-json\/wp\/v2\/tags?post=55068"}],"curies":[{"name":"wp","href":"https:\/\/api.w.org\/{rel}","templated":true}]}}