{"id":55050,"date":"2024-06-03T00:36:55","date_gmt":"2024-06-02T22:36:55","guid":{"rendered":"https:\/\/www.infokuryr.cz\/n\/?p=55050"},"modified":"2024-06-02T15:29:08","modified_gmt":"2024-06-02T13:29:08","slug":"nemecko-tisice-podezreni-na-podvody-s-penezi-obcanu-na-zaklade-pochybneho-ukrajinskeho-obcanstvi","status":"publish","type":"post","link":"https:\/\/www.infokuryr.cz\/n\/2024\/06\/03\/nemecko-tisice-podezreni-na-podvody-s-penezi-obcanu-na-zaklade-pochybneho-ukrajinskeho-obcanstvi\/","title":{"rendered":"N\u011bmecko: Tis\u00edce podez\u0159en\u00ed na podvody s pen\u011bzi ob\u010dan\u016f na z\u00e1klad\u011b pochybn\u00e9ho ukrajinsk\u00e9ho ob\u010danstv\u00ed"},"content":{"rendered":"<div id=\"fb-root\"><\/div>\n<p><span>O n\u00e1rodnosti ukrajinsk\u00fdch uprchl\u00edk\u016f nyn\u00ed panuj\u00ed zna\u010dn\u00e9 a z\u0159ejm\u011b opr\u00e1vn\u011bn\u00e9 pochybnosti.<\/span><\/p>\n<p><span>Ve vzduchu jsou nyn\u00ed tis\u00edce podez\u0159el\u00fdch p\u0159\u00edpad\u016f podvodu s pen\u011bzi ob\u010dan\u016f.<\/span><\/p>\n<p><span style=\"font-size: 18pt;\"><strong>V B\u00e1densku-W\u00fcrttembersku se st\u00e1le v\u00edce \u201eodhaluje\u201c neskute\u010dn\u00fd podvod<\/strong><\/span><\/p>\n<p><span>V B\u00e1densku-W\u00fcrttembersku p\u0159ib\u00fdv\u00e1 p\u0159\u00edpad\u016f, kdy \u00fadajn\u00ed ukrajin\u0161t\u00ed uprchl\u00edci \u017e\u00e1dali o d\u00e1vky ob\u010danstv\u00ed. O jej\u00ed n\u00e1rodnosti ale panuj\u00ed pochybnosti, jak informoval i\u00a0<\/span><em><span>merkur.de<\/span><\/em><span>\u00a0.<\/span><\/p>\n<p><span>Ukrajinci, kte\u0159\u00ed jsou zcela odli\u0161n\u00ed od \u017eadatel\u016f o azyl nebo uprchl\u00edk\u016f z jin\u00fdch zem\u00ed, maj\u00ed v N\u011bmecku zvl\u00e1\u0161tn\u00ed postaven\u00ed. Ob\u010danskou d\u00e1vku z\u00edsk\u00e1te od za\u010d\u00e1tku pobytu v t\u00e9to zemi.<\/span><\/p>\n<p><span>Feder\u00e1ln\u00ed ministerstvo vnitra v\u0161ak nyn\u00ed \u010d\u00edt\u00e1 5609 p\u0159\u00edpad\u016f podez\u0159en\u00ed na pokus o soci\u00e1ln\u00ed podvod. V Bavorsku (2846), B\u00e1densku-W\u00fcrttembersku (1980), Durynsku (697) a Doln\u00edm Sasku (81) se zjevn\u011b vyskytly p\u0159\u00edpady, kdy se lid\u00e9 \u00fadajn\u011b sna\u017eili z\u00edskat ob\u010danskou d\u00e1vku, i kdy\u017e na ni ve skute\u010dnosti nem\u011bli n\u00e1rok. Informovaly o tom tak\u00e9\u00a0\u00a0<\/span><em><span>Spiegel<\/span><\/em><span>\u00a0\u00a0a\u00a0\u00a0<\/span><em><span>Schw\u00e4bische\u00a0<\/span><\/em><em><span>Zeitung<\/span><\/em><span>\u00a0.<\/span><\/p>\n<p><span style=\"font-size: 18pt;\"><strong>Mezi uchaze\u010di t\u00e9m\u011b\u0159 \u017e\u00e1dn\u00e9 znalosti ukrajinsk\u00e9ho jazyka<\/strong><\/span><\/p>\n<p><span>N\u011bkte\u0159\u00ed z t\u011bchto\u00a0<\/span><a href=\"https:\/\/www.merkur.de\/thema\/buergergeld-sti1521602\/\"><span>\u017eadatel\u016f o ob\u010danskou d\u00e1vku<\/span><\/a><span>\u00a0mluvili ukrajinsky m\u00e1lo nebo t\u00e9m\u011b\u0159 v\u016fbec. Konkr\u00e9tn\u011b jde ve v\u011bt\u0161in\u011b p\u0159\u00edpad\u016f \u00fadajn\u011b o Ma\u010fary a Rumuny z pohrani\u010dn\u00ed oblasti Zakarpat\u00ed, kte\u0159\u00ed maj\u00ed z\u0159ejm\u011b i ukrajinsk\u00e9 ob\u010danstv\u00ed. Vzhledem k tomu, \u017ee doty\u010dn\u00ed \u010dasto mluv\u00ed m\u00e1lo ukrajinsky, \u00fa\u0159ady si toho pr\u00fd v\u0161imli.<\/span><\/p>\n<p><span>Spolkov\u00fd \u00fa\u0159ad pro migraci a uprchl\u00edky (Bamf) nyn\u00ed tyto podez\u0159el\u00e9 p\u0159\u00edpady prov\u011b\u0159uje a kontaktuje ukrajinsk\u00e9 a ma\u010farsk\u00e9 \u00fa\u0159ady. Podle mluv\u010d\u00edho bylo ukrajinsk\u00e9 ob\u010danstv\u00ed potvrzeno pro 1258 lid\u00ed a ma\u010farsk\u00e9 pro 208 lid\u00ed (stav k 23. \u00fanoru 2024).<\/span><\/p>\n<p><span>&#8222;Pokud osoba \u017e\u00e1d\u00e1 o ochranu ve Spolkov\u00e9 republice, je z\u00e1kladn\u00edm p\u0159edpokladem pro p\u0159\u00edpadn\u00e9 ud\u011blen\u00ed ochrany up\u0159esn\u011bn\u00ed jej\u00ed n\u00e1rodnosti,&#8220; vysv\u011btlil mluv\u010d\u00ed Bamf pro\u00a0\u00a0<\/span><em><span>Spiegel<\/span><\/em><span>\u00a0. Pokud existuje ma\u010farsk\u00e1 st\u00e1tn\u00ed p\u0159\u00edslu\u0161nost, nelze vydat povolen\u00ed k pobytu ve smyslu do\u010dasn\u00e9 ochrany, proto\u017ee na ob\u010dany EU se p\u0159\u00edslu\u0161n\u00e1 sm\u011brnice nevztahuje. Jedin\u00e1 v\u011bc, kter\u00e1 se zd\u00e1 p\u0159ekvapiv\u00e1, je \u201epe\u010dliv\u00fd p\u0159\u00edstup\u201c k ur\u010den\u00ed n\u00e1rodnosti. V p\u0159\u00edpad\u011b dal\u0161\u00edch \u201e\u017eadatel\u016f o ochranu\u201c, kte\u0159\u00ed do zem\u011b p\u0159ij\u00ed\u017ed\u011bj\u00ed z\u00e1sadn\u011b bez pap\u00edr\u016f, ale s chytr\u00fdm telefonem, se to nezd\u00e1 mo\u017en\u00e9.<\/span><\/p>\n<p><span>V\u00fdsledky tohoto p\u0159ezkoum\u00e1n\u00ed by byly p\u0159ed\u00e1ny st\u00e1tn\u00edm org\u00e1n\u016fm, kter\u00e9 by rozhodly, jak tyto p\u0159\u00edpady \u0159e\u0161it. \u00da\u0159ady v B\u00e1densku-W\u00fcrttembersku zjistily, \u017ee mnoho z doty\u010dn\u00fdch lid\u00ed obdr\u017eelo sv\u00e9 pasy v ukrajinsk\u00e9m m\u011bst\u011b Berehove. Berehove le\u017e\u00ed jen p\u00e1r kilometr\u016f od hranic s Ma\u010farskem.<\/span><\/p>\n<p><span>Aby se v budoucnu zabr\u00e1nilo takov\u00fdm p\u0159\u00edpad\u016fm soci\u00e1ln\u00edch podvod\u016f, st\u00e1tn\u00ed tajemn\u00edk pro spravedlnost B\u00e1denska-W\u00fcrttemberska Siegfried Lorek (CDU) po\u017eadoval, aby ukrajinsk\u00e9 \u00fa\u0159ady \u201epracovaly opatrn\u011b p\u0159i vyd\u00e1v\u00e1n\u00ed dokument\u016f a vylou\u010dily zneu\u017eit\u00ed\u201c. Mysl\u00ed si tak\u00e9, \u017ee konec p\u0159\u00edm\u00e9ho p\u0159\u00edstupu k pen\u011bz\u016fm ob\u010dan\u016f m\u00e1 smysl.<\/span><\/p>\n<p><img decoding=\"async\" loading=\"lazy\" class=\"alignnone size-full wp-image-1185\" src=\"http:\/\/www.infokuryr.cz\/n\/wp-content\/uploads\/2021\/04\/kuryr-podpis.png\" alt=\"\" width=\"84\" height=\"24\" \/><\/p>\n<p>&nbsp;<\/p>\n","protected":false},"excerpt":{"rendered":"<p>O n\u00e1rodnosti ukrajinsk\u00fdch uprchl\u00edk\u016f nyn\u00ed panuj\u00ed zna\u010dn\u00e9 a z\u0159ejm\u011b opr\u00e1vn\u011bn\u00e9 pochybnosti. Ve vzduchu jsou nyn\u00ed&#8230;<\/p>\n","protected":false},"author":2,"featured_media":55051,"comment_status":"closed","ping_status":"closed","sticky":false,"template":"","format":"standard","meta":[],"categories":[7],"tags":[84,1011,2813,497,1635],"_links":{"self":[{"href":"https:\/\/www.infokuryr.cz\/n\/wp-json\/wp\/v2\/posts\/55050"}],"collection":[{"href":"https:\/\/www.infokuryr.cz\/n\/wp-json\/wp\/v2\/posts"}],"about":[{"href":"https:\/\/www.infokuryr.cz\/n\/wp-json\/wp\/v2\/types\/post"}],"author":[{"embeddable":true,"href":"https:\/\/www.infokuryr.cz\/n\/wp-json\/wp\/v2\/users\/2"}],"replies":[{"embeddable":true,"href":"https:\/\/www.infokuryr.cz\/n\/wp-json\/wp\/v2\/comments?post=55050"}],"version-history":[{"count":1,"href":"https:\/\/www.infokuryr.cz\/n\/wp-json\/wp\/v2\/posts\/55050\/revisions"}],"predecessor-version":[{"id":55052,"href":"https:\/\/www.infokuryr.cz\/n\/wp-json\/wp\/v2\/posts\/55050\/revisions\/55052"}],"wp:featuredmedia":[{"embeddable":true,"href":"https:\/\/www.infokuryr.cz\/n\/wp-json\/wp\/v2\/media\/55051"}],"wp:attachment":[{"href":"https:\/\/www.infokuryr.cz\/n\/wp-json\/wp\/v2\/media?parent=55050"}],"wp:term":[{"taxonomy":"category","embeddable":true,"href":"https:\/\/www.infokuryr.cz\/n\/wp-json\/wp\/v2\/categories?post=55050"},{"taxonomy":"post_tag","embeddable":true,"href":"https:\/\/www.infokuryr.cz\/n\/wp-json\/wp\/v2\/tags?post=55050"}],"curies":[{"name":"wp","href":"https:\/\/api.w.org\/{rel}","templated":true}]}}