{"id":549,"date":"2021-04-08T05:30:45","date_gmt":"2021-04-08T03:30:45","guid":{"rendered":"http:\/\/www.infokuryr.cz\/n\/?p=549"},"modified":"2021-04-08T05:30:45","modified_gmt":"2021-04-08T03:30:45","slug":"skandalni-chovani-generalniho-reditele-ceske-televize-petra-dvoraka","status":"publish","type":"post","link":"https:\/\/www.infokuryr.cz\/n\/2021\/04\/08\/skandalni-chovani-generalniho-reditele-ceske-televize-petra-dvoraka\/","title":{"rendered":"Skand\u00e1ln\u00ed chov\u00e1n\u00ed gener\u00e1ln\u00edho \u0159editele \u010cesk\u00e9 televize Petra Dvo\u0159\u00e1ka"},"content":{"rendered":"<div id=\"fb-root\"><\/div>\n<p><strong>\u010clenka Rady \u010cT Hana Lipovsk\u00e1 upozornila na skand\u00e1ln\u00ed chov\u00e1n\u00ed gener\u00e1ln\u00edho \u0159editele \u010cesk\u00e9 televize Petra Dvo\u0159\u00e1ka. Ten odm\u00edtl splnit usnesen\u00ed Rady \u010cT o statistice zvan\u00fdch host\u016f, p\u0159itom je podle m\u011b o\u010dividn\u00e9, \u017ee \u010cT televize prot\u011b\u017euje sv\u00e9 slun\u00ed\u010dk\u00e1\u0159sk\u00e9 favority, zat\u00edmco vlastence upoza\u010fuje. \u010cT podle pravomocn\u00e9ho rozsudku nav\u00edc ve zpravodajstv\u00ed lhala. A t\u011bch probl\u00e9mov\u00fdch v\u011bc\u00ed je mnohem v\u00edce\u2026<\/strong><\/p>\n<p>Hana Lipovsk\u00e1 upozornila nap\u0159\u00edklad na vysokou \u010detnost vystupov\u00e1n\u00ed pra\u017esk\u00e9ho prim\u00e1tora Zde\u0148ka H\u0159iba v po\u0159adu Ud\u00e1losti, koment\u00e1\u0159e. \u201eGener\u00e1ln\u00ed \u0159editel n\u00e1m nakonec pouze nechal poslat podklad, kter\u00fd na dan\u00e9 kl\u00ed\u010dov\u00e9 ot\u00e1zky neodpov\u00edd\u00e1. Rad\u011b tak G\u0158 Dvo\u0159\u00e1k znemo\u017e\u0148uje \u0159\u00e1dnou kontrolu vyv\u00e1\u017eenosti vys\u00edl\u00e1n\u00ed, kterou j\u00ed ukl\u00e1d\u00e1 z\u00e1kon,\u201c konstatovala Lipovsk\u00e1.<\/p>\n<p>F\u00e9rovka v pod\u00e1n\u00ed \u010cesk\u00e9 televize: SPD bylo na obrazovce pouze 52x, ale \u010cSSD 295x, ODS 213x, Pir\u00e1ti 112x, STAN 99x, KDU-\u010cSL 76x, TOP09 69x a KS\u010cM 65x\u2026Vypl\u00fdv\u00e1 to ze zve\u0159ejn\u011bn\u00e9 anal\u00fdzy vys\u00edl\u00e1n\u00ed \u010cT za 3. \u010dtvrtlet\u00ed lo\u0148sk\u00e9ho roku, posuzoval se pom\u011br v\u00fdslovn\u00fdch referenc\u00ed (v obraze \u010di jenom jako zm\u00ednka).<\/p>\n<p>\u0158editel \u010cT Petr Dvo\u0159\u00e1k a cel\u00e9 veden\u00ed redakce zpravodajstv\u00ed by m\u011blo b\u00fdt okam\u017eit\u011b odvol\u00e1no. Douf\u00e1m, \u017ee Rada \u010cT v nov\u00e9m slo\u017een\u00ed zajist\u00ed co nejd\u0159\u00edve dodr\u017eov\u00e1n\u00ed z\u00e1kona o \u010cT a zaraz\u00ed tyhle manipulace. P\u0159ipom\u00edn\u00e1m, \u017ee \u010cT ji\u017e 6 let nepozvala Tomia do hlavn\u00edho diskusn\u00edho po\u0159adu Ot\u00e1zky V\u00e1clava Moravce.<\/p>\n<p>V\u00fd\u0161e uvedenou anal\u00fdzu po\u010dtu zm\u00ednek o jednotliv\u00fdch politick\u00fdch stran\u00e1ch ve vys\u00edl\u00e1n\u00ed \u010cT zpracoval analytik Josef Neru\u0161il, kter\u00fd je tak\u00e9 \u010dlenem Rady \u010cesk\u00e9ho rozhlasu a tiskov\u00fd tajemn\u00edk Arcibiskupstv\u00ed pra\u017esk\u00e9ho. Josef Neru\u0161il ve sv\u00e9 anal\u00fdze dokl\u00e1d\u00e1, jak zpravodajstv\u00ed \u010cT zaml\u010duje, manipuluje, ignoruje a tak\u00e9 jednostrann\u011b fand\u00ed jimi vyvolen\u00fdm.<\/p>\n<p>\u010cT podle pravomocn\u00e9ho rozsudku ve zpravodajstv\u00ed lhala. V bod\u011b \u201eInformace gener\u00e1ln\u00edho \u0159editele\u201c G\u0158 Dvo\u0159\u00e1k zcela pominul dva soudn\u00ed spory, kter\u00e9 \u010cT prohr\u00e1la, a kter\u00e9 pro ni mohou znamenat finan\u010dn\u00ed ztr\u00e1tu: spor Unie obh\u00e1jc\u016f s \u010cT o poskytnut\u00ed informac\u00ed a spor s Alenou Vit\u00e1skovou kv\u016fli nepravdiv\u00fdm informac\u00edm. Pr\u00e1v\u011b v tomto sporu soudce Novosad podle tisku mimo jin\u00e9 konstatoval, \u017ee \u201enelze tolerovat takov\u00e9to nep\u0159esn\u00e9 informace o trestn\u00edch \u0159\u00edzen\u00edch. Je pot\u0159eba b\u00fdt v tomto profesion\u00e1ln\u00ed,\u201c a \u201enen\u00ed mo\u017en\u00e9, aby bylo nepravdiv\u011b informov\u00e1no o tom, \u017ee n\u011bjak\u00e1 osoba je trestn\u011b st\u00edhan\u00e1 pro n\u011bjak\u00fd skutek, kdy\u017e tomu tak nen\u00ed.\u201c<\/p>\n<p>Pak je zde kauza potenci\u00e1ln\u00edho st\u0159etu z\u00e1jmu, kdy Petr Dvo\u0159\u00e1k a jeho rodina vlastn\u00ed Galerii Leica a z\u00e1rove\u0148 o n\u00ed \u010cT frekventovan\u011b a dlouze vys\u00edl\u00e1 i s nab\u00eddkami koup\u011b vystavovan\u00fdch d\u011bl. Podle Kodexu \u010cT je gener\u00e1ln\u00ed \u0159editel povinen o potenci\u00e1ln\u00edm st\u0159etu z\u00e1jm\u016f informovat Radu \u010cT a vy\u010dkat jejich doporu\u010den\u00ed. Poru\u0161en\u00ed Kodexu se podle \u00a7 8 odst. 1 p\u00edsm. f z\u00e1kona o \u010cT kvalifikuje jako poru\u0161en\u00ed pracovn\u011bpr\u00e1vn\u00ed k\u00e1zn\u011b podle zvl\u00e1\u0161tn\u00edho z\u00e1kona.<\/p>\n<p>Kli\u010dkov\u00e1n\u00ed, vyt\u00e1\u010den\u00ed a podle Lipovsk\u00e9 neseri\u00f3zn\u00ed i nepravdiv\u00e1 tvrzen\u00ed gener\u00e1ln\u00edho \u0159editele si ka\u017ed\u00fd m\u016f\u017ee poslechnout zde:\u00a0<a tabindex=\"0\" href=\"https:\/\/www.ceskatelevize.cz\/rada-ct\/prenos-jednani-po-internetu\/?IDEC=221%20251%2000056%2F0005&amp;fbclid=IwAR1Vl9YWBzdTJECmkOQHxghQ4yKcl9ZJ3d7NUccvwcWnOGBiAnIhLzLLPps\" target=\"_blank\" rel=\"nofollow noopener\">https:\/\/www.ceskatelevize.cz\/rada-ct\/prenos-jednani-po-internetu\/?IDEC=221%20251%2000056\/0005<\/a><\/p>\n<p>Z\u00e1pisy z jedn\u00e1n\u00ed Rady \u010cT jsou k dispozici zde:\u00a0<a tabindex=\"0\" href=\"https:\/\/www.ceskatelevize.cz\/rada-ct\/zapisy-z-jednani\/?fbclid=IwAR1-neBkEpYrKnAts9efsr_plZqCTi_HbuQFkjtUzM_VnPI1iobPL0eYgj4\" target=\"_blank\" rel=\"nofollow noopener\">https:\/\/www.ceskatelevize.cz\/rada-ct\/zapisy-z-jednani\/<\/a><\/p>\n<p>Hnut\u00ed SPD ji\u017e podalo ve Sn\u011bmovn\u011b z\u00e1kon na zru\u0161en\u00ed koncesion\u00e1\u0159sk\u00fdch poplatk\u016f. Chceme transformaci \u010cesk\u00e9 televize a \u010cesk\u00e9ho rozhlasu na st\u00e1tn\u00ed p\u0159\u00edsp\u011bvkovou organizaci pod kontrolou Nejvy\u0161\u0161\u00edho kontroln\u00edho \u00fa\u0159adu. Ostatn\u00ed strany n\u00e1\u0161 n\u00e1vrh ale blokuj\u00ed. Podpo\u0159te n\u00e1s pros\u00edm v \u0159\u00edjnov\u00fdch volb\u00e1ch do Sn\u011bmovny, aby byl hlas SPD siln\u011bj\u0161\u00ed a abychom m\u011bli v\u011bt\u0161\u00ed s\u00edlu prosazovat n\u00e1\u0161 program.<\/p>\n<p>Radim Fiala (SPD)<\/p>\n<p>&nbsp;<\/p>\n","protected":false},"excerpt":{"rendered":"<p>\u010clenka Rady \u010cT Hana Lipovsk\u00e1 upozornila na skand\u00e1ln\u00ed chov\u00e1n\u00ed gener\u00e1ln\u00edho \u0159editele \u010cesk\u00e9 televize Petra Dvo\u0159\u00e1ka&#8230;.<\/p>\n","protected":false},"author":2,"featured_media":550,"comment_status":"closed","ping_status":"closed","sticky":false,"template":"","format":"standard","meta":[],"categories":[6],"tags":[47,29],"_links":{"self":[{"href":"https:\/\/www.infokuryr.cz\/n\/wp-json\/wp\/v2\/posts\/549"}],"collection":[{"href":"https:\/\/www.infokuryr.cz\/n\/wp-json\/wp\/v2\/posts"}],"about":[{"href":"https:\/\/www.infokuryr.cz\/n\/wp-json\/wp\/v2\/types\/post"}],"author":[{"embeddable":true,"href":"https:\/\/www.infokuryr.cz\/n\/wp-json\/wp\/v2\/users\/2"}],"replies":[{"embeddable":true,"href":"https:\/\/www.infokuryr.cz\/n\/wp-json\/wp\/v2\/comments?post=549"}],"version-history":[{"count":0,"href":"https:\/\/www.infokuryr.cz\/n\/wp-json\/wp\/v2\/posts\/549\/revisions"}],"wp:featuredmedia":[{"embeddable":true,"href":"https:\/\/www.infokuryr.cz\/n\/wp-json\/wp\/v2\/media\/550"}],"wp:attachment":[{"href":"https:\/\/www.infokuryr.cz\/n\/wp-json\/wp\/v2\/media?parent=549"}],"wp:term":[{"taxonomy":"category","embeddable":true,"href":"https:\/\/www.infokuryr.cz\/n\/wp-json\/wp\/v2\/categories?post=549"},{"taxonomy":"post_tag","embeddable":true,"href":"https:\/\/www.infokuryr.cz\/n\/wp-json\/wp\/v2\/tags?post=549"}],"curies":[{"name":"wp","href":"https:\/\/api.w.org\/{rel}","templated":true}]}}