{"id":54892,"date":"2024-05-31T05:41:56","date_gmt":"2024-05-31T03:41:56","guid":{"rendered":"https:\/\/www.infokuryr.cz\/n\/?p=54892"},"modified":"2024-05-31T05:41:56","modified_gmt":"2024-05-31T03:41:56","slug":"americky-soud-odsoudil-trumpa","status":"publish","type":"post","link":"https:\/\/www.infokuryr.cz\/n\/2024\/05\/31\/americky-soud-odsoudil-trumpa\/","title":{"rendered":"Americk\u00fd soud odsoudil Trumpa"},"content":{"rendered":"<div id=\"fb-root\"><\/div>\n<p><span style=\"font-size: 18pt;\"><strong>Verdikt o vin\u011b je prvn\u00edm v americk\u00e9 historii pro b\u00fdval\u00e9ho prezidenta<\/strong><\/span><\/p>\n<p><span>B\u00fdval\u00fd americk\u00fd prezident a sou\u010dasn\u00fd kandid\u00e1t na prezidenta Donald Trump byl shled\u00e1n vinn\u00fdm z fal\u0161ov\u00e1n\u00ed obchodn\u00edch z\u00e1znam\u016f za \u00fa\u010delem ovlivn\u011bn\u00ed voleb v roce 2016 v p\u0159\u00edpadu souvisej\u00edc\u00edm s \u00fadajn\u00fdmi platbami pornohere\u010dky Stormy Danielsov\u00e9 za \u201ezatajen\u00ed pen\u011bz\u201c.<\/span><\/p>\n<p><span>Manhattansk\u00fd okresn\u00ed prokur\u00e1tor Alvin Bragg, demokrat, obvinil Trumpa minul\u00fd rok z 34 trestn\u00fdch \u010din\u016f a tvrdil, \u017ee republik\u00e1nsk\u00fd politik se sna\u017eil\u00a0<\/span><em><span>\u201eutajit \u0161kodliv\u00e9 informace a nez\u00e1konnou \u010dinnost p\u0159ed americk\u00fdmi voli\u010di p\u0159ed volbami v roce 2016 a po nich\u201c.<\/span><\/em><\/p>\n<p><span>Porota jednala dva dny a ve \u010dtvrtek t\u011bsn\u011b p\u0159ed 17:00 vr\u00e1tila verdikt: vinen ve v\u0161ech bodech ob\u017ealoby, \u010d\u00edm\u017e se Trump stal prvn\u00edm americk\u00fdm prezidentem, kter\u00fd kdy byl odsouzen za zlo\u010din.<\/span><\/p>\n<p><em><span>&#8222;Byl to zmanipulovan\u00fd, hanebn\u00fd proces,&#8220;<\/span><\/em><span>\u00a0\u0159ekl Trump novin\u00e1\u0159\u016fm po vyhl\u00e1\u0161en\u00ed rozsudku.\u00a0<\/span><em><span>\u201eSkute\u010dn\u00fd verdikt padne 5. listopadu lidmi. A budeme bojovat d\u00e1l, budeme bojovat a\u017e do konce a vyhrajeme.&#8220;<\/span><\/em><\/p>\n<p><span>T\u011bchto 34 \u010d\u00edsel se t\u00fdk\u00e1 11 faktur, 12 pouk\u00e1zek a 11 \u0161ek\u016f Trumpov\u00fdch m\u011bs\u00ed\u010dn\u00edch \u00fahrad jeho tehdej\u0161\u00ed vrstv\u011b za 130 000 dolar\u016f zaplacen\u00fdch Danielsovi. Podle Bragga to znamenalo\u00a0<\/span><em><span>\u201efal\u0161ov\u00e1n\u00ed obchodn\u00edch z\u00e1znam\u016f\u201c.<\/span><\/em><\/p>\n<p><span>P\u0159\u00edpad byl zalo\u017een na tvrzen\u00ed Trumpova b\u00fdval\u00e9ho pr\u00e1vn\u00edka Michaela Cohena, \u017ee Trump mu na\u0159\u00eddil zaplatit 130 000 dolar\u016f here\u010dce ve filmu pro dosp\u011bl\u00e9, aby ml\u010dela o \u00fadajn\u00e9m rom\u00e1nku s prezidentsk\u00fdm kandid\u00e1tem. Trump jak\u00fdkoli vztah s pornohv\u011bzdou pop\u0159el. V roce 2018 se Cohen p\u0159iznal k obvin\u011bn\u00ed z poru\u0161en\u00ed financov\u00e1n\u00ed kampan\u011b a tak\u00e9 z da\u0148ov\u00fdch a bankovn\u00edch podvod\u016f a str\u00e1vil dva a p\u016fl roku ve feder\u00e1ln\u00edm v\u011bzen\u00ed. P\u0159i\u0161el tak\u00e9 o newyorskou barovou licenci.<\/span><\/p>\n<p><span>Mnoho republik\u00e1n\u016f odsoudilo proces jako fra\u0161ku a \u0159ekli, \u017ee Merchan poru\u0161il \u00fastavu st\u00e1tu t\u00edm, \u017ee vzal p\u0159\u00edpad, i kdy\u017e jeho dcera pracuje pro demokraty.<\/span><\/p>\n<p><span>Pokud bude Trump zpro\u0161t\u011bn viny,\u00a0<\/span><em><span>\u201ezem\u011b uvid\u00ed \u0161kody, kter\u00e9 na\u0161\u00ed zemi zp\u016fsobili zkorumpovan\u00ed \u017ealobci,\u201c\u00a0<\/span><\/em><a href=\"https:\/\/x.com\/VivekGRamaswamy\/status\/1795646202316288317\"><span>\u0159ekl Fox News<\/span><\/a><span>\u00a0p\u0159ed verdiktem\u00a0b\u00fdval\u00fd republik\u00e1nsk\u00fd prezidentsk\u00fd kandid\u00e1t Vivek Ramaswamy .\u00a0<\/span><em><span>&#8222;Pokud bude shled\u00e1n vinn\u00fdm, uvid\u00ed, \u017ee mu\u017e je odsouzen za zlo\u010din, kter\u00fd nikdo nedok\u00e1\u017ee pojmenovat.&#8220;<\/span><\/em><\/p>\n<p><em><span>&#8222;Tak \u010di onak, skute\u010dn\u00fd verdikt je v listopadu,&#8220;<\/span><\/em><span>\u00a0dodal Ramaswamy s odkazem na datum prezidentsk\u00fdch voleb, kter\u00e9 postavily Trumpa proti \u00fa\u0159aduj\u00edc\u00edmu Joeu Bidenovi.<\/span><\/p>\n<p><em><span>\u201eDokonce i zb\u011b\u017en\u00e9 p\u0159ezkoum\u00e1n\u00ed d\u016fkaz\u016f ukazuje, \u017ee tento p\u0159\u00edpad nem\u00e1 nohu, na kter\u00e9 by se mohl postavit,\u201c\u00a0<\/span><\/em><a href=\"https:\/\/jonathanturley.org\/2024\/05\/28\/the-closing-trumps-final-argument-must-be-clarity-to-chaos-in-merchans-courtroom\/\"><span>argumentoval<\/span><\/a><span>\u00a0\u00a0v blogov\u00e9m p\u0159\u00edsp\u011bvku\u00a0\u00a0Jonathan Turley, profesor a \u00fastavn\u00ed v\u011bdec z Georgetownsk\u00e9 univerzity\u00a0 .\u00a0Turley pouk\u00e1zal na to, \u017ee Bragg o\u017eivil to, co by v nejlep\u0161\u00edm p\u0159\u00edpad\u011b mohl b\u00fdt pro\u0161l\u00fd p\u0159estupek, tvrzen\u00edm, \u017ee se tak stalo za \u00fa\u010delem ovlivn\u011bn\u00ed voleb, a cel\u00fd argument popsal jako\u00a0\u00a0<\/span><em><span>\u201etak kruhov\u00fd, \u017ee vyvol\u00e1v\u00e1 z\u00e1vrat\u011b\u201c.<\/span><\/em><\/p>\n<div class=\"rtcode\">\n<div><iframe id=\"odysee-iframe\" src=\"https:\/\/odysee.com\/$\/embed\/@RT:fd\/TRUMP31-yt:a?r=DBqcQ9QFnvgu5XmB3zZJEThUXwKcrDkR\" allowfullscreen=\"allowfullscreen\" data-mce-fragment=\"1\"><\/iframe><\/p>\n<p><em>\u00davodn\u00ed fotografie: B\u00fdval\u00fd americk\u00fd prezident Donald Trump p\u0159ij\u00ed\u017ed\u00ed k trestn\u00edmu soudu na Manhattanu 30. kv\u011btna 2024 v New Yorku.\u00a0\u00a9\u00a0\u00a0Justin Lane \/ Getty Images<\/em><\/p>\n<p><img decoding=\"async\" loading=\"lazy\" class=\"alignnone size-full wp-image-1185\" src=\"http:\/\/www.infokuryr.cz\/n\/wp-content\/uploads\/2021\/04\/kuryr-podpis.png\" alt=\"\" width=\"84\" height=\"24\" \/><\/p>\n<\/div>\n<\/div>\n","protected":false},"excerpt":{"rendered":"<p>Verdikt o vin\u011b je prvn\u00edm v americk\u00e9 historii pro b\u00fdval\u00e9ho prezidenta B\u00fdval\u00fd americk\u00fd prezident a&#8230;<\/p>\n","protected":false},"author":2,"featured_media":54893,"comment_status":"closed","ping_status":"closed","sticky":false,"template":"","format":"standard","meta":[],"categories":[7],"tags":[520,324,452],"_links":{"self":[{"href":"https:\/\/www.infokuryr.cz\/n\/wp-json\/wp\/v2\/posts\/54892"}],"collection":[{"href":"https:\/\/www.infokuryr.cz\/n\/wp-json\/wp\/v2\/posts"}],"about":[{"href":"https:\/\/www.infokuryr.cz\/n\/wp-json\/wp\/v2\/types\/post"}],"author":[{"embeddable":true,"href":"https:\/\/www.infokuryr.cz\/n\/wp-json\/wp\/v2\/users\/2"}],"replies":[{"embeddable":true,"href":"https:\/\/www.infokuryr.cz\/n\/wp-json\/wp\/v2\/comments?post=54892"}],"version-history":[{"count":0,"href":"https:\/\/www.infokuryr.cz\/n\/wp-json\/wp\/v2\/posts\/54892\/revisions"}],"wp:featuredmedia":[{"embeddable":true,"href":"https:\/\/www.infokuryr.cz\/n\/wp-json\/wp\/v2\/media\/54893"}],"wp:attachment":[{"href":"https:\/\/www.infokuryr.cz\/n\/wp-json\/wp\/v2\/media?parent=54892"}],"wp:term":[{"taxonomy":"category","embeddable":true,"href":"https:\/\/www.infokuryr.cz\/n\/wp-json\/wp\/v2\/categories?post=54892"},{"taxonomy":"post_tag","embeddable":true,"href":"https:\/\/www.infokuryr.cz\/n\/wp-json\/wp\/v2\/tags?post=54892"}],"curies":[{"name":"wp","href":"https:\/\/api.w.org\/{rel}","templated":true}]}}