{"id":5488,"date":"2021-10-20T04:16:47","date_gmt":"2021-10-20T02:16:47","guid":{"rendered":"http:\/\/www.infokuryr.cz\/n\/?p=5488"},"modified":"2021-10-20T04:16:47","modified_gmt":"2021-10-20T02:16:47","slug":"polsky-premier-odmitame-jazyk-vyhruzek-a-vydirani-eu","status":"publish","type":"post","link":"https:\/\/www.infokuryr.cz\/n\/2021\/10\/20\/polsky-premier-odmitame-jazyk-vyhruzek-a-vydirani-eu\/","title":{"rendered":"Polsk\u00fd premi\u00e9r: Odm\u00edt\u00e1me jazyk v\u00fdhr\u016f\u017eek a vyd\u00edr\u00e1n\u00ed EU!"},"content":{"rendered":"<div id=\"fb-root\"><\/div>\n<p>Polsk\u00fd premi\u00e9r Mateusz Morawiecki dnes ve \u0160trasburku postavil skute\u010dn\u011b bravurn\u00edm a pregnantn\u00edm projevem (kter\u00fd stoj\u00ed za to &#8211; viz odkazy) Evropsk\u00fd parlament do lat\u011b: &#8222;Odm\u00edt\u00e1me jazyk hrozeb, v\u00fdhr\u016f\u017eek a donucov\u00e1n\u00ed! Nesm\u00ed\u0159\u00edm se s t\u00edm, aby politici (EU) vyd\u00edrali Polsko, aby se vyd\u00edr\u00e1n\u00ed stalo metodou uplat\u0148ov\u00e1n\u00ed politiky kter\u00e9hokoli z unijn\u00edch pr\u00e1v. Takto demokracie nepostupuje. Nem\u016f\u017eeme ml\u010det, kdy\u017e je na\u0161e zem\u011b napadena takov\u00fdm nespravedliv\u00fdm a podjat\u00fdm zp\u016fsobem!&#8220;<\/p>\n<p>Pokud si naopak poslechnete projevy v\u011bt\u0161iny &#8222;unijn\u011b uv\u011bdom\u011bl\u00fdch&#8220; poslanc\u016f, kter\u00e9 byly namnoze nekonstruktivn\u00ed, plytk\u00e9, soptiv\u00e9 a\u017e \u0161tvav\u00e9, p\u0159ijdete o iluze a teprve pozn\u00e1te, za\u010d je toho v Unii loket. A nejen vy, ale i Balk\u00e1nsk\u00e9 st\u00e1ty \u0160v\u00fdcarsko nebo Norsko. A star\u0161\u00ed generaci ve v\u00fdchodn\u00edch zem\u00edch zhusta nasko\u010d\u00ed sov\u011btsk\u00e9 reminiscence, kdy komunistick\u00e1 strana a vl\u00e1da zato\u010dila s kontrarevoluc\u00ed&#8230;<\/p>\n<p>Evropsk\u00fd parlament dnes projedn\u00e1v\u00e1 rozhodnut\u00ed Polsk\u00e9ho \u00fastavn\u00edho soudu o nad\u0159azenosti polsk\u00e9ho pr\u00e1va unijn\u00edmu v intrinsick\u00fdch v\u011bcech polsk\u00e9ho n\u00e1roda a st\u00e1tu. Za Polsko se postavilo Ma\u010farsko a francouz\u0161t\u00ed ryze pravicov\u00ed politici.<\/p>\n<p><a href=\"https:\/\/www.wprost.pl\/polityka\/10522213\/debata-w-pe-o-praworzadnosci-w-polsce-glos-zabral-mateusz-morawiecki-relacja-na-zywo.html\">ZDROJ<\/a><\/p>\n<p>&nbsp;<\/p>\n","protected":false},"excerpt":{"rendered":"<p>Polsk\u00fd premi\u00e9r Mateusz Morawiecki dnes ve \u0160trasburku postavil skute\u010dn\u011b bravurn\u00edm a pregnantn\u00edm projevem (kter\u00fd stoj\u00ed&#8230;<\/p>\n","protected":false},"author":2,"featured_media":4482,"comment_status":"closed","ping_status":"closed","sticky":false,"template":"","format":"standard","meta":[],"categories":[7],"tags":[41,31],"_links":{"self":[{"href":"https:\/\/www.infokuryr.cz\/n\/wp-json\/wp\/v2\/posts\/5488"}],"collection":[{"href":"https:\/\/www.infokuryr.cz\/n\/wp-json\/wp\/v2\/posts"}],"about":[{"href":"https:\/\/www.infokuryr.cz\/n\/wp-json\/wp\/v2\/types\/post"}],"author":[{"embeddable":true,"href":"https:\/\/www.infokuryr.cz\/n\/wp-json\/wp\/v2\/users\/2"}],"replies":[{"embeddable":true,"href":"https:\/\/www.infokuryr.cz\/n\/wp-json\/wp\/v2\/comments?post=5488"}],"version-history":[{"count":0,"href":"https:\/\/www.infokuryr.cz\/n\/wp-json\/wp\/v2\/posts\/5488\/revisions"}],"wp:featuredmedia":[{"embeddable":true,"href":"https:\/\/www.infokuryr.cz\/n\/wp-json\/wp\/v2\/media\/4482"}],"wp:attachment":[{"href":"https:\/\/www.infokuryr.cz\/n\/wp-json\/wp\/v2\/media?parent=5488"}],"wp:term":[{"taxonomy":"category","embeddable":true,"href":"https:\/\/www.infokuryr.cz\/n\/wp-json\/wp\/v2\/categories?post=5488"},{"taxonomy":"post_tag","embeddable":true,"href":"https:\/\/www.infokuryr.cz\/n\/wp-json\/wp\/v2\/tags?post=5488"}],"curies":[{"name":"wp","href":"https:\/\/api.w.org\/{rel}","templated":true}]}}