{"id":5483,"date":"2021-10-20T03:30:30","date_gmt":"2021-10-20T01:30:30","guid":{"rendered":"http:\/\/www.infokuryr.cz\/n\/?p=5483"},"modified":"2021-10-20T03:30:30","modified_gmt":"2021-10-20T01:30:30","slug":"cesi-jsou-povinni-podporit-polaky-exprezident-klaus-se-pustil-do-von-der-leyenove","status":"publish","type":"post","link":"https:\/\/www.infokuryr.cz\/n\/2021\/10\/20\/cesi-jsou-povinni-podporit-polaky-exprezident-klaus-se-pustil-do-von-der-leyenove\/","title":{"rendered":"\u201e\u010ce\u0161i jsou povinni podpo\u0159it Pol\u00e1ky.\u201c Exprezident Klaus se pustil do von der Leyenov\u00e9"},"content":{"rendered":"<div id=\"fb-root\"><\/div>\n<p><strong>Institut V\u00e1clava Klause vydal prohl\u00e1\u0161en\u00ed k reakci Ursuly von der Leyenov\u00e9 na rozhodnut\u00ed polsk\u00e9ho \u00fastavn\u00edho soudu, podle n\u011bho\u017e n\u011bkter\u00e9 evropsk\u00e9 \u00famluvy proti\u0159e\u010d\u00ed polsk\u00e9 \u00fastav\u011b.<\/strong><\/p>\n<p>\u201eKdy\u017e doch\u00e1z\u00ed v Evrop\u011b, resp. v Evropsk\u00e9 unii, ke zjevn\u00e9mu ohro\u017een\u00ed demokracie, je t\u0159eba, aby evrop\u0161t\u00ed demokrat\u00e9 hlasit\u011b protestovali. Dnes nejde o mali\u010dkost. Pan\u00ed Leyenov\u00e1 v Evropsk\u00e9m parlamentu prohl\u00e1sila \u2013 citov\u00e1no m\u00e9dii, u n\u00e1s nap\u0159. okam\u017eit\u011b \u010ceskou televiz\u00ed \u2013 \u017ee \u201erozhodnut\u00ed polsk\u00e9ho \u00fastavn\u00edho soudu ohro\u017euje z\u00e1klady Evropsk\u00e9 unie. Evropsk\u00e1 komise mus\u00ed chr\u00e1nit ob\u010dany unie a bude proto jednat.\u201c To je bezprecedentn\u00ed v\u00fdrok,\u201c\u00a0p\u00ed\u0161e\u00a0ve zpr\u00e1v\u011b IVK, pod n\u00ed\u017e je podeps\u00e1n b\u00fdval\u00fd prezident s kolektivem.<\/p>\n<p>Polsk\u00fd \u00fastavn\u00ed soud p\u0159ed ned\u00e1vnem prohl\u00e1sil, \u017ee \u010d\u00e1st smluv, kter\u00e9 tvo\u0159\u00ed Evropskou unii, nen\u00ed kompatibiln\u00ed s \u00fastavou Polska a dodal, \u017ee polsk\u00e1 \u00fastava je nad\u0159azena evropsk\u00fdm smlouv\u00e1m.<\/p>\n<p>\u201eN\u00e1zor tohoto org\u00e1nu\u00a0nem\u00e1 pr\u00e1vo nikdo, ani \u00fa\u0159ednice Evropsk\u00e9 komise, kterou pan\u00ed Leyenov\u00e1 je, nerespektovat. Ur\u010dit\u011b si nesm\u00ed dovolit \u0159\u00edci, \u017ee jsou t\u00edm \u201eohro\u017eeny z\u00e1klady Evropsk\u00e9 unie\u201c. Rozhodnut\u00edm polsk\u00e9ho \u00fastavn\u00edho soudu v\u0161ak byly zpochybn\u011bny jednostrann\u00e9 n\u00e1zory a postoje, kter\u00e9 u\u017e l\u00e9ta prosazuj\u00ed evrop\u0161t\u00ed \u00fa\u0159edn\u00edci, evrop\u0161t\u00ed aktivist\u00e9 a \u010d\u00e1st evropsk\u00fdch politik\u016f,\u201c mysl\u00ed si b\u00fdval\u00fd prezident s kolegy.<\/p>\n<p>V\u00e1clav Klaus uvedl, \u017ee nehled\u011b na slova p\u0159edsedkyn\u011b Evropsk\u00e9 komise Ursuly von der Leyenov\u00e9, \u017ee unie mus\u00ed proti Polsku zakro\u010dit, aby ochr\u00e1nila ob\u010dany EU, nec\u00edt\u00ed se rozhodnut\u00edm polsk\u00e9ho soudu nijak ohro\u017een.<\/p>\n<p>\u201eMy, naopak, c\u00edt\u00edme pot\u0159ebu \u201echr\u00e1nit se\u201c p\u0159ed likvidac\u00ed svrchovanosti st\u00e1t\u016f EU. Jsme p\u0159esv\u011bd\u010deni, \u017ee ochranu komisa\u0159ky Leyenov\u00e9 ur\u010dit\u011b nepot\u0159ebuj\u00ed ani ob\u010dan\u00e9 Polsk\u00e9 republiky. Mnohokr\u00e1t v d\u011bjin\u00e1ch prok\u00e1zali, \u017ee jim o svrchovanost sv\u00e9 zem\u011b nesm\u00edrn\u011b jde,\u201c p\u00ed\u0161e b\u00fdval\u00fd prezident s kolegy.<\/p>\n<p>\u201eJe povinnost\u00ed n\u00e1s, \u010cech\u016f, abychom Pol\u00e1ky v t\u00e9to v\u011bci ve vlastn\u00edm z\u00e1jmu podpo\u0159ili,\u201c\u00a0dodal V\u00e1clav Klaus.<\/p>\n<p>V z\u00e1v\u011bru zpr\u00e1vy stoj\u00ed, \u017ee b\u00fdval\u00fd prezident odeslal vrcholn\u00fdm polsk\u00fdm politik\u016fm dopis, kde jim vyj\u00e1d\u0159il podporu.<\/p>\n<p>\u201eV\u00e1clav Klaus kr\u00e1tce p\u0159ed dne\u0161n\u00edm v\u00fdpadem pan\u00ed Leyenov\u00e9 odeslal dopis Jaroslawu Kaczy\u0144sk\u00e9mu, v n\u011bm\u017e s podobn\u00fdmi argumenty osobn\u011b podpo\u0159il polsk\u00e9 postoje,\u201c uvedl IVK na z\u00e1v\u011br.<\/p>\n<p><strong>Von der Leyen<\/strong><\/p>\n<p>V prvn\u00ed polovin\u011b \u0159\u00edjna bylo informov\u00e1no, \u017ee po rozhodnut\u00ed polsk\u00e9ho \u00fastavn\u00edho soudu p\u0159edsedkyn\u011b Evropsk\u00e9 komise Ursula von der Leyenov\u00e1 avizovala, \u017ee \u201epou\u017eije ve\u0161kerou svou moc\u201c, aby vynutila uplat\u0148ov\u00e1n\u00ed evropsk\u00e9ho pr\u00e1va. Berl\u00edn vyslovil Komisi svou \u201eplnou podporu\u201c.<\/p>\n<p>\u201eEvropsk\u00e1 unie je spole\u010denstv\u00edm hodnot a pr\u00e1va. To je to, co na\u0161i unii poj\u00ed a posiluje,\u201c\u00a0uvedla\u00a0p\u0159edsedkyn\u011b Evropsk\u00e9 komise ve sv\u00e9m prohl\u00e1\u0161en\u00ed. \u201eNa\u0161\u00ed z\u00e1sadn\u00ed prioritou je zajistit, \u017ee jsou chr\u00e1n\u011bna pr\u00e1va polsk\u00fdch ob\u010dan\u016f a \u017ee mohou pol\u0161t\u00ed ob\u010dan\u00e9 vyu\u017e\u00edvat v\u00fdhod plynouc\u00edch ze \u010dlenstv\u00ed v Evropsk\u00e9 unii, stejn\u011b jako ob\u010dan\u00e9 dal\u0161\u00edch zem\u00ed,\u201c prohl\u00e1sila d\u00e1le.<\/p>\n<p>\u201ePr\u00e1vo EU je nad\u0159azen\u00e9 n\u00e1rodn\u00edmu pr\u00e1vu, a to v\u010detn\u011b \u00fastavn\u00edch \u00faprav. K tomu se v\u0161echny \u010dlensk\u00e9 zem\u011b EU zav\u00e1zaly, kdy\u017e se st\u00e1valy \u010dleny Evropsk\u00e9 unie,\u201c upozornila von der Leyenov\u00e1. \u201ePou\u017eijeme ve\u0161kerou svou moc, kterou n\u00e1m poskytuj\u00ed Smlouvy, abychom to zajistili,\u201c odk\u00e1zala p\u0159edsedkyn\u011b Komise na prim\u00e1rn\u00ed pr\u00e1vo EU, kter\u00e9 ov\u0161em polsk\u00fd \u00fastavn\u00ed soud sv\u00fdm rozhodnut\u00edm zpochybnil.<\/p>\n<p><a href=\"https:\/\/cz.sputniknews.com\/20211019\/cesi-jsou-povinni-podporit-polaky-exprezident-klaus-se-pustil-do-von-der-leyenove-16225908.html\">ZDROJ<\/a><\/p>\n<p>&nbsp;<\/p>\n","protected":false},"excerpt":{"rendered":"<p>Institut V\u00e1clava Klause vydal prohl\u00e1\u0161en\u00ed k reakci Ursuly von der Leyenov\u00e9 na rozhodnut\u00ed polsk\u00e9ho \u00fastavn\u00edho&#8230;<\/p>\n","protected":false},"author":2,"featured_media":970,"comment_status":"closed","ping_status":"closed","sticky":false,"template":"","format":"standard","meta":[],"categories":[6],"tags":[670,41,1339,459],"_links":{"self":[{"href":"https:\/\/www.infokuryr.cz\/n\/wp-json\/wp\/v2\/posts\/5483"}],"collection":[{"href":"https:\/\/www.infokuryr.cz\/n\/wp-json\/wp\/v2\/posts"}],"about":[{"href":"https:\/\/www.infokuryr.cz\/n\/wp-json\/wp\/v2\/types\/post"}],"author":[{"embeddable":true,"href":"https:\/\/www.infokuryr.cz\/n\/wp-json\/wp\/v2\/users\/2"}],"replies":[{"embeddable":true,"href":"https:\/\/www.infokuryr.cz\/n\/wp-json\/wp\/v2\/comments?post=5483"}],"version-history":[{"count":0,"href":"https:\/\/www.infokuryr.cz\/n\/wp-json\/wp\/v2\/posts\/5483\/revisions"}],"wp:featuredmedia":[{"embeddable":true,"href":"https:\/\/www.infokuryr.cz\/n\/wp-json\/wp\/v2\/media\/970"}],"wp:attachment":[{"href":"https:\/\/www.infokuryr.cz\/n\/wp-json\/wp\/v2\/media?parent=5483"}],"wp:term":[{"taxonomy":"category","embeddable":true,"href":"https:\/\/www.infokuryr.cz\/n\/wp-json\/wp\/v2\/categories?post=5483"},{"taxonomy":"post_tag","embeddable":true,"href":"https:\/\/www.infokuryr.cz\/n\/wp-json\/wp\/v2\/tags?post=5483"}],"curies":[{"name":"wp","href":"https:\/\/api.w.org\/{rel}","templated":true}]}}