{"id":54716,"date":"2024-05-29T00:47:53","date_gmt":"2024-05-28T22:47:53","guid":{"rendered":"https:\/\/www.infokuryr.cz\/n\/?p=54716"},"modified":"2024-05-29T05:10:25","modified_gmt":"2024-05-29T03:10:25","slug":"izraelske-tanky-udajne-dosahly-centra-rafahu","status":"publish","type":"post","link":"https:\/\/www.infokuryr.cz\/n\/2024\/05\/29\/izraelske-tanky-udajne-dosahly-centra-rafahu\/","title":{"rendered":"Izraelsk\u00e9 tanky \u00fadajn\u011b dos\u00e1hly centra Rafahu"},"content":{"rendered":"<div id=\"fb-root\"><\/div>\n<p><span style=\"font-size: 18pt;\"><strong>Obrn\u011bn\u00e1 vozidla byla spat\u0159ena pobl\u00ed\u017e me\u0161ity Al Awda, \u0159ekli sv\u011bdci agentu\u0159e Reuters<\/strong><\/span><\/p>\n<p>Izraelsk\u00e9 tanky \u00fadajn\u011b dos\u00e1hly centra Raf\u00e1hu, zat\u00edmco Izraelsk\u00e9 obrann\u00e9 s\u00edly (IDF) v \u00fater\u00fd pokra\u010dovaly v operaci v palestinsk\u00e9m m\u011bst\u011b.<\/p>\n<p>Obrn\u011bn\u00e1 vozidla bylo mo\u017en\u00e9 vid\u011bt pobl\u00ed\u017e me\u0161ity Al Awda, kter\u00e1 je dominantou m\u011bsta, uvedla agentura Reuters s odvol\u00e1n\u00edm na v\u00fdpov\u011bdi sv\u011bdk\u016f.<\/p>\n<p>Akce IDF v Rafahu vyvolaly \u0161irok\u00e9 odsouzen\u00ed pot\u00e9, co n\u00e1let na m\u011bstskou \u010dtvr\u0165 Tel Al-Sultan v ned\u011bli zabil nejm\u00e9n\u011b 45 palestinsk\u00fdch uprchl\u00edk\u016f. Izrael p\u016fvodn\u011b uvedl, \u017ee \u00fatok byl p\u0159esn\u00fdm \u00faderem, jeho\u017e c\u00edlem bylo zab\u00edt vysok\u00e9 d\u016fstojn\u00edky militantn\u00ed skupiny Hamas. Pozd\u011bji v\u0161ak obvinila\u00a0z hromadn\u00e9 smrti civilist\u016f\u00a0<em>\u201etragickou chybu\u201c v procesu zam\u011b\u0159ov\u00e1n\u00ed.<\/em><\/p>\n<p>P\u0159es noc zas\u00e1hly m\u011bsto dal\u0161\u00ed \u00fadery, uvedli obyvatel\u00e9 agentury Reuters. Rafah slou\u017e\u00ed jako \u00fato\u010di\u0161t\u011b pro lidi vys\u00eddlen\u00e9 z cel\u00e9 Gazy od lo\u0148sk\u00e9ho \u0159\u00edjna, kdy smrt\u00edc\u00ed invaze Hamasu do ji\u017en\u00edho Izraele vyvolala odvetu tamn\u00ed arm\u00e1dy.<\/p>\n<p>Izraelsk\u00e1 vl\u00e1da tvrdila, \u017ee k likvidaci Hamasu byla nutn\u00e1 pozemn\u00ed operace v oblasti. Sv\u00e9 pl\u00e1ny prosadila navzdory roz\u0161\u00ed\u0159en\u00fdm mezin\u00e1rodn\u00edm obav\u00e1m, v\u010detn\u011b jej\u00edho kl\u00ed\u010dov\u00e9ho spojence USA, \u017ee \u00fatok povede k masov\u00fdm civiln\u00edm ob\u011btem.<\/p>\n<p>Operace pokra\u010duje, p\u0159esto\u017ee Mezin\u00e1rodn\u00ed soudn\u00ed dv\u016fr (ICJ) v p\u00e1tek na\u0159\u00eddil Izraeli zastavit sv\u00e9 aktivity v Raf\u00e1hu. Soudn\u00ed org\u00e1n OSN odm\u00edtl izraelsk\u00e1 tvrzen\u00ed, \u017ee podnik\u00e1 p\u0159\u00edslu\u0161n\u00e1 opat\u0159en\u00ed ke zm\u00edrn\u011bn\u00ed \u0161kod na civilistech, jako\u00a0\u00a0<em>\u201enep\u0159esv\u011bd\u010div\u00e1\u201c.<\/em><\/p>\n<p>Zdravotn\u00edci v Gaze uvedli, \u017ee v palestinsk\u00e9 enkl\u00e1v\u011b bylo kv\u016fli izraelsk\u00e9 ofenziv\u011b zabito p\u0159es 36 000 lid\u00ed. \u0158\u00edjnov\u00fd n\u00e1let Hamasu si podle izraelsk\u00fdch z\u00e1znam\u016f vy\u017e\u00e1dal asi 1200 mrtv\u00fdch a v\u00edce ne\u017e 250 lid\u00ed bylo zajato jako rukojm\u00ed.<\/p>\n<p><img decoding=\"async\" loading=\"lazy\" class=\"alignnone size-full wp-image-1185\" src=\"http:\/\/www.infokuryr.cz\/n\/wp-content\/uploads\/2021\/04\/kuryr-podpis.png\" alt=\"\" width=\"84\" height=\"24\" \/><\/p>\n<p>&nbsp;<\/p>\n","protected":false},"excerpt":{"rendered":"<p>Obrn\u011bn\u00e1 vozidla byla spat\u0159ena pobl\u00ed\u017e me\u0161ity Al Awda, \u0159ekli sv\u011bdci agentu\u0159e Reuters Izraelsk\u00e9 tanky \u00fadajn\u011b&#8230;<\/p>\n","protected":false},"author":2,"featured_media":54717,"comment_status":"closed","ping_status":"closed","sticky":false,"template":"","format":"standard","meta":[],"categories":[7],"tags":[348,178,107,1549],"_links":{"self":[{"href":"https:\/\/www.infokuryr.cz\/n\/wp-json\/wp\/v2\/posts\/54716"}],"collection":[{"href":"https:\/\/www.infokuryr.cz\/n\/wp-json\/wp\/v2\/posts"}],"about":[{"href":"https:\/\/www.infokuryr.cz\/n\/wp-json\/wp\/v2\/types\/post"}],"author":[{"embeddable":true,"href":"https:\/\/www.infokuryr.cz\/n\/wp-json\/wp\/v2\/users\/2"}],"replies":[{"embeddable":true,"href":"https:\/\/www.infokuryr.cz\/n\/wp-json\/wp\/v2\/comments?post=54716"}],"version-history":[{"count":0,"href":"https:\/\/www.infokuryr.cz\/n\/wp-json\/wp\/v2\/posts\/54716\/revisions"}],"wp:featuredmedia":[{"embeddable":true,"href":"https:\/\/www.infokuryr.cz\/n\/wp-json\/wp\/v2\/media\/54717"}],"wp:attachment":[{"href":"https:\/\/www.infokuryr.cz\/n\/wp-json\/wp\/v2\/media?parent=54716"}],"wp:term":[{"taxonomy":"category","embeddable":true,"href":"https:\/\/www.infokuryr.cz\/n\/wp-json\/wp\/v2\/categories?post=54716"},{"taxonomy":"post_tag","embeddable":true,"href":"https:\/\/www.infokuryr.cz\/n\/wp-json\/wp\/v2\/tags?post=54716"}],"curies":[{"name":"wp","href":"https:\/\/api.w.org\/{rel}","templated":true}]}}