{"id":54663,"date":"2024-05-28T06:37:05","date_gmt":"2024-05-28T04:37:05","guid":{"rendered":"https:\/\/www.infokuryr.cz\/n\/?p=54663"},"modified":"2024-05-28T07:16:33","modified_gmt":"2024-05-28T05:16:33","slug":"zidovsky-masakr-v-rafahu-totalni-zrudnosti-jiz-prekonaly-hitlera-ceska-vlada-to-podporuje","status":"publish","type":"post","link":"https:\/\/www.infokuryr.cz\/n\/2024\/05\/28\/zidovsky-masakr-v-rafahu-totalni-zrudnosti-jiz-prekonaly-hitlera-ceska-vlada-to-podporuje\/","title":{"rendered":"\u017didovsk\u00fd masakr v Rafahu: tot\u00e1ln\u00ed zr\u016fdnosti ji\u017e p\u0159ekonaly Hitlera. \u010cesk\u00e1 vl\u00e1da to podporuje"},"content":{"rendered":"<div id=\"fb-root\"><\/div>\n<p><strong>V \u00fapln\u00e9 tm\u011b ho\u0159\u00ed ohe\u0148 v cel\u00e9m bloku stan\u016f v Izraelem ur\u010den\u00e9 \u201ebezpe\u010dn\u00e9 z\u00f3n\u011b\u201c pro vys\u00eddlen\u00e9 Palestince, severoz\u00e1padn\u011b od m\u011bsta Rafah. Zat\u00edmco lid\u00e9 v hr\u016fze ut\u00edkaj\u00ed p\u0159ed po\u017e\u00e1rem, ohe\u0148 samotn\u00fd tvo\u0159\u00ed jedin\u00fd zdroj sv\u011btla a odhaluje pravdu o tom, co se d\u011bje ve vys\u00eddlen\u00e9m t\u00e1bo\u0159e.<\/strong><\/p>\n<p>Mu\u017e nese t\u011blo d\u00edt\u011bte. T\u011blu chyb\u00ed hlava. Z rozdrcen\u00e9ho trupu m\u016f\u017eeme vid\u011bt roz\u0159ezan\u00e9 ruce. Nohy jsou tak\u00e9 odd\u011bleny. Mu\u017e dr\u017e\u00ed t\u011blo ve vzduchu, jako by cht\u011bl v\u0161em uk\u00e1zat, co se tady stalo.<\/p>\n<p><strong>Video z tr\u00fdzniv\u00e9 sc\u00e9ny se od t\u00e9 doby stalo vir\u00e1ln\u00edm:<\/strong><\/p>\n<p>&nbsp;<\/p>\n<p><a href=\"https:\/\/x.com\/AlnaouqA\/status\/1795092668579467549?ref_src=twsrc%5Etfw%7Ctwcamp%5Etweetembed%7Ctwterm%5E1795092668579467549%7Ctwgr%5E9f783763c09322d12751a2fc00485cf3f66669d2%7Ctwcon%5Es1_&amp;ref_url=https%3A%2F%2Fmondoweiss.net%2F2024%2F05%2Frafah-massacre-how-israel-bombs-displaced-gazans-in-their-tents%2F\"><img decoding=\"async\" loading=\"lazy\" class=\"wp-image-54664 aligncenter\" src=\"http:\/\/www.infokuryr.cz\/n\/wp-content\/uploads\/2024\/05\/vid-gaza-199x300.jpg\" alt=\"\" width=\"378\" height=\"570\" srcset=\"https:\/\/www.infokuryr.cz\/n\/wp-content\/uploads\/2024\/05\/vid-gaza-199x300.jpg 199w, https:\/\/www.infokuryr.cz\/n\/wp-content\/uploads\/2024\/05\/vid-gaza.jpg 538w\" sizes=\"(max-width: 378px) 100vw, 378px\" \/><\/a><\/p>\n<p>Dal\u0161\u00ed video, kter\u00e9 zve\u0159ejnili p\u0159e\u017eiv\u0161\u00ed, ukazuje mu\u017ee s t\u011b\u017ek\u00fdmi pop\u00e1leninami, jak le\u017e\u00ed na z\u00e1dech s nata\u017een\u00fdma rukama. Ohe\u0148 pohltil jeho t\u011blo a znetvo\u0159il ho k nepozn\u00e1n\u00ed. Lid\u00e9 ho vyt\u00e1hli z ohn\u011b a pokusili se uhasit \u010d\u00e1st plamen\u016f, kter\u00e9 st\u00e1le ho\u0159ely jeho t\u011blo.<\/p>\n<p>V pozad\u00ed ho\u0159\u00ed ohn\u011b ve v\u00edce ne\u017e 30 stanech pro vys\u00eddlen\u00e9 v Raf\u00e1hu, kam se musely p\u0159est\u011bhovat statis\u00edce civilist\u016f. Izraelsk\u00e1 arm\u00e1da ozn\u00e1mila, \u017ee se zam\u011b\u0159ovala na \u201evy\u0161\u0161\u00ed\u201c p\u0159edstavitele Hamasu a \u017ee n\u00e1let byl \u201e p\u0159esn\u00fd \u201c. Izraelsk\u00fd premi\u00e9r Benjamin Netanjahu pozd\u011bji \u00fadajn\u011b \u0159ekl, \u017ee to byla \u201e tragick\u00e1 chyba \u201c. Podle ministerstva zdravotnictv\u00ed v Gaze bylo zabito nejm\u00e9n\u011b 45 lid\u00ed, v\u010detn\u011b 23 \u017een a d\u011bt\u00ed, a 249 lid\u00ed bylo zran\u011bno.<\/p>\n<p><a href=\"https:\/\/x.com\/search?q=rafah&amp;src=typed_query\"><img decoding=\"async\" loading=\"lazy\" class=\"wp-image-54674 aligncenter\" src=\"http:\/\/www.infokuryr.cz\/n\/wp-content\/uploads\/2024\/05\/chlapec-m-300x270.jpg\" alt=\"\" width=\"529\" height=\"476\" srcset=\"https:\/\/www.infokuryr.cz\/n\/wp-content\/uploads\/2024\/05\/chlapec-m-300x270.jpg 300w, https:\/\/www.infokuryr.cz\/n\/wp-content\/uploads\/2024\/05\/chlapec-m.jpg 512w\" sizes=\"(max-width: 529px) 100vw, 529px\" \/><\/a><\/p>\n<p>Mondoweiss hovo\u0159il s p\u0159e\u017eiv\u0161\u00edmi. Ka\u017ed\u00e9 sv\u011bdectv\u00ed popisovalo z\u00e1\u017eitek masakru, kter\u00fd z\u00edskal zvl\u00e1\u0161tn\u00ed v\u00fdznam ve sv\u011btle skute\u010dnosti, \u017ee jim izraelsk\u00e1 arm\u00e1da \u0159ekla, aby tam \u0161li, aby jim nebylo ubl\u00ed\u017eeno. Oblast, kde k n\u00e1letu do\u0161lo, se naz\u00fdvala \u201eKuvajtsk\u00fd m\u00edrov\u00fd t\u00e1bor\u201c.<\/p>\n<p>Toto nen\u00ed prvn\u00ed incident, kter\u00fd Mondoweiss zdokumentoval , kdy se izraelsk\u00e1 arm\u00e1da zam\u011b\u0159ila na lidi v \u201ebezpe\u010dn\u00fdch z\u00f3n\u00e1ch\u201c. Ani masakr v Rafahu nebyl toho dne jedin\u00fdm \u2013 arm\u00e1da provedla v Gaze 7 masakr\u016f, kter\u00e9 si za posledn\u00edch 24 hodin vy\u017e\u00e1daly 66 mrtv\u00fdch Palestinc\u016f.<\/p>\n<p>Nidal al-Attar, vys\u00eddlen\u00fd z m\u011bsta Gaza do Rafahu, \u017eije se svou rodinou ve stanu 300 metr\u016f od m\u00edsta bombov\u00e9ho \u00fatoku. Stoj\u00ed p\u0159ed kamerou s unavenou a vyd\u011b\u0161enou tv\u00e1\u0159\u00ed a vyd\u00e1v\u00e1 sv\u00e9 sv\u011bdectv\u00ed.<\/p>\n<p>&#8222;Jak m\u016f\u017eete vid\u011bt na vlastn\u00ed o\u010di, tady byla potravinov\u00e1 klinika,&#8220; \u0159\u00edk\u00e1 Mondoweiss . \u201eLid\u00e9 tu va\u0159\u00ed ka\u017ed\u00fd den a krm\u00ed vys\u00eddlen\u00e9 lidi v t\u00e1bo\u0159e. To m\u00edsto se prom\u011bnilo v popel, jak vid\u00edte.&#8220;<\/p>\n<p>\u201eP\u0159i\u0161li jsme sem na z\u00e1klad\u011b mapy vydan\u00e9 izraelskou arm\u00e1dou,\u201c pokra\u010duje. &#8222;\u0158ekli n\u00e1m, abychom \u0161li do oblasti Tal al-Sultan, a tady n\u00e1s bombarduj\u00ed a bombarduj\u00ed na\u0161e zdroje potravy.&#8220;<\/p>\n<p>Nidal \u0159\u00edk\u00e1, \u017ee on a jeho rodina sed\u011bli ve sv\u00e9m stanu, kdy\u017e zaslechli \u010dty\u0159i st\u0159ely. Pozd\u011bji se dozv\u011bd\u011bl, \u017ee st\u0159ely zas\u00e1hly p\u0159\u00edmo kliniku, studnu s vodou a p\u0159ilehl\u00e9 stany, ve kter\u00fdch bylo uskladn\u011bno n\u011bjak\u00e9 j\u00eddlo a kuchy\u0148sk\u00e9 n\u00e1\u010din\u00ed. Nidal a jeho soused\u00e9 ve vys\u00eddlen\u00e9m t\u00e1bo\u0159e sp\u011bchali, aby zachr\u00e1nili zran\u011bn\u00e9, ale kdy\u017e dorazil, byl p\u0159ekvapen hr\u016fzou, kter\u00e1 p\u0159ed n\u00edm st\u00e1la.<\/p>\n<p><img decoding=\"async\" loading=\"lazy\" class=\"wp-image-54666 aligncenter\" src=\"http:\/\/www.infokuryr.cz\/n\/wp-content\/uploads\/2024\/05\/gaza-dite-300x182.jpg\" alt=\"\" width=\"628\" height=\"381\" srcset=\"https:\/\/www.infokuryr.cz\/n\/wp-content\/uploads\/2024\/05\/gaza-dite-300x182.jpg 300w, https:\/\/www.infokuryr.cz\/n\/wp-content\/uploads\/2024\/05\/gaza-dite.jpg 500w\" sizes=\"(max-width: 628px) 100vw, 628px\" \/><\/p>\n<p>\u201eNa m\u00edsto jsme dorazili rychle a ohe\u0148 st\u00e1le ho\u0159el na klinice a sousedn\u00edch stanech. Byly tam des\u00edtky t\u011bl a mrtv\u00fdch lid\u00ed, ale t\u011bla jsme nedok\u00e1zali rozli\u0161it,\u201c \u0159\u00edk\u00e1. \u201eNev\u011bd\u011bli jsme, kdo to sp\u00e1lil. T\u011bla byla zcela sp\u00e1lena a roz\u0159ez\u00e1na a my jsme proch\u00e1zeli p\u0159es ohe\u0148 a t\u011bla ve snaze dostat ven ka\u017ed\u00e9ho, kdo byl je\u0161t\u011b na\u017eivu.<\/p>\n<p>Nidal trv\u00e1 na tom, \u017ee bomby, kter\u00e9 c\u00edlily, nebyly norm\u00e1ln\u00ed, ale americk\u00e9 zbran\u011b, kter\u00e9 \u201eIzrael testuje na palestinsk\u00fdch civilistech v Gaze\u201c.<\/p>\n<p>\u201eNic jsme nena\u0161li,\u201c dod\u00e1v\u00e1. \u201eNeexistovalo nic, co by vy\u017eadovalo bombardov\u00e1n\u00ed. Na\u0161li jsme jen roz\u0159ezan\u00e9 d\u011bti, oho\u0159el\u00e1 t\u011bla a rozh\u00e1zen\u00e9 org\u00e1ny. Dali jsme je do p\u0159ikr\u00fdvek a vyndali.&#8220;<\/p>\n<p><a href=\"https:\/\/x.com\/search?q=rafah&amp;src=typed_query\"><img decoding=\"async\" loading=\"lazy\" class=\"wp-image-54675 aligncenter\" src=\"http:\/\/www.infokuryr.cz\/n\/wp-content\/uploads\/2024\/05\/rafah-298x300.jpg\" alt=\"\" width=\"549\" height=\"553\" srcset=\"https:\/\/www.infokuryr.cz\/n\/wp-content\/uploads\/2024\/05\/rafah-298x300.jpg 298w, https:\/\/www.infokuryr.cz\/n\/wp-content\/uploads\/2024\/05\/rafah-150x150.jpg 150w, https:\/\/www.infokuryr.cz\/n\/wp-content\/uploads\/2024\/05\/rafah.jpg 497w\" sizes=\"(max-width: 549px) 100vw, 549px\" \/><\/a><\/p>\n<p><strong>\u201eTohle je z\u00f3na teroru. Nen\u00ed to bezpe\u010dn\u00e1 z\u00f3na, jak n\u00e1m \u0159\u00edk\u00e1 izraelsk\u00e1 arm\u00e1da,\u201c \u0159\u00edk\u00e1 Nidal.<\/strong><\/p>\n<p>Taghreed al-Astal, 53, \u0159\u00edk\u00e1 Mondoweiss , \u017ee v\u010dera p\u0159ipravovala sv\u016fj stan pro svou rodinu na span\u00ed, ne\u017e ji p\u0159ekvapil ten d\u011bsiv\u00fd zvuk.<\/p>\n<p>Byla ve stanu 350 metr\u016f od m\u00edsta bombardov\u00e1n\u00ed, ale i pot\u00e9 se st\u0159epiny raket dostaly a\u017e k jej\u00edmu stanu. Jej\u00edch p\u011bt d\u011bt\u00ed se za\u010dalo t\u0159\u00e1st strachy a pt\u00e1t se j\u00ed, jestli v\u0161echny zem\u0159ou a budou up\u00e1leny za\u017eiva.<\/p>\n<p><a href=\"https:\/\/x.com\/search?q=rafah&amp;src=typed_query\"><img decoding=\"async\" loading=\"lazy\" class=\"wp-image-54671 aligncenter\" src=\"http:\/\/www.infokuryr.cz\/n\/wp-content\/uploads\/2024\/05\/dite-rafa-260x300.jpg\" alt=\"\" width=\"470\" height=\"543\" srcset=\"https:\/\/www.infokuryr.cz\/n\/wp-content\/uploads\/2024\/05\/dite-rafa-260x300.jpg 260w, https:\/\/www.infokuryr.cz\/n\/wp-content\/uploads\/2024\/05\/dite-rafa.jpg 588w\" sizes=\"(max-width: 470px) 100vw, 470px\" \/><\/a><\/p>\n<p>&#8222;Ptali se m\u011b, jestli jsme je\u0161t\u011b na\u017eivu,&#8220; \u0159\u00edk\u00e1. &#8222;Sna\u017eil jsem se je uklidnit a \u0159\u00edct jim, \u017ee je konec.&#8220;<\/p>\n<p>\u201eN\u00e1\u0161 soused, star\u00fd mu\u017e, se modlil p\u0159ed sv\u00fdm stanem a prov\u00e1d\u011bl ve\u010dern\u00ed modlitbu,\u201c pokra\u010duje. \u201eKdy\u017e do\u0161lo k bombardov\u00e1n\u00ed, byl zasa\u017een \u0161rapnelem. Jeho mozek \u00fapln\u011b vypadl z lebky a p\u0159ed na\u0161ima o\u010dima spadl na zem.\u201c<\/p>\n<p><a href=\"https:\/\/x.com\/search?q=rafah&amp;src=typed_query\"><img decoding=\"async\" loading=\"lazy\" class=\"wp-image-54673 aligncenter\" src=\"http:\/\/www.infokuryr.cz\/n\/wp-content\/uploads\/2024\/05\/chlapecgaza-296x300.jpg\" alt=\"\" width=\"469\" height=\"475\" srcset=\"https:\/\/www.infokuryr.cz\/n\/wp-content\/uploads\/2024\/05\/chlapecgaza-296x300.jpg 296w, https:\/\/www.infokuryr.cz\/n\/wp-content\/uploads\/2024\/05\/chlapecgaza.jpg 531w\" sizes=\"(max-width: 469px) 100vw, 469px\" \/><\/a><\/p>\n<p>Taghreed \u0159\u00edk\u00e1, \u017ee za\u010dala sv\u00e9 d\u011bti jedno po druh\u00e9m kontrolovat, aby se ujistila, \u017ee jsou v bezpe\u010d\u00ed a \u017ee se jim nic nestalo. &#8222;Moje nejstar\u0161\u00ed dcera byla venku p\u0159ed stanem, a kdy\u017e do\u0161lo k bombardov\u00e1n\u00ed, rychle k n\u00e1m p\u0159i\u0161la a \u0159ekla n\u00e1m, zkontrolujte m\u011b, jsem na\u017eivu?&#8220; \u0158\u00edk\u00e1, \u017ee v\u0161echny d\u011bti a \u017eeny v okol\u00ed k\u0159i\u010dely strachy.<\/p>\n<p>Taghreed \u0159\u00edk\u00e1 Mondoweissovi , \u017ee po dne\u0161ku by mohla b\u00fdt vys\u00eddlena jindy. S t\u00edm, co se stalo, c\u00edt\u00ed, \u017ee u\u017e to tady nen\u00ed bezpe\u010dn\u00e9. \u201eV\u010dera jsme se sousedy v t\u00e1bo\u0159e p\u0159em\u00fd\u0161leli, jestli je tento t\u00e1bor bezpe\u010dn\u00fd, a soused mi \u0159ekl, abych si byl jist\u00fd, \u017ee je to m\u00edsto bezpe\u010dn\u00e9 a nic se n\u00e1m nestane. Dnes tento mu\u017e zem\u0159el spolu se sv\u00fdm synem. St\u00e1l p\u0159ed sv\u00fdm stanem a modlil se. Nev\u00edm, pro\u010d byl zabit.&#8220;<\/p>\n<p><a href=\"https:\/\/x.com\/search?q=rafah&amp;src=typed_query\"><img decoding=\"async\" loading=\"lazy\" class=\"wp-image-54676 aligncenter\" src=\"http:\/\/www.infokuryr.cz\/n\/wp-content\/uploads\/2024\/05\/dete2-236x300.jpg\" alt=\"\" width=\"457\" height=\"581\" srcset=\"https:\/\/www.infokuryr.cz\/n\/wp-content\/uploads\/2024\/05\/dete2-236x300.jpg 236w, https:\/\/www.infokuryr.cz\/n\/wp-content\/uploads\/2024\/05\/dete2.jpg 398w\" sizes=\"(max-width: 457px) 100vw, 457px\" \/><\/a><\/p>\n<p>&nbsp;<\/p>\n<p><strong>A co nato \u010desk\u00e1 vl\u00e1da ? Nic, ml\u010d\u00ed a podporuje \u017eidovsk\u00fd st\u00e1t v p\u00e1ch\u00e1n\u00ed genocidy na d\u011btech, \u017een\u00e1ch a civiln\u00edm obyvatelstvu! Cel\u00fd sv\u011bt se proti t\u011bmto \u017eidovsk\u00fdm zr\u016fdnostem bou\u0159\u00ed, ale my ml\u010d\u00edme. \u017didi ignoruji rozhodnut\u00ed mezin\u00e1rodn\u00edho soudu, aby zastavili vyvra\u017e\u010fov\u00e1n\u00ed civiln\u00edho obyvatelstva a na\u0161e ministerstvo zahrani\u010d\u00ed nevydalo \u017e\u00e1dn\u00e9 prohl\u00e1\u0161en\u00ed, kter\u00e9 by odsoudilo tuto \u017eidovskou genocidu!\u00a0<\/strong><\/p>\n<p><em>Hasan Isleih pro tuto zpr\u00e1vu shrom\u00e1\u017edil sv\u011bdectv\u00ed.<\/em><\/p>\n","protected":false},"excerpt":{"rendered":"<p>V \u00fapln\u00e9 tm\u011b ho\u0159\u00ed ohe\u0148 v cel\u00e9m bloku stan\u016f v Izraelem ur\u010den\u00e9 \u201ebezpe\u010dn\u00e9 z\u00f3n\u011b\u201c pro&#8230;<\/p>\n","protected":false},"author":2,"featured_media":54665,"comment_status":"closed","ping_status":"closed","sticky":false,"template":"","format":"standard","meta":[],"categories":[7],"tags":[790,245,348,178,871,92],"_links":{"self":[{"href":"https:\/\/www.infokuryr.cz\/n\/wp-json\/wp\/v2\/posts\/54663"}],"collection":[{"href":"https:\/\/www.infokuryr.cz\/n\/wp-json\/wp\/v2\/posts"}],"about":[{"href":"https:\/\/www.infokuryr.cz\/n\/wp-json\/wp\/v2\/types\/post"}],"author":[{"embeddable":true,"href":"https:\/\/www.infokuryr.cz\/n\/wp-json\/wp\/v2\/users\/2"}],"replies":[{"embeddable":true,"href":"https:\/\/www.infokuryr.cz\/n\/wp-json\/wp\/v2\/comments?post=54663"}],"version-history":[{"count":1,"href":"https:\/\/www.infokuryr.cz\/n\/wp-json\/wp\/v2\/posts\/54663\/revisions"}],"predecessor-version":[{"id":54672,"href":"https:\/\/www.infokuryr.cz\/n\/wp-json\/wp\/v2\/posts\/54663\/revisions\/54672"}],"wp:featuredmedia":[{"embeddable":true,"href":"https:\/\/www.infokuryr.cz\/n\/wp-json\/wp\/v2\/media\/54665"}],"wp:attachment":[{"href":"https:\/\/www.infokuryr.cz\/n\/wp-json\/wp\/v2\/media?parent=54663"}],"wp:term":[{"taxonomy":"category","embeddable":true,"href":"https:\/\/www.infokuryr.cz\/n\/wp-json\/wp\/v2\/categories?post=54663"},{"taxonomy":"post_tag","embeddable":true,"href":"https:\/\/www.infokuryr.cz\/n\/wp-json\/wp\/v2\/tags?post=54663"}],"curies":[{"name":"wp","href":"https:\/\/api.w.org\/{rel}","templated":true}]}}