{"id":54662,"date":"2024-05-28T06:26:38","date_gmt":"2024-05-28T04:26:38","guid":{"rendered":"https:\/\/www.infokuryr.cz\/n\/?p=54662"},"modified":"2024-05-28T06:26:38","modified_gmt":"2024-05-28T04:26:38","slug":"prezident-argentiny-zrusil-tamni-ministerstvo-vnitra","status":"publish","type":"post","link":"https:\/\/www.infokuryr.cz\/n\/2024\/05\/28\/prezident-argentiny-zrusil-tamni-ministerstvo-vnitra\/","title":{"rendered":"Prezident Argentiny zru\u0161il tamn\u00ed ministerstvo vnitra"},"content":{"rendered":"<div id=\"fb-root\"><\/div>\n<p class=\"lead\"><strong>Argentinsk\u00fd ministr vnitra Guillermo Francos byl jmenov\u00e1n do funkce premi\u00e9ra zem\u011b pot\u00e9, co Nicolas Posse, kter\u00fd tuto funkci zast\u00e1val, rezignoval, vypl\u00fdv\u00e1 z prohl\u00e1\u0161en\u00ed zve\u0159ejn\u011bn\u00e9ho 27. kv\u011btna z\u00e1stupci \u00fa\u0159adu prezidenta Javiera Mileyho.<\/strong><\/p>\n<p><em>\u201eKancel\u00e1\u0159 prezidenta ozn\u00e1mila, \u017ee Nicolas Posse podal demisi z funkce p\u0159edsedy vl\u00e1dy. Guillermo Francos p\u0159evezme funkci \u0161\u00e9fa kabinetu,\u201c stoj\u00ed v prohl\u00e1\u0161en\u00ed zve\u0159ejn\u011bn\u00e9m na soci\u00e1ln\u00ed s\u00edti X.<\/em><\/p>\n<p><span>V d\u016fsledku person\u00e1ln\u00edch zm\u011bn ztrat\u00ed argentinsk\u00e9 ministerstvo vnitra statut ministerstva a bude rozpu\u0161t\u011bno na sekretari\u00e1t pod veden\u00edm Francose.<\/span><\/p>\n<p><span>Podle agentury Bloomberg ke zm\u011bn\u011b p\u0159edsedy kabinetu do\u0161lo pot\u00e9, co Miley minul\u00fd t\u00fdden varovala, \u017ee vl\u00e1da by m\u011bla o\u010dek\u00e1vat reorganizaci, pokud Kongres neschv\u00e1l\u00ed bal\u00ed\u010dek reforem pl\u00e1novan\u00fd prezidentem.<\/span><\/p>\n<p><span>Posse se stal kl\u00ed\u010dovou postavou Mileyiny p\u0159edvolebn\u00ed kampan\u011b a tak\u00e9 jedn\u00edm z hlavn\u00edch inici\u00e1tor\u016f jedn\u00e1n\u00ed s Mezin\u00e1rodn\u00edm m\u011bnov\u00fdm fondem (MMF) o vy\u0159e\u0161en\u00ed ot\u00e1zky ve\u0159ejn\u00e9ho dluhu Argentiny ve v\u00fd\u0161i 44 miliard dolar\u016f.<\/span><\/p>\n<p><img decoding=\"async\" loading=\"lazy\" class=\"alignnone size-full wp-image-1185\" src=\"http:\/\/www.infokuryr.cz\/n\/wp-content\/uploads\/2021\/04\/kuryr-podpis.png\" alt=\"\" width=\"84\" height=\"24\" \/><\/p>\n<p>&nbsp;<\/p>\n","protected":false},"excerpt":{"rendered":"<p>Argentinsk\u00fd ministr vnitra Guillermo Francos byl jmenov\u00e1n do funkce premi\u00e9ra zem\u011b pot\u00e9, co Nicolas Posse,&#8230;<\/p>\n","protected":false},"author":2,"featured_media":41115,"comment_status":"closed","ping_status":"closed","sticky":false,"template":"","format":"standard","meta":[],"categories":[7],"tags":[756,1809,165],"_links":{"self":[{"href":"https:\/\/www.infokuryr.cz\/n\/wp-json\/wp\/v2\/posts\/54662"}],"collection":[{"href":"https:\/\/www.infokuryr.cz\/n\/wp-json\/wp\/v2\/posts"}],"about":[{"href":"https:\/\/www.infokuryr.cz\/n\/wp-json\/wp\/v2\/types\/post"}],"author":[{"embeddable":true,"href":"https:\/\/www.infokuryr.cz\/n\/wp-json\/wp\/v2\/users\/2"}],"replies":[{"embeddable":true,"href":"https:\/\/www.infokuryr.cz\/n\/wp-json\/wp\/v2\/comments?post=54662"}],"version-history":[{"count":0,"href":"https:\/\/www.infokuryr.cz\/n\/wp-json\/wp\/v2\/posts\/54662\/revisions"}],"wp:featuredmedia":[{"embeddable":true,"href":"https:\/\/www.infokuryr.cz\/n\/wp-json\/wp\/v2\/media\/41115"}],"wp:attachment":[{"href":"https:\/\/www.infokuryr.cz\/n\/wp-json\/wp\/v2\/media?parent=54662"}],"wp:term":[{"taxonomy":"category","embeddable":true,"href":"https:\/\/www.infokuryr.cz\/n\/wp-json\/wp\/v2\/categories?post=54662"},{"taxonomy":"post_tag","embeddable":true,"href":"https:\/\/www.infokuryr.cz\/n\/wp-json\/wp\/v2\/tags?post=54662"}],"curies":[{"name":"wp","href":"https:\/\/api.w.org\/{rel}","templated":true}]}}