{"id":54661,"date":"2024-05-28T06:24:09","date_gmt":"2024-05-28T04:24:09","guid":{"rendered":"https:\/\/www.infokuryr.cz\/n\/?p=54661"},"modified":"2024-05-28T06:24:09","modified_gmt":"2024-05-28T04:24:09","slug":"papez-zada-biskupy-aby-neucili-homosexualy","status":"publish","type":"post","link":"https:\/\/www.infokuryr.cz\/n\/2024\/05\/28\/papez-zada-biskupy-aby-neucili-homosexualy\/","title":{"rendered":"Pape\u017e \u017e\u00e1d\u00e1 biskupy, aby neu\u010dili homosexu\u00e1ly"},"content":{"rendered":"<div id=\"fb-root\"><\/div>\n<p class=\"lead\"><strong>Pape\u017e Franti\u0161ek \u00fadajn\u011b v projevu k italsk\u00fdm biskup\u016fm na jejich v\u00fdro\u010dn\u00edm shrom\u00e1\u017ed\u011bn\u00ed nazval n\u011bkter\u00e9 semin\u00e1\u0159e \u201el\u00edhn\u011bmi pro homosexu\u00e1ly\u201c a po\u017e\u00e1dal, aby nep\u0159ij\u00edmali mlad\u00e9 lidi, kte\u0159\u00ed vykazuj\u00ed sexu\u00e1ln\u00ed sklony k netradi\u010dn\u00ed orientaci, k v\u00fdchov\u011b budouc\u00edch kn\u011b\u017e\u00ed.<\/strong><\/p>\n<p><span>Napsal o tom list La Repubblica s odkazem na n\u011bkolik zdroj\u016f najednou. Ve Vatik\u00e1nu z\u00e1rove\u0148 nebyl ofici\u00e1ln\u011b zve\u0159ejn\u011bn program a obsah setk\u00e1n\u00ed pape\u017ee s Konferenc\u00ed italsk\u00fdch biskup\u016f.<\/span><\/p>\n<p><span>Publikace p\u0159ipom\u00edn\u00e1, \u017ee od roku 2005 plat\u00ed na\u0159\u00edzen\u00ed nep\u0159ipou\u0161t\u011bt \u201epraktikuj\u00edc\u00ed homosexu\u00e1ly a podporuj\u00edc\u00ed gay kulturu\u201c do vzd\u011bl\u00e1vac\u00edch instituc\u00ed pro \u0161kolen\u00ed duchovn\u00edch. Sou\u010dasn\u00fd pontifik potvrdil tento postoj sv\u00e9ho p\u0159edch\u016fdce\u00a0<\/span><strong><span>Benedikta XVI.<\/span><\/strong><span>\u00a0ji\u017e v roce 2016\u00a0. V mnoha p\u0159\u00edpadech v\u0161ak toto pravidlo nebylo dodr\u017eeno, proto\u017ee katoli\u010dt\u00ed kn\u011b\u017e\u00ed podl\u00e9haj\u00ed slibu celib\u00e1tu, kter\u00fd a priori vylu\u010duje jak\u00fdkoli sexu\u00e1ln\u00ed \u017eivot. Homosexu\u00e1lov\u00e9 tak byli p\u0159ij\u00edm\u00e1ni pod z\u00e1minkou z\u0159eknut\u00ed se \u201esv\u011btsk\u00fdch po\u017eitk\u016f\u201c.<\/span><\/p>\n<p><span>V \u0159\u00edmsk\u00e9m semin\u00e1\u0159i, kter\u00e9mu se pro bl\u00edzkost Vatik\u00e1nu \u0159\u00edk\u00e1 \u201epape\u017esk\u00fd\u201c, ned\u00e1vno propukl homosexu\u00e1ln\u00ed skand\u00e1l. Prob\u011bhl proces ve v\u011bci korupce a nav\u00e1d\u011bn\u00ed k sexu s nezletil\u00fdm. P\u0159\u00edpad byl v\u0161ak nakonec uzav\u0159en.<\/span><\/p>\n<p><span>Ned\u00e1vno Vatik\u00e1n povolil \u017eehn\u00e1n\u00ed p\u0159edstavitel\u016fm sexu\u00e1ln\u00edch men\u0161in a p\u0159ij\u00edm\u00e1n\u00ed sv\u00e1tost\u00ed, ale nemluv\u00edme o uzn\u00e1v\u00e1n\u00ed nebo uzav\u00edr\u00e1n\u00ed s\u0148atk\u016f osob stejn\u00e9ho pohlav\u00ed v c\u00edrkvi. Man\u017eelstv\u00ed z\u016fst\u00e1v\u00e1 podle c\u00edrkevn\u00edho dogmatu v\u00fdhradn\u011b svazkem mezi mu\u017eem a \u017eenou, vysv\u011btlil Vatik\u00e1n.<\/span><\/p>\n<p><span>Francis opakovan\u011b volal po soucitn\u00e9m zach\u00e1zen\u00ed s jakoukoli osobou a tak\u00e9 \u0159ekl: &#8222;Kdo jsem, abych soudil lidi s netradi\u010dn\u00ed sexu\u00e1ln\u00ed orientac\u00ed.&#8220;<\/span><\/p>\n<p><img decoding=\"async\" loading=\"lazy\" class=\"alignnone size-full wp-image-1185\" src=\"http:\/\/www.infokuryr.cz\/n\/wp-content\/uploads\/2021\/04\/kuryr-podpis.png\" alt=\"\" width=\"84\" height=\"24\" \/><\/p>\n<p>&nbsp;<\/p>\n","protected":false},"excerpt":{"rendered":"<p>Pape\u017e Franti\u0161ek \u00fadajn\u011b v projevu k italsk\u00fdm biskup\u016fm na jejich v\u00fdro\u010dn\u00edm shrom\u00e1\u017ed\u011bn\u00ed nazval n\u011bkter\u00e9 semin\u00e1\u0159e&#8230;<\/p>\n","protected":false},"author":2,"featured_media":49032,"comment_status":"closed","ping_status":"closed","sticky":false,"template":"","format":"standard","meta":[],"categories":[7],"tags":[241,254,6286,1940],"_links":{"self":[{"href":"https:\/\/www.infokuryr.cz\/n\/wp-json\/wp\/v2\/posts\/54661"}],"collection":[{"href":"https:\/\/www.infokuryr.cz\/n\/wp-json\/wp\/v2\/posts"}],"about":[{"href":"https:\/\/www.infokuryr.cz\/n\/wp-json\/wp\/v2\/types\/post"}],"author":[{"embeddable":true,"href":"https:\/\/www.infokuryr.cz\/n\/wp-json\/wp\/v2\/users\/2"}],"replies":[{"embeddable":true,"href":"https:\/\/www.infokuryr.cz\/n\/wp-json\/wp\/v2\/comments?post=54661"}],"version-history":[{"count":0,"href":"https:\/\/www.infokuryr.cz\/n\/wp-json\/wp\/v2\/posts\/54661\/revisions"}],"wp:featuredmedia":[{"embeddable":true,"href":"https:\/\/www.infokuryr.cz\/n\/wp-json\/wp\/v2\/media\/49032"}],"wp:attachment":[{"href":"https:\/\/www.infokuryr.cz\/n\/wp-json\/wp\/v2\/media?parent=54661"}],"wp:term":[{"taxonomy":"category","embeddable":true,"href":"https:\/\/www.infokuryr.cz\/n\/wp-json\/wp\/v2\/categories?post=54661"},{"taxonomy":"post_tag","embeddable":true,"href":"https:\/\/www.infokuryr.cz\/n\/wp-json\/wp\/v2\/tags?post=54661"}],"curies":[{"name":"wp","href":"https:\/\/api.w.org\/{rel}","templated":true}]}}