{"id":54651,"date":"2024-05-28T00:50:08","date_gmt":"2024-05-27T22:50:08","guid":{"rendered":"https:\/\/www.infokuryr.cz\/n\/?p=54651"},"modified":"2024-05-28T05:09:06","modified_gmt":"2024-05-28T03:09:06","slug":"michael-svatos-premier-francie-gabriel-attal-oznamil-ze-pariz-zacne-podle-rakusanova-paktu-vysidlovat","status":"publish","type":"post","link":"https:\/\/www.infokuryr.cz\/n\/2024\/05\/28\/michael-svatos-premier-francie-gabriel-attal-oznamil-ze-pariz-zacne-podle-rakusanova-paktu-vysidlovat\/","title":{"rendered":"Michael Svato\u0161: Premi\u00e9r Francie Gabriel Attal ozn\u00e1mil, \u017ee Pa\u0159\u00ed\u017e za\u010dne podle Raku\u0161anova paktu vys\u00eddlovat &#8230;"},"content":{"rendered":"<div id=\"fb-root\"><\/div>\n<p><span style=\"font-size: 14pt; color: #993366;\"><strong>Premi\u00e9r Francie Gabriel Attal ozn\u00e1mil, \u017ee Pa\u0159\u00ed\u017e za\u010dne podle Raku\u0161anova paktu vys\u00eddlovat nep\u0159izp\u016fsobiv\u00e9 uprchl\u00edky do \u010cR a na Slovensko! Pol\u00e1ci i Ma\u010fa\u0159i zu\u0159\u00ed! \u010ce\u0161t\u00ed politici rad\u011bji trapn\u011b ml\u010d\u00ed! Mnichovsk\u00fd dikt\u00e1t 1938 nahrazen Raku\u0161anov\u00fdm paktem 2024!<\/strong><\/span><\/p>\n<p>\u010casy se m\u011bn\u00ed.\u00a0<a href=\"https:\/\/zahranicni.hn.cz\/c1-65909510-francie-dobrovolne-prijme-deset-tisic-uprchliku-chce-tim-migranty-odradit-od-nebezpecne-cesty-pres-stredozemni-more\">Je\u0161t\u011b v \u0159\u00edjnu 2017 francouzsk\u00fd prezident Macron v Bruselu slavnostn\u011b vyhla\u0161oval<\/a>,\u00a0\u017ee jeho zem\u011b dobrovoln\u011b p\u0159ijme 10 000 arabsk\u00fdch uprchl\u00edk\u016f, jen aby se \u201cneutopili\u201d cestou ve St\u0159edozemn\u00edm mo\u0159i. A te\u010f, 23. kv\u011btna 2024,\u00a0<a href=\"https:\/\/twitter.com\/LevenementFTV\/status\/1793722541808165124\">u\u017e francouzsk\u00fd premi\u00e9r Attal v tamn\u00ed televizn\u00ed p\u0159edvolebn\u00ed debat\u011b sl\u00edbil v\u0161em Francouz\u016fm<\/a>, \u017ee jejich utrpen\u00ed s nep\u0159izp\u016fsobiv\u00fdmi neevropsk\u00fdmi imigranty je u konce, proto\u017ee je za\u010dne d\u00edky Raku\u0161anov\u011b imigra\u010dn\u00edmu paktu \u0161upito presto pos\u00edlat do zem\u00ed v\u00fdchodn\u00ed Evropy, kde jich je m\u00e1lo!<\/p>\n<p>U na\u0161ich severn\u00edch soused\u016f vyvolalo Attalovo prohl\u00e1\u0161en\u00ed poprask. Poslanec Europarlamentu\u00a0<a href=\"https:\/\/www.europarl.europa.eu\/meps\/cs\/28297\/JACEK_SARYUSZ-WOLSKI\/home\">Jacek SARYUSZ-WOLSKI<\/a>\u00a0si v televizi nebral serv\u00edtky,\u00a0<a href=\"https:\/\/wpolityce.pl\/polityka\/693276-saryusz-wolski-ostrzega-premier-francji-powiedzial-prawde\">a varoval v\u0161echny Pol\u00e1ky<\/a>, \u017ee francouzsk\u00fd premi\u00e9r Attal v z\u00e1chvatu n\u00e1hl\u00e9 up\u0159\u00edmnosti jen p\u0159iznal, co maj\u00ed z\u00e1padn\u00ed politici nejen ve Francii ve skute\u010dnosti za lubem: Zbavit se sv\u00fdch nep\u0159izp\u016fsobiv\u00fdch uprchl\u00edk\u016f a p\u0159em\u00edstit je podle podm\u00ednek Raku\u0161anova paktu do zem\u00ed v\u00fdchodn\u00ed EU.\u00a0<a href=\"https:\/\/rmx.news\/article\/they-either-accept-migrants-or-pay-french-pm-reveals-how-countries-like-poland-will-be-flooded-with-migrants-his-country-doesnt-want\/\">Attal toti\u017e 23. kv\u011btna doslova vyhl\u00e1sil<\/a>:\u00a0\u201c<a href=\"https:\/\/rmx.news\/article\/they-either-accept-migrants-or-pay-french-pm-reveals-how-countries-like-poland-will-be-flooded-with-migrants-his-country-doesnt-want\/\">Pakt o migraci zav\u00e1d\u00ed solidaritu. Poda\u0159ilo se n\u00e1m donutit zem\u011b v\u00fdchodn\u00ed EU, aby podepsaly (Raku\u0161an\u016fv) dokument, podle kter\u00e9ho bu\u010f imigranty p\u0159ijmou, a nebo (n\u00e1m) za n\u011b zaplat\u00ed.\u201c<\/a>\u00a0\u00a0\u017de premi\u00e9r Attal mysl\u00ed sv\u00e1 slova o p\u0159es\u00eddlov\u00e1n\u00ed imigrant\u016f do v\u00fdchodn\u00ed Evropy v\u00e1\u017en\u011b, dokazuje i jeho podobn\u00fd v\u00fdrok z 10. dubna 2024,\u00a0<a href=\"https:\/\/www.assemblee-nationale.fr\/dyn\/16\/comptes-rendus\/seance\/session-ordinaire-de-2023-2024\/premiere-seance-du-mercredi-10-avril-2024\">kter\u00fd pronesl ve francouzsk\u00e9m parlamentu<\/a>:\u00a0Tento (Raku\u0161an\u016fv) pakt bude tak\u00e9 solid\u00e1rn\u00ed. Zavede spravedliv\u011bj\u0161\u00ed rozd\u011blen\u00ed (imigrant\u016f) mezi \u010dlensk\u00e9 st\u00e1ty (EU), tak\u017ee migranty nebudou muset p\u0159ijmout v\u017edy tyt\u00e9\u017e st\u00e1ty, v\u010detn\u011b Francie. A naopak Francie za imigranty odm\u00edtnut\u00e9 v\u00fdchodn\u00edmi zem\u011bmi k p\u0159es\u00eddlen\u00ed od nich z\u00edsk\u00e1 dodate\u010dn\u00e9 poplatky.<\/p>\n<p><a href=\"https:\/\/stranapro.cz\/\"><img decoding=\"async\" loading=\"lazy\" class=\"wp-image-53371 aligncenter\" src=\"http:\/\/www.infokuryr.cz\/n\/wp-content\/uploads\/2024\/05\/pro-6-volby-300x169.jpg\" alt=\"\" width=\"760\" height=\"428\" srcset=\"https:\/\/www.infokuryr.cz\/n\/wp-content\/uploads\/2024\/05\/pro-6-volby-300x169.jpg 300w, https:\/\/www.infokuryr.cz\/n\/wp-content\/uploads\/2024\/05\/pro-6-volby-768x431.jpg 768w, https:\/\/www.infokuryr.cz\/n\/wp-content\/uploads\/2024\/05\/pro-6-volby.jpg 785w\" sizes=\"(max-width: 760px) 100vw, 760px\" \/><\/a><\/p>\n<p>V Polsku u\u017e \u0161\u00e9f hlavn\u00ed opozi\u010dn\u00ed strany PiS Jaros\u0142aw Kaczy\u0144ski vyhl\u00e1sil, \u017ee okam\u017eit\u011b nech\u00e1v\u00e1 svolat parlament, proto\u017ee francouzsk\u00fd premi\u00e9r Gabriel Attal se p\u0159iznal, \u017ee vl\u00e1da Polska byla Z\u00e1padem donucena p\u0159ijmout (Raku\u0161an\u016fv) imigra\u010dn\u00ed pakt, a je tak je\u0161t\u011b \u010das, kv\u016fli okolnostem jeho vnucen\u00e9ho p\u0159ijet\u00ed, jej vypov\u011bd\u011bt, proto\u017ee je\u0161t\u011b nebyl schv\u00e1len v Rad\u011b EU. Podle Kaczy\u0144sk\u00e9ho premi\u00e9r Attal v televizn\u00ed p\u0159edvolebn\u00ed debat\u011b uji\u0161\u0165oval Francouze, \u00a0<a href=\"https:\/\/www.bankier.pl\/wiadomosc\/Kaczynski-Zlozymy-wniosek-o-zwolanie-nadzwyczajnego-posiedzenia-Sejmu-ws-paktu-migracyjnego-8753268.html\">\u017ee migra\u010dn\u00ed pakt se nebude vztahovat na francouzsk\u00e1 m\u011bsta, ale jen na v\u00fdchodoevropsk\u00e9 zem\u011b, a tam budou nov\u00ed imigranti sm\u011b\u0159ovat jako prvn\u00ed<\/a>.<\/p>\n<p>Podle \u00fastavy \u010cR je vl\u00e1da odpov\u011bdn\u00e1 Poslaneck\u00e9 sn\u011bmovn\u011b (<a href=\"https:\/\/www.psp.cz\/docs\/laws\/constitution.html\">\u010dl. 68\/1<\/a>) a jako takov\u00e1 by m\u011bla (<a href=\"https:\/\/www.psp.cz\/docs\/laws\/constitution.html\">roz\u0161\u00ed\u0159enou aplikac\u00ed \u010dl. 10b\/1<\/a>) Poslaneckou sn\u011bmovnu p\u0159i projedn\u00e1v\u00e1n\u00ed (Raku\u0161anovy) imigra\u010dn\u00ed dohody pravdiv\u011b informovat i o tom, \u017ee byla ke schv\u00e1len\u00ed textu (Raku\u0161anovy) dohody z\u00e1padn\u00edmi vl\u00e1dami nucena, jak p\u0159iznal francouzsk\u00fd premi\u00e9r Attal 23. kv\u011btna.\u00a0<a href=\"https:\/\/www.ceskenoviny.cz\/zpravy\/2485629\">Vl\u00e1dn\u00ed poslanci toti\u017e odm\u00edtli svolat mimo\u0159\u00e1dnou sch\u016fzi k imigra\u010dn\u00ed (Raku\u0161anov\u011b) dohod\u011b<\/a>, a ta tak byla projedn\u00e1v\u00e1na pouze standartn\u00edm zp\u016fsobem. Fialova vl\u00e1da tak t\u00edm, \u017ee poslanc\u016fm zatajila, \u017ee vl\u00e1dy v\u00fdchodn\u00ed EU byly nuceny souhlasit s imigra\u010dn\u00ed dohodou, pohrdla svou informa\u010dn\u00ed povinnost\u00ed a odpov\u011bdnost\u00ed Poslaneck\u00e9 sn\u011bmovn\u011b, a t\u00edm z\u0159ejm\u011b poru\u0161ila \u00dastavu \u010cR, ale hlavn\u011b neumo\u017enila tak poslanc\u016fm \u0159\u00e1dn\u00e9 projedn\u00e1n\u00ed dohody, kter\u00e1 byla dle francouzsk\u00e9ho premi\u00e9ra \u010cR a dal\u0161\u00edm zem\u00edm v\u00fdchodn\u00ed EU vnucena. Fiala tak p\u0159ijet\u00edm Raku\u0161anovy imigra\u010dn\u00ed dohody zopakoval Mnichovsk\u00fd dikt\u00e1t 1938, kdy n\u00e1m Francie tak\u00e9 nedala na v\u00fdb\u011br, a byli\u00a0 jsme donuceni podepsat. A Fiala je\u0161t\u011b tuto novou hanebnou ud\u00e1lost \u010desk\u00fdm poslanc\u016fm i ve\u0159ejnosti zatajil!<\/p>\n<p>Domn\u00edv\u00e1m se, \u017ee by Okamura, nebo Babi\u0161, m\u011bli okam\u017eit\u011b a stejn\u011b jako\u00a0Kaczy\u0144ski, po\u017eadovat svol\u00e1n\u00ed mimo\u0159\u00e1dn\u00e9 sch\u016fze \u010desk\u00e9ho parlamentu, neb je jasn\u00e9, \u017ee (Raku\u0161anova) dohoda 2024 mus\u00ed b\u00fdt okam\u017eit\u011b anulov\u00e1na na celoevropsk\u00e9 \u00farovni, neb byla p\u0159ijata podle p\u0159izn\u00e1n\u00ed francouzsk\u00e9ho premi\u00e9ra Attala stejn\u00fdm donucovac\u00edm mechanismem jako podl\u00fd Mnichovsk\u00fd dikt\u00e1t 1938! A to nesm\u00ed proj\u00edt!\u00a0Jinak nezb\u00fdv\u00e1 ne\u017e na protest vystoupit z EU! A hlavn\u011b nevolit strany, kter\u00e9 Raku\u0161anovu dohodu v Bruselu za Fialova p\u0159edsednictv\u00ed EU prosadily \u2013 ODS, TOP-09, Pir\u00e1ty, STAN a KD\u00da-\u010cSL.<\/p>\n<p>Dnes v \u00fater\u00fd 28. kv\u011btna budu op\u011bt na TV Bure\u0161, proto dnes jen kr\u00e1tce.\u00a0<a href=\"https:\/\/www.youtube.com\/c\/PetrBure%C5%A1TV\/streams\">Po\u0159ad najdete ve 20. hodin zde<\/a>.<\/p>\n<p>(P.S) Za\u010d\u00edn\u00e1m t\u0159et\u00ed tis\u00edcovku anal\u00fdz. D\u011bkuji V\u00e1m za maily a p\u0159\u00e1n\u00ed k v\u00fdro\u010d\u00ed, stejn\u011b tak za v\u0161echny dary, podporu, pomoc a n\u00e1pady. Bez toho v\u0161eho by anal\u00fdzy nevznikaly. D\u011bkuji.\u00a0 Na v\u0161echny maily jsem u\u017e odpov\u011bd\u011bl. Pokra\u010dov\u00e1n\u00ed p\u0159edpov\u011bd\u00ed Prince\u00a0 asi a\u017e z\u00edtra, dnes op\u011bt hork\u00e1 aktualita. D\u011bkuji za maily, odpov\u00edm a\u017e ve\u010der, zat\u00edm nebyl \u010das. Dnes v \u00fater\u00fd 28. kv\u011btna budu op\u011bt na TV Bure\u0161, proto dnes jen kr\u00e1tce.<\/p>\n<p><a href=\"https:\/\/www.michalapetr.com\/map-2003-premier-francie-gabriel-attal-oznamil-ze-pariz-zacne-podle-rakusanova-paktu-vysidlovat-neprizpusobive-uprchliky-do-cr-a-na-slovensko-polaci-i-madari-zuri-cesti-politici-radeji-trapne-mlci\/\">Michael Svato\u0161<\/a><\/p>\n<p><img decoding=\"async\" loading=\"lazy\" class=\"alignnone size-full wp-image-27204\" src=\"http:\/\/www.infokuryr.cz\/n\/wp-content\/uploads\/2023\/05\/Michael_Svatos.png\" alt=\"\" width=\"180\" height=\"180\" srcset=\"https:\/\/www.infokuryr.cz\/n\/wp-content\/uploads\/2023\/05\/Michael_Svatos.png 180w, https:\/\/www.infokuryr.cz\/n\/wp-content\/uploads\/2023\/05\/Michael_Svatos-150x150.png 150w\" sizes=\"(max-width: 180px) 100vw, 180px\" \/><\/p>\n<p>&nbsp;<\/p>\n","protected":false},"excerpt":{"rendered":"<p>Premi\u00e9r Francie Gabriel Attal ozn\u00e1mil, \u017ee Pa\u0159\u00ed\u017e za\u010dne podle Raku\u0161anova paktu vys\u00eddlovat nep\u0159izp\u016fsobiv\u00e9 uprchl\u00edky do&#8230;<\/p>\n","protected":false},"author":2,"featured_media":48105,"comment_status":"closed","ping_status":"closed","sticky":false,"template":"","format":"standard","meta":[],"categories":[6],"tags":[1042,76,130,119],"_links":{"self":[{"href":"https:\/\/www.infokuryr.cz\/n\/wp-json\/wp\/v2\/posts\/54651"}],"collection":[{"href":"https:\/\/www.infokuryr.cz\/n\/wp-json\/wp\/v2\/posts"}],"about":[{"href":"https:\/\/www.infokuryr.cz\/n\/wp-json\/wp\/v2\/types\/post"}],"author":[{"embeddable":true,"href":"https:\/\/www.infokuryr.cz\/n\/wp-json\/wp\/v2\/users\/2"}],"replies":[{"embeddable":true,"href":"https:\/\/www.infokuryr.cz\/n\/wp-json\/wp\/v2\/comments?post=54651"}],"version-history":[{"count":0,"href":"https:\/\/www.infokuryr.cz\/n\/wp-json\/wp\/v2\/posts\/54651\/revisions"}],"wp:featuredmedia":[{"embeddable":true,"href":"https:\/\/www.infokuryr.cz\/n\/wp-json\/wp\/v2\/media\/48105"}],"wp:attachment":[{"href":"https:\/\/www.infokuryr.cz\/n\/wp-json\/wp\/v2\/media?parent=54651"}],"wp:term":[{"taxonomy":"category","embeddable":true,"href":"https:\/\/www.infokuryr.cz\/n\/wp-json\/wp\/v2\/categories?post=54651"},{"taxonomy":"post_tag","embeddable":true,"href":"https:\/\/www.infokuryr.cz\/n\/wp-json\/wp\/v2\/tags?post=54651"}],"curies":[{"name":"wp","href":"https:\/\/api.w.org\/{rel}","templated":true}]}}