{"id":54647,"date":"2024-05-28T00:47:52","date_gmt":"2024-05-27T22:47:52","guid":{"rendered":"https:\/\/www.infokuryr.cz\/n\/?p=54647"},"modified":"2024-05-28T05:04:53","modified_gmt":"2024-05-28T03:04:53","slug":"izraelske-stihacky-vybombardovaly-v-rafahu-uprchlicky-tabor-ustanoveny-osn-pro-ochranu-vysidlenych-civilistu","status":"publish","type":"post","link":"https:\/\/www.infokuryr.cz\/n\/2024\/05\/28\/izraelske-stihacky-vybombardovaly-v-rafahu-uprchlicky-tabor-ustanoveny-osn-pro-ochranu-vysidlenych-civilistu\/","title":{"rendered":"Izraelsk\u00e9 st\u00edha\u010dky vybombardovaly v Raf\u00e1hu uprchlick\u00fd t\u00e1bor ustanoven\u00fd OSN pro ochranu vys\u00eddlen\u00fdch civilist\u016f!"},"content":{"rendered":"<div id=\"fb-root\"><\/div>\n<h4>Izraelsk\u00e9 st\u00edha\u010dky vybombardovaly v Raf\u00e1hu uprchlick\u00fd t\u00e1bor ustanoven\u00fd OSN pro ochranu vys\u00eddlen\u00fdch civilist\u016f! Ve stanech zahynulo p\u0159es 40 uprchl\u00edk\u016f! Exploze bomby dokonce utrhla mal\u00e9mu d\u00edt\u011bti hlavu! Roztaven\u00e1 t\u011bla Palestinc\u016f potvrzuj\u00ed, \u017ee piloti F-16 svrhli na Palestince protibunkrov\u00e9 \u0159\u00edzen\u00e9 bomby! Rozsudek ICJ na zastaven\u00ed operac\u00ed IDF v Raf\u00e1hu je te\u010f c\u00e1r pap\u00edru!<\/h4>\n<p>Izraelsk\u00e1 vl\u00e1da v noci z ned\u011ble na pond\u011bl\u00ed odpov\u011bd\u011bla na rozsudek Mezin\u00e1rodn\u00edho soudn\u00edho dvora OSN (ICJ), kter\u00fd po\u017eadoval po Izraeli okam\u017eit\u00e9 zastaven\u00ed vojensk\u00fdch operac\u00ed v Raf\u00e1hu\u00a0<strong>[<a href=\"https:\/\/href.li\/?https:\/\/www.aljazeera.com\/news\/2024\/5\/24\/explainer-icj-rules-israel-must-stop-rafah-operation-whats-next\" target=\"_blank\" rel=\"nofollow noopener\">1<\/a>]<\/strong>, kter\u00e9 ohro\u017euj\u00ed civiln\u00ed obyvatelstvo. Izrael m\u011bl nejpozd\u011bji do pond\u011bln\u00edho r\u00e1na zastavit vojensk\u00e9 operace v Gaze.\u00a0<strong>Nam\u00edsto zastaven\u00ed operac\u00ed v\u0161ak vl\u00e1da Benjamina Netanyahua odpov\u011bd\u011bla leteck\u00fdm \u00faderem na uprchlick\u00fd t\u00e1bor ve \u010dtvrti\u00a0Tal as-Sultan v Raf\u00e1hu u hranic s Egyptem.<\/strong><\/p>\n<p>Tento t\u00e1bor p\u0159\u00edmo ustanovila OSN jako bezpe\u010dn\u00e9 \u00fato\u010di\u0161t\u011b pro vys\u00eddlen\u00e9 uprchl\u00edky z Gazy. Izraelsk\u00e9 st\u00edha\u010dky v\u0161ak v noci z ned\u011ble na pond\u011bl\u00ed na t\u00e1bor za\u00fato\u010dily a shodily na stany podle pozorovatel\u016f t\u0159\u00ed\u0161tiv\u00e9 a z\u00e1paln\u00e9 bomby s c\u00edlem pozab\u00edjet co nejv\u00edce uprchl\u00edk\u016f. Podle informac\u00ed na m\u00edst\u011b zem\u0159elo a uho\u0159elo v\u00edce ne\u017e 40 lid\u00ed, v\u010detn\u011b \u017een a d\u011bt\u00ed. Jedna z bomb dokonce utrhla mal\u00e9mu d\u00edt\u011bti hlavu. Z\u00e1chran\u00e1\u0159i vytahovali z ohn\u011b oho\u0159el\u00e1 a zuhelnat\u011bl\u00e1 t\u011bla. Video n\u00ed\u017ee nen\u00ed pro slab\u0161\u00ed povahy!<\/p>\n<div style=\"width: 640px;\" class=\"wp-video\"><!--[if lt IE 9]><script>document.createElement('video');<\/script><![endif]-->\n<video class=\"wp-video-shortcode\" id=\"video-54647-1\" width=\"640\" height=\"360\" preload=\"metadata\" controls=\"controls\"><source type=\"video\/mp4\" src=\"http:\/\/www.infokuryr.cz\/n\/wp-content\/uploads\/2024\/05\/TalAsSultanMassacre.mp4?_=1\" \/><a href=\"http:\/\/www.infokuryr.cz\/n\/wp-content\/uploads\/2024\/05\/TalAsSultanMassacre.mp4\">http:\/\/www.infokuryr.cz\/n\/wp-content\/uploads\/2024\/05\/TalAsSultanMassacre.mp4<\/a><\/video><\/div>\n<div class=\"wp-video\">\n<div id=\"mep_0\" class=\"mejs-container mejs-container-keyboard-inactive wp-video-shortcode mejs-video\" tabindex=\"0\" role=\"application\" aria-label=\"Video p\u0159ehr\u00e1va\u010d\">\n<div class=\"mejs-inner\">\n<div class=\"mejs-mediaelement\"><\/div>\n<\/div>\n<\/div>\n<\/div>\n<p>Kabinet Benjamina Netanyahua se tak podle v\u0161eho rozhodl ne\u0159\u00eddit se rozsudkem soudu OSN a naopak se rozhodl uk\u00e1zat soudu svoji s\u00edlu a moc, tak\u017ee Netanyahu demonstrativn\u011b na\u0159\u00eddil vybombardovat uprchlick\u00fd t\u00e1bor pod veden\u00edm OSN. Podle stanice Al-Jazeera\u00a0<strong>[<a href=\"https:\/\/href.li\/?https:\/\/www.aljazeera.com\/news\/liveblog\/2024\/5\/27\/israels-war-on-gaza-live-news-35-killed-in-rafah-tent-bombings\" target=\"_blank\" rel=\"nofollow noopener\">2<\/a>]<\/strong>\u00a0do\u0161lo k \u00fatoku na z\u00e1klad\u011b jednomysln\u00e9ho hlasov\u00e1n\u00ed Netanyahuova v\u00e1le\u010dn\u00e9ho kabinetu v ned\u011bli ve\u010der.<\/p>\n<p><strong>Shozen\u00ed bomb na stany do uprchlick\u00e9ho t\u00e1bora ustanoven\u00e9ho Vysok\u00fdm komisa\u0159em OSN pro uprchl\u00edky, je mo\u017en\u00e9 pova\u017eovat za v\u00e1le\u010dn\u00fd zlo\u010din a rovn\u011b\u017e vyhlazov\u00e1n\u00ed palestinsk\u00e9 populace.<\/strong>\u00a0Mezin\u00e1rodn\u00ed soudn\u00ed dv\u016fr OSN tak dostal jasnou odpov\u011b\u010f od Izraele, \u017ee ten se rozsudky ICJ nejen \u0159\u00eddit nebude, ale ka\u017ed\u00fd takov\u00fd rozsudek bude potrest\u00e1n a odnesou ho rukojm\u00ed, tedy rozum\u011bjte palestin\u0161t\u00ed uprchl\u00edci koncentrovan\u00ed na jednom m\u00edst\u011b, tedy v Raf\u00e1hu u hranic s Egyptem, kam byli Palestinci vyhn\u00e1n\u00ed z cel\u00e9 Gazy.<\/p>\n<h6><span style=\"font-size: 18pt;\">Izrael se dopustil dosud nejbrut\u00e1ln\u011bj\u0161\u00edho v\u00e1le\u010dn\u00e9ho zlo\u010dinu a vybombardoval uprchlick\u00fd t\u00e1bor v Gaze, kter\u00fd je pod ochranou OSN<\/span><\/h6>\n<p>Al-Jazeera uvedla, \u017ee Izraelsk\u00e9 s\u00edly bombardovaly stanov\u00fd t\u00e1bor pro vys\u00eddlen\u00e9 osoby v bezpe\u010dn\u00e9 z\u00f3n\u011b v Raf\u00e1hu a zabily 45 Palestinc\u016f, v\u011bt\u0161inou \u017een a d\u011bt\u00ed. \u00datok vyvolal mezin\u00e1rodn\u00ed pobou\u0159en\u00ed a vedl k v\u00fdzv\u00e1m k p\u0159\u00edm\u011b\u0159\u00ed. \u00datok na t\u00e1bor ve \u010dtvrti Tal as-Sult\u00e1n v Raf\u00e1hu p\u0159i\u0161el pot\u00e9, co izraelsk\u00e9 s\u00edly bombardovaly p\u0159\u00edst\u0159e\u0161ky pro vys\u00eddlen\u00e9 Palestince v jin\u00fdch oblastech, v\u010detn\u011b D\u017eabal\u00edje, Nusejr\u00e1tu a m\u011bsta Gazy, a podle palestinsk\u00fdch p\u0159edstavitel\u016f v nich zabily nejm\u00e9n\u011b 160 dal\u0161\u00edch osob, tak\u017ee za jedinou noc izraelsk\u00e9 letouny pozab\u00edjely v\u00edce ne\u017e 200 uprchl\u00edk\u016f ve stanov\u00fdch t\u00e1borech.<\/p>\n<figure id=\"attachment_59711\" class=\"wp-caption aligncenter\" style=\"width: 699px;\"><a href=\"https:\/\/aeronet.news\/wp-content\/uploads\/RafahMorgue.jpg\"><img decoding=\"async\" loading=\"lazy\" class=\"wp-image-59711 \" src=\"https:\/\/aeronet.news\/wp-content\/uploads\/RafahMorgue-1024x768.jpg\" sizes=\"(max-width: 700px) 100vw, 700px\" srcset=\"https:\/\/aeronet.news\/wp-content\/uploads\/RafahMorgue-1024x768.jpg 1024w, https:\/\/aeronet.news\/wp-content\/uploads\/RafahMorgue-300x225.jpg 300w, https:\/\/aeronet.news\/wp-content\/uploads\/RafahMorgue-768x576.jpg 768w, https:\/\/aeronet.news\/wp-content\/uploads\/RafahMorgue-700x525.jpg 700w, https:\/\/aeronet.news\/wp-content\/uploads\/RafahMorgue-476x357.jpg 476w, https:\/\/aeronet.news\/wp-content\/uploads\/RafahMorgue-644x483.jpg 644w, https:\/\/aeronet.news\/wp-content\/uploads\/RafahMorgue.jpg 1280w\" alt=\"\" width=\"699\" height=\"524\" \/><\/a><figcaption class=\"wp-caption-text\">Nemocnice v Raf\u00e1hu je zapln\u011bna mrtvolami po izraelsk\u00e9m bombardov\u00e1n\u00ed<\/figcaption><\/figure>\n<p>\u0160\u00e9f OSN odsoudil izraelsk\u00e9 bombardov\u00e1n\u00ed vys\u00eddleneck\u00e9ho t\u00e1bora v Raf\u00e1hu. Antonio Guterres uvedl, \u017ee p\u0159i \u00fatoku \u201c<em>zahynuly des\u00edtky nevinn\u00fdch civilist\u016f, kte\u0159\u00ed pouze hledali \u00fakryt p\u0159ed t\u00edmto smrt\u00edc\u00edm konfliktem<\/em>\u201c. \u201c<em>V Gaze nen\u00ed \u017e\u00e1dn\u00e9 bezpe\u010dn\u00e9 m\u00edsto. Tato hr\u016fza mus\u00ed skon\u010dit<\/em>,\u201d dodal Guterres ve sv\u00e9m p\u0159\u00edsp\u011bvku na X.<\/p>\n<p><strong>M\u00edstop\u0159edsedkyn\u011b belgick\u00e9 vl\u00e1dy vyz\u00fdv\u00e1 k uvalen\u00ed sankc\u00ed na Izrael. Petra De Sutterov\u00e1 ve sv\u00e9m p\u0159\u00edsp\u011bvku na webu X v jedn\u00e9 v\u011bt\u011b p\u00ed\u0161e: \u201c<em>Nastal \u010das pro sankce<\/em>.\u201d<\/strong>\u00a0M\u00edstop\u0159edsedkyn\u011b vl\u00e1dy ve sv\u00e9m p\u0159\u00edsp\u011bvku sd\u00edlela ozn\u00e1men\u00ed o nadch\u00e1zej\u00edc\u00ed sch\u016fzce p\u0159edstavitel\u016f EU a Izraele, na kter\u00e9 se bude diskutovat o tom, zda Izrael pln\u00ed sv\u00e9 z\u00e1vazky v oblasti dodr\u017eov\u00e1n\u00ed lidsk\u00fdch pr\u00e1v, jak je uvedeno v dohod\u011b o obchodu mezi ob\u011bma stranami.<\/p>\n<h6><span style=\"font-size: 18pt;\">Netanyahu se vyd\u011bsil, jak\u00fd \u0159ev ze Z\u00e1padu za\u010dal p\u0159ich\u00e1zet, a proto za\u010dal zap\u00edrat, \u017ee pr\u00fd p\u0159i bombardov\u00e1n\u00ed \u0161lo o omyl<\/span><\/h6>\n<p>Vysok\u00fd p\u0159edstavitel Ham\u00e1su S\u00e1m\u00ed ab\u00fa Zuhr\u00ed ozna\u010dil \u00fatok za \u201c<em>masakr<\/em>\u201d a ozna\u010dil Spojen\u00e9 st\u00e1ty za odpov\u011bdn\u00e9 za to, \u017ee Izraeli pom\u00e1haj\u00ed zbran\u011bmi a pen\u011bzi. Nejvy\u0161\u0161\u00ed izraelsk\u00fd vojensk\u00fd prokur\u00e1tor ozna\u010dil \u00fatok za \u201c<em>velmi z\u00e1va\u017en\u00fd<\/em>\u201d a uvedl, \u017ee bude provedeno vy\u0161et\u0159ov\u00e1n\u00ed. \u201c<em>Podrobnosti incidentu jsou st\u00e1le p\u0159edm\u011btem vy\u0161et\u0159ov\u00e1n\u00ed, kter\u00e9 jsme odhodl\u00e1ni prov\u00e9st v pln\u00e9m rozsahu<\/em>,\u201d \u0159ekl na tiskov\u00e9 konferenci gener\u00e1lmajor Yifat Tomer Yerushalmi a dodal, \u017ee izraelsk\u00e1 arm\u00e1da \u201c<em>lituje jak\u00e9hokoli po\u0161kozen\u00ed nebojuj\u00edc\u00edch osob b\u011bhem v\u00e1lk<\/em>y\u201d.<\/p>\n<figure id=\"attachment_59713\" class=\"wp-caption aligncenter\" style=\"width: 971px;\"><a href=\"https:\/\/aeronet.news\/wp-content\/uploads\/NetanyahuSatanyahu.jpg\"><img decoding=\"async\" loading=\"lazy\" class=\"wp-image-59713 \" src=\"https:\/\/aeronet.news\/wp-content\/uploads\/NetanyahuSatanyahu.jpg\" sizes=\"(max-width: 1280px) 100vw, 1280px\" srcset=\"https:\/\/aeronet.news\/wp-content\/uploads\/NetanyahuSatanyahu.jpg 1280w, https:\/\/aeronet.news\/wp-content\/uploads\/NetanyahuSatanyahu-150x150.jpg 150w, https:\/\/aeronet.news\/wp-content\/uploads\/NetanyahuSatanyahu-300x300.jpg 300w, https:\/\/aeronet.news\/wp-content\/uploads\/NetanyahuSatanyahu-768x768.jpg 768w, https:\/\/aeronet.news\/wp-content\/uploads\/NetanyahuSatanyahu-1024x1024.jpg 1024w, https:\/\/aeronet.news\/wp-content\/uploads\/NetanyahuSatanyahu-700x700.jpg 700w, https:\/\/aeronet.news\/wp-content\/uploads\/NetanyahuSatanyahu-357x357.jpg 357w, https:\/\/aeronet.news\/wp-content\/uploads\/NetanyahuSatanyahu-483x483.jpg 483w, https:\/\/aeronet.news\/wp-content\/uploads\/NetanyahuSatanyahu-210x210.jpg 210w\" alt=\"\" width=\"971\" height=\"971\" \/><\/a><figcaption class=\"wp-caption-text\">Satanyahu<\/figcaption><\/figure>\n<p>Izraelsk\u00fd premi\u00e9r Benjamin Netanjahu prohl\u00e1sil, \u017ee do\u0161lo k \u201c<em>tragick\u00e9 chyb\u011b<\/em>\u201c. \u201c<em>Navzdory na\u0161emu maxim\u00e1ln\u00edmu \u00fasil\u00ed neubl\u00ed\u017eit nevinn\u00fdm civilist\u016fm do\u0161lo v\u010dera ve\u010der k tragick\u00e9 chyb\u011b<\/em>,\u201d \u0159ekl Netanjahu v projevu v izraelsk\u00e9m parlamentu. \u201c<em>Incident vy\u0161et\u0159ujeme a dojdeme k z\u00e1v\u011bru, proto\u017ee takov\u00e1 je na\u0161e politika<\/em>.\u201d\u00a0<strong>Palestin\u0161t\u00ed sv\u011bdci a agentura Sanad ov\u011b\u0159uj\u00edc\u00ed fakta Al-D\u017eaz\u00edry uvedli, \u017ee t\u00e1bor ukr\u00fdvaj\u00edc\u00ed civilisty v oblasti Tal as-Sultan v Raf\u00e1hu byl c\u00edlem z\u00e1m\u011brn\u00e9ho \u00fatoku.<\/strong><\/p>\n<h6><span style=\"font-size: 18pt;\">St\u00edha\u010dky z\u0159ejm\u011b shodily americk\u00e9 protibunkrov\u00e9 bomby JDAM s ochuzen\u00fdm uranem, kter\u00fd up\u00e1lil Palestince<\/span><\/h6>\n<p>Tiskov\u00e1 agentura Wafa s odvol\u00e1n\u00edm na Palestinskou spole\u010dnost \u010cerven\u00e9ho p\u016flm\u011bs\u00edce (PRCS) uvedla, \u017ee mezi mrtv\u00fdmi jsou i \u017eeny a d\u011bti, p\u0159i\u010dem\u017e mnoho z nich \u201c<em>uho\u0159elo za\u017eiva<\/em>\u201d uvnit\u0159 stan\u016f. Jeden z obyvatel, kter\u00fd dorazil do kuvajtsk\u00e9 nemocnice v Raf\u00e1hu, uvedl\u00a0<strong>[<a href=\"https:\/\/href.li\/?https:\/\/www.aljazeera.com\/news\/2024\/5\/27\/heinous-massacre-israels-attacks-on-rafah-tent-camp-widely-condemned\" target=\"_blank\" rel=\"nofollow noopener\">3<\/a>]<\/strong>, \u017ee \u201c<strong><em>stany se po \u00fatoku tavily a t\u011bla lid\u00ed se tak\u00e9 tav\u00ed<\/em>\u201c<\/strong>.<\/p>\n<p><strong>Podle popis\u016f t\u011bchto sv\u011bdk\u016f by se mohlo jednat o americk\u00e9 protibunkrov\u00e9 nav\u00e1d\u011bn\u00e9 bomby (JDAM), kter\u00e9 obsahuj\u00ed speci\u00e1ln\u00ed sm\u011bs na b\u00e1zi ochuzen\u00e9ho uranu.<\/strong>\u00a0Sm\u011bs se po z\u00e1palu rozn\u011btky roztav\u00ed na vysokou teplotu a paprsek tohoto materi\u00e1lu po explozi hlavn\u00ed n\u00e1lo\u017ee m\u00e1 za \u00fakol prop\u00e1lit d\u00edru skrze \u017eelezobeton a potom zap\u00e1lit vnit\u0159ek bunkru.<\/p>\n<figure id=\"attachment_59715\" class=\"wp-caption aligncenter\" style=\"width: 711px;\"><a href=\"https:\/\/aeronet.news\/wp-content\/uploads\/IDF_UsedInGaza.jpg\"><img decoding=\"async\" loading=\"lazy\" class=\"wp-image-59715 \" src=\"https:\/\/aeronet.news\/wp-content\/uploads\/IDF_UsedInGaza-1024x576.jpg\" sizes=\"(max-width: 700px) 100vw, 700px\" srcset=\"https:\/\/aeronet.news\/wp-content\/uploads\/IDF_UsedInGaza-1024x576.jpg 1024w, https:\/\/aeronet.news\/wp-content\/uploads\/IDF_UsedInGaza-300x169.jpg 300w, https:\/\/aeronet.news\/wp-content\/uploads\/IDF_UsedInGaza-768x432.jpg 768w, https:\/\/aeronet.news\/wp-content\/uploads\/IDF_UsedInGaza-700x394.jpg 700w, https:\/\/aeronet.news\/wp-content\/uploads\/IDF_UsedInGaza-635x357.jpg 635w, https:\/\/aeronet.news\/wp-content\/uploads\/IDF_UsedInGaza-859x483.jpg 859w, https:\/\/aeronet.news\/wp-content\/uploads\/IDF_UsedInGaza.jpg 1280w\" alt=\"\" width=\"711\" height=\"400\" \/><\/a><figcaption class=\"wp-caption-text\">Nav\u00e1d\u011bn\u00e9 bomby (JDAM) pou\u017e\u00edvan\u00e9 Izraelem proti Ham\u00e1su<\/figcaption><\/figure>\n<p>Pokud je ale protibunkrov\u00fd JDAM pou\u017eit\u00fd pouze jako p\u00e1dov\u00e1 bomba do b\u011b\u017en\u00e9ho ter\u00e9nu, potom se paprsek roztaven\u00e9ho ochuzen\u00e9ho uranu rozprskne po okol\u00ed a zp\u016fsob\u00ed neuhasiteln\u00e9 po\u017e\u00e1ry. Sm\u011bs ochuzen\u00e9ho uranu, oxid\u016f kobaltu a l\u00e1tky na b\u00e1zi termitu vytv\u00e1\u0159\u00ed vysok\u00fd \u017e\u00e1r, tak\u017ee sv\u011bdeck\u00e9 zpr\u00e1vy Al-Jazeery o tom, \u017ee t\u011bla se tavila, nasv\u011bd\u010duje tomu, \u017ee st\u00edha\u010dky F-16 svrhly na t\u00e1bor americk\u00e9 protibunkrov\u00e9 bomby JDAM.<\/p>\n<p>Je dokonce mo\u017en\u00e9, \u017ee to byl \u00famysl, aby mohl Izrael tvrdit, \u017ee \u0161lo o omyl a bomba m\u011bla trefit bunkr Ham\u00e1su. Pokud by toti\u017e mezi stany dopadla oby\u010dejn\u00e1 bomba, Izrael by se nemohl tak snadno vymluvit na to, \u017ee \u0161lo o \u00fatok na podzemn\u00ed bunkr Ham\u00e1su. Takhle ale bude tvrdit, \u017ee \u0161lo o omyl v nav\u00e1d\u011bn\u00ed na bunkr Ham\u00e1su.<\/p>\n<h4><span style=\"font-size: 18pt;\">Sv\u011btov\u00e1 odezva na masakr postr\u00e1d\u00e1 reakci sionistick\u00e9ho premi\u00e9ra Petra Fialy<\/span><\/h4>\n<ul>\n<li><strong>Katar<\/strong>\u00a0\u00fatok v Raf\u00e1hu odsoudil jako z\u00e1va\u017en\u00e9 poru\u0161en\u00ed mezin\u00e1rodn\u00edch z\u00e1kon\u016f, kter\u00e9 zhor\u0161\u00ed humanit\u00e1rn\u00ed krizi v obl\u00e9han\u00e9m p\u00e1smu Gazy. Podle prohl\u00e1\u0161en\u00ed ministerstva zahrani\u010dn\u00edch v\u011bc\u00ed by \u00fatok mohl zt\u00ed\u017eit zprost\u0159edkovatelsk\u00e9 \u00fasil\u00ed o dosa\u017een\u00ed p\u0159\u00edm\u011b\u0159\u00ed a dohody o v\u00fdm\u011bn\u011b rukojm\u00edch. Katar se spolu s USA a Egyptem zapojil do n\u011bkolikam\u011bs\u00ed\u010dn\u00edch rozhovor\u016f, jejich\u017e c\u00edlem je zajistit p\u0159\u00edm\u011b\u0159\u00ed mezi Izraelem a Ham\u00e1sem.<\/li>\n<li><strong>Egypt<\/strong>\u00a0odsoudil \u201c<em>\u00famysln\u00e9 bombardov\u00e1n\u00ed<\/em>\u201c. Ministerstvo zahrani\u010dn\u00edch v\u011bc\u00ed ve sv\u00e9m prohl\u00e1\u0161en\u00ed vyzvalo Izrael, aby \u201cprovedl opat\u0159en\u00ed na\u0159\u00edzen\u00e1 Mezin\u00e1rodn\u00edm soudn\u00edm dvorem (ICJ) t\u00fdkaj\u00edc\u00ed se okam\u017eit\u00e9ho zastaven\u00ed vojensk\u00fdch operac\u00ed\u201d v Raf\u00e1hu.<\/li>\n<li><strong>Tureck\u00fd prezident<\/strong>\u00a0Recep Tayyip Erdogan prohl\u00e1sil, \u017ee jeho zem\u011b ud\u011bl\u00e1 \u201c<em>v\u0161e, co bude mo\u017en\u00e9<\/em>\u201c, aby \u201c<em>barbarsk\u00fd<\/em>\u201d izraelsk\u00fd premi\u00e9r Benjamin Netanjahu nesl odpov\u011bdnost za smrt\u00edc\u00ed \u00fadery. \u201c<em>Ud\u011bl\u00e1me v\u0161e, co bude mo\u017en\u00e9, abychom pohnali k odpov\u011bdnosti tyto barbary a vrahy, kte\u0159\u00ed nemaj\u00ed nic spole\u010dn\u00e9ho s lidskost\u00ed,<\/em>\u201d \u0159ekl.<\/li>\n<li><strong>\u0160pan\u011blsk\u00fd ministr zahrani\u010d\u00ed<\/strong>\u00a0Jos\u00e9 Manuel Albares uvedl, \u017ee bombardov\u00e1n\u00ed Raf\u00e1hu je \u201c<em>dal\u0161\u00edm dnem, kdy jsou zab\u00edjeni nevinn\u00ed palestin\u0161t\u00ed civilist\u00e9<\/em>\u201c. Dodal, \u017ee z\u00e1va\u017enost \u00fatoku \u201c<em>je o to v\u011bt\u0161\u00ed<\/em>\u201c, \u017ee p\u0159ich\u00e1z\u00ed po na\u0159\u00edzen\u00ed Mezin\u00e1rodn\u00edho soudn\u00edho dvora, kter\u00fd Izraeli na\u0159\u00eddil zastavit operaci v Raf\u00e1hu a ve zbytku Gazy.<\/li>\n<li><strong>Irsk\u00fd ministr zahrani\u010d\u00ed<\/strong>\u00a0Micheal Martin ozna\u010dil \u00fatok za \u201cbarbarsk\u00fd\u201d. \u201c<em>Nelze bombardovat takovou oblast bez \u0161okuj\u00edc\u00edch n\u00e1sledk\u016f, pokud jde o nevinn\u00e9 d\u011bti a civilisty. Nal\u00e9hav\u011b vyz\u00fdv\u00e1me Izrael, aby p\u0159estal, aby okam\u017eit\u011b p\u0159estal, pokud jde o vojenskou operaci v Raf\u00e1hu<\/em>.\u201d<\/li>\n<li><strong>Norsk\u00fd ministr zahrani\u010d\u00ed<\/strong>\u00a0Espen Barth Eide uvedl, \u017ee \u00fatoky jsou \u201c<em>podstatn\u00fdm poru\u0161en\u00edm rozhodnut\u00ed nejvy\u0161\u0161\u00edho sv\u011btov\u00e9ho soudu<\/em>\u201c. Dodal: \u201c<em>Dostali jsme z\u00e1vazn\u00fd p\u0159\u00edkaz Mezin\u00e1rodn\u00edho soudn\u00edho dvora, kter\u00fd Izraeli na\u0159izuje, aby zastavil \u00fatok v Raf\u00e1hu. Je to povinn\u00e9. Je z\u00e1vazn\u00fd.<\/em>\u201c<\/li>\n<li><strong>\u0160\u00e9f zahrani\u010dn\u00ed politiky Evropsk\u00e9 unie<\/strong>\u00a0Josep Borrell prohl\u00e1sil, \u017ee Izrael se mus\u00ed \u0159\u00eddit rozhodnut\u00edm Mezin\u00e1rodn\u00edho soudn\u00edho dvora a zastavit svou ofenz\u00edvu v Raf\u00e1hu, kdy\u017e se minist\u0159i zahrani\u010d\u00ed EU setkali se sv\u00fdmi arabsk\u00fdmi prot\u011bj\u0161ky v Bruselu n\u011bkolik hodin po smrt\u00edc\u00edm \u00fatoku Izraele na Raf\u00e1h.<\/li>\n<li><strong>N\u011bmeck\u00e1 ministryn\u011b zahrani\u010d\u00ed<\/strong>\u00a0Annalena Baerbockov\u00e1 p\u0159ed pond\u011bln\u00edm zased\u00e1n\u00edm ministr\u016f EU uvedla: \u201c<em>Mezin\u00e1rodn\u00ed humanit\u00e1rn\u00ed pr\u00e1vo plat\u00ed pro v\u0161echny, tedy i pro veden\u00ed v\u00e1lky ze strany Izraele<\/em>.\u201d<\/li>\n<li><strong>Jeremy Corbyn<\/strong>, b\u00fdval\u00fd p\u0159edseda britsk\u00e9 Labouristick\u00e9 strany, ozna\u010dil izraelsk\u00e9 bombardov\u00e1n\u00ed t\u00e1bora v Raf\u00e1hu za \u201c<em>obludn\u00e9 selh\u00e1n\u00ed lidskosti<\/em>\u201c. Ve sv\u00e9m p\u0159\u00edsp\u011bvku na X uvedl: \u201c<em>Palestinsk\u00e9 d\u011bti by se m\u011bly probouzet s pocitem, \u017ee se t\u011b\u0161\u00ed, a\u017e p\u016fjdou do \u0161koly a budou si hr\u00e1t se sv\u00fdmi kamar\u00e1dy. M\u00edsto toho byly pro ty, kter\u00e9 byly zavra\u017ed\u011bny v Raf\u00e1hu, jejich posledn\u00ed okam\u017eiky na t\u00e9to zemi napln\u011bny nep\u0159edstaviteln\u00fdm strachem, kdy\u017e na jejich stany padaly bomby<\/em>.\u201d<\/li>\n<li><strong>Italsk\u00fd ministr obrany<\/strong>\u00a0Guido Crosetto v jedn\u00e9 z nejost\u0159ej\u0161\u00edch kritik, kter\u00e9 It\u00e1lie dosud vyslovila, uvedl, \u017ee izraelsk\u00e9 \u00fatoky ji\u017e nejsou ospravedlniteln\u00e9. \u201c<em>Nast\u00e1v\u00e1 st\u00e1le obt\u00ed\u017en\u011bj\u0161\u00ed situace, kdy je palestinsk\u00fd lid bez ohledu na pr\u00e1va nevinn\u00fdch mu\u017e\u016f, \u017een a d\u011bt\u00ed, kte\u0159\u00ed nemaj\u00ed s Ham\u00e1sem nic spole\u010dn\u00e9ho, t\u00edsn\u011bn, a to ji\u017e nelze ospravedlnit<\/em>,\u201d \u0159ekl. \u201c<em>Situaci sledujeme se zoufalstv\u00edm<\/em>.\u201d<\/li>\n<li><strong>Jagmeet Singh<\/strong>, kanadsk\u00fd z\u00e1konod\u00e1rce a p\u0159edseda Nov\u00e9 demokratick\u00e9 strany, napsal na X: \u201c<em>Sv\u011bt zklamal lidi v Gaze. Kanada zklam\u00e1v\u00e1 lidi v Gaze.<\/em>\u201c<\/li>\n<li><strong>Z\u00e1stupce americk\u00e9 Sn\u011bmovny reprezentant\u016f<\/strong>, demokrat Ro Khanna, vyzval izraelsk\u00e9ho premi\u00e9ra Benjamina Netanjahua, aby \u201c<em>okam\u017eit\u011b zastavil<\/em>\u201d \u00fatok na Raf\u00e1h. \u201c<em>Dne\u0161n\u00ed stra\u0161liv\u00e9 ztr\u00e1ty na \u017eivotech nevinn\u00fdch lid\u00ed p\u0159i bombardov\u00e1n\u00ed uprchlick\u00e9ho t\u00e1bora podtrhuj\u00ed mor\u00e1ln\u00ed nal\u00e9havost zastaven\u00ed kampan\u011b v Raf\u00e1hu,<\/em>\u201d \u0159ekl.<\/li>\n<li><strong>Aida Touma-Slimanov\u00e1<\/strong>, palestinsk\u00e1 ob\u010danka Izraele a poslankyn\u011b izraelsk\u00e9ho Knesetu, odsoudila Netanjahuovu vl\u00e1du za jej\u00ed \u201c<em>\u0161\u00edlenstv\u00ed a pomstychtivost<\/em>\u201c. V p\u0159\u00edsp\u011bvku na serveru X Touma-Slimanov\u00e1 uvedla: \u201c<em>Tato krvav\u00e1 vl\u00e1da odm\u00edt\u00e1 uposlechnout v\u0161ech p\u0159\u00edkaz\u016f tribun\u00e1lu a posouv\u00e1 \u0161\u00edlenstv\u00ed a pomstychtivost na novou zlo\u010dinnou \u00farove\u0148<\/em>.\u201d<\/li>\n<li><strong>Petr Fiala<\/strong>\u2026 se k masakru nevyj\u00e1d\u0159il, b\u011bhem autogrami\u00e1dy m\u011bl jin\u00e9 starosti.<\/li>\n<\/ul>\n<h6><span style=\"font-size: 18pt;\">Fiala nam\u00edsto odsouzen\u00ed Izraele podepisoval kn\u00ed\u017eku, na protest odp\u016frc\u016f Izraele nereagoval<\/span><\/h6>\n<p>Kdo v\u0161ak v\u00e1le\u010dn\u00fd zlo\u010din neodsoudil a nad\u00e1le Izrael podporuje, je \u010desk\u00fd premi\u00e9r Petr Fiala. Ten se toti\u017e dostal v pond\u011bl\u00ed do konfliktu s \u010desk\u00fdmi aktivisty proti zlo\u010din\u016fm Izraele, kte\u0159\u00ed dorazili na autogrami\u00e1du jeho nov\u00e9 knihy. Na m\u00edst\u011b byla skupinka Fialov\u00fdch p\u0159\u00edznivc\u016f, kte\u0159\u00ed vyk\u0159ikovali\u00a0<em><strong>\u201eA\u0165 \u017eije Izrael!\u201c<\/strong><\/em>\u00a0se zjevn\u00fdm schvalov\u00e1n\u00edm izraelsk\u00e9ho terorismu\u00a0<strong>[<a href=\"https:\/\/href.li\/?https:\/\/www.idnes.cz\/zpravy\/domaci\/petr-fiala-autogramiada-kniha-paletina-izrael.A240527_182455_domaci_zof\" target=\"_blank\" rel=\"nofollow noopener\">4<\/a>]<\/strong>.<\/p>\n<p>Je to znovu potvrzen\u00edm o tom, \u017ee Fialova vl\u00e1da je spolupachatelem izraelsk\u00e9ho vyhlazov\u00e1n\u00ed Palestinc\u016f a jejich genocidy, proto\u017ee ani ve chv\u00edli, kdy Netanyahu na\u0159\u00edd\u00ed vybombardov\u00e1n\u00ed uprchlick\u00fdch t\u00e1bor\u016f a potom se sna\u017e\u00ed tvrdit, \u017ee \u0161lo o omyl, tak nen\u00ed schopna a ochotna Izrael odsoudit. Nelze se tomu ale divit. Fialova junta podporuje nejen izraelsk\u00fd teror proti palestinsk\u00fdm vys\u00eddlenc\u016fm, ale podporuje i ukrajinsk\u00fd terorismus proti rusk\u00fdm civilist\u016fm v pohrani\u010dn\u00edch m\u011bstech.<\/p>\n<p><a href=\"https:\/\/x.com\/P_Fiala\/status\/1795177832982720737?ref_src=twsrc%5Etfw%7Ctwcamp%5Etweetembed%7Ctwterm%5E1795177832982720737%7Ctwgr%5E433d97aa61722ec18fbfc3559d35bc5224257d82%7Ctwcon%5Es1_&amp;ref_url=https%3A%2F%2Faeronet.news%2Fizraelske-stihacky-vybombardovaly-v-rafahu-uprchlicky-tabor-ustanoveny-osn-pro-ochranu-vysidlenych-civilistu-ve-stanech-zahynulo-pres-40-uprchliku-exploze-bomby-dokonce-utrhla-malemu-diteti-hlavu%2F\"><img decoding=\"async\" loading=\"lazy\" class=\"wp-image-54649 aligncenter\" src=\"http:\/\/www.infokuryr.cz\/n\/wp-content\/uploads\/2024\/05\/fialax-x-244x300.jpg\" alt=\"\" width=\"414\" height=\"509\" srcset=\"https:\/\/www.infokuryr.cz\/n\/wp-content\/uploads\/2024\/05\/fialax-x-244x300.jpg 244w, https:\/\/www.infokuryr.cz\/n\/wp-content\/uploads\/2024\/05\/fialax-x.jpg 539w\" sizes=\"(max-width: 414px) 100vw, 414px\" \/><\/a><\/p>\n<p>V podstat\u011b je to tak, \u017ee Fialova vl\u00e1da dod\u00e1v\u00e1 zbran\u011b, munici a drony ukrajinsk\u00fdm terorist\u016fm na Ukrajin\u011b, a rovn\u011b\u017e dod\u00e1v\u00e1 balistick\u00e9 pl\u00e1ty do vojensk\u00fdch nepr\u016fst\u0159eln\u00fdch vest izraelsk\u00e9 arm\u00e1d\u011b, kter\u00e1 pr\u00e1v\u011b te\u010f vyhlazuje Palestince.\u00a0<strong>Pr\u00e1v\u011b proto je Petr Fiala, Jana \u010cernochov\u00e1 a n\u011bkolik dal\u0161\u00edch \u010dlen\u016f \u010desk\u00e9 vl\u00e1dy nejen obvin\u011bno rusk\u00fdmi org\u00e1ny ze st\u00e1tn\u00ed podpory terorismu, ale za\u010d\u00edn\u00e1 se o n\u011b u\u017e zaj\u00edmat i Mezin\u00e1rodn\u00ed trestn\u00ed soud v Haagu<\/strong>, jak jsme byli ned\u00e1vno informov\u00e1ni do redakce v souvislosti s dod\u00e1vkami \u010desk\u00e9 v\u00fdstroje izraelsk\u00e9 arm\u00e1d\u011b p\u0159ed zah\u00e1jen\u00edm invaze do Gazy. A Fialova neochota odsoudit izraelsk\u00fd terorismus a vyhlazov\u00e1n\u00ed Palestinc\u016f jenom potvrzuje, \u017ee Fialova vl\u00e1da je pln\u011b pod\u0159\u00edzena sionistick\u00fdm proces\u016fm Netanyahuovy v\u00e1le\u010dn\u00e9 ma\u0161iny.<\/p>\n<p><a href=\"https:\/\/aeronet.news\/izraelske-stihacky-vybombardovaly-v-rafahu-uprchlicky-tabor-ustanoveny-osn-pro-ochranu-vysidlenych-civilistu-ve-stanech-zahynulo-pres-40-uprchliku-exploze-bomby-dokonce-utrhla-malemu-diteti-hlavu\/\">-VK- \u0160\u00e9fredaktor AE News<\/a><\/p>\n<p>&nbsp;<\/p>\n<p><a href=\"https:\/\/stranapro.cz\/\"><img decoding=\"async\" loading=\"lazy\" class=\"wp-image-53371 aligncenter\" src=\"http:\/\/www.infokuryr.cz\/n\/wp-content\/uploads\/2024\/05\/pro-6-volby-300x169.jpg\" alt=\"\" width=\"845\" height=\"476\" srcset=\"https:\/\/www.infokuryr.cz\/n\/wp-content\/uploads\/2024\/05\/pro-6-volby-300x169.jpg 300w, https:\/\/www.infokuryr.cz\/n\/wp-content\/uploads\/2024\/05\/pro-6-volby.jpg 785w\" sizes=\"(max-width: 845px) 100vw, 845px\" \/><\/a><\/p>\n<p>&nbsp;<\/p>\n<p>&nbsp;<\/p>\n","protected":false},"excerpt":{"rendered":"<p>Izraelsk\u00e9 st\u00edha\u010dky vybombardovaly v Raf\u00e1hu uprchlick\u00fd t\u00e1bor ustanoven\u00fd OSN pro ochranu vys\u00eddlen\u00fdch civilist\u016f! Ve stanech&#8230;<\/p>\n","protected":false},"author":2,"featured_media":54650,"comment_status":"closed","ping_status":"closed","sticky":false,"template":"","format":"standard","meta":[],"categories":[6],"tags":[4537,1497,348,178,107,1746],"_links":{"self":[{"href":"https:\/\/www.infokuryr.cz\/n\/wp-json\/wp\/v2\/posts\/54647"}],"collection":[{"href":"https:\/\/www.infokuryr.cz\/n\/wp-json\/wp\/v2\/posts"}],"about":[{"href":"https:\/\/www.infokuryr.cz\/n\/wp-json\/wp\/v2\/types\/post"}],"author":[{"embeddable":true,"href":"https:\/\/www.infokuryr.cz\/n\/wp-json\/wp\/v2\/users\/2"}],"replies":[{"embeddable":true,"href":"https:\/\/www.infokuryr.cz\/n\/wp-json\/wp\/v2\/comments?post=54647"}],"version-history":[{"count":0,"href":"https:\/\/www.infokuryr.cz\/n\/wp-json\/wp\/v2\/posts\/54647\/revisions"}],"wp:featuredmedia":[{"embeddable":true,"href":"https:\/\/www.infokuryr.cz\/n\/wp-json\/wp\/v2\/media\/54650"}],"wp:attachment":[{"href":"https:\/\/www.infokuryr.cz\/n\/wp-json\/wp\/v2\/media?parent=54647"}],"wp:term":[{"taxonomy":"category","embeddable":true,"href":"https:\/\/www.infokuryr.cz\/n\/wp-json\/wp\/v2\/categories?post=54647"},{"taxonomy":"post_tag","embeddable":true,"href":"https:\/\/www.infokuryr.cz\/n\/wp-json\/wp\/v2\/tags?post=54647"}],"curies":[{"name":"wp","href":"https:\/\/api.w.org\/{rel}","templated":true}]}}