{"id":54644,"date":"2024-05-28T00:44:11","date_gmt":"2024-05-27T22:44:11","guid":{"rendered":"https:\/\/www.infokuryr.cz\/n\/?p=54644"},"modified":"2024-05-27T20:40:59","modified_gmt":"2024-05-27T18:40:59","slug":"nedelnik-adama-b-bartose-163-vstanou-novi-kramarove","status":"publish","type":"post","link":"https:\/\/www.infokuryr.cz\/n\/2024\/05\/28\/nedelnik-adama-b-bartose-163-vstanou-novi-kramarove\/","title":{"rendered":"NED\u011aLN\u00cdK ADAMA B. BARTO\u0160E (163) VSTANOU NOV\u00cd KRAM\u00c1\u0158OV\u00c9?"},"content":{"rendered":"<div id=\"fb-root\"><\/div>\n<div class=\"entry-content\">\n<p>V\u00e1\u017een\u00e9 kolegyn\u011b, v\u00e1\u017een\u00ed kolegov\u00e9, ka\u017ed\u00fd rok se sch\u00e1z\u00edme u hrobu zakladatele na\u0161\u00ed strany a velk\u00e9ho st\u00e1tn\u00edka Karla Kram\u00e1\u0159e. Ka\u017ed\u00fd rok si p\u0159ipom\u00edn\u00e1me jeho pam\u00e1tku a ka\u017ed\u00fd rok se tu sna\u017e\u00edm bilancovat \u2013 v\u011bt\u0161inou znepokojivou \u2013 situaci ve spole\u010dnosti. Podobn\u011b u\u010din\u00edm i dnes, kdy si \u2013 na den p\u0159esn\u011b \u2013 p\u0159ipom\u00edn\u00e1me jeho odchod, ke kter\u00e9mu do\u0161lo 26. kv\u011btna p\u0159ed 87 lety.<span id=\"more-14248\"><\/span><\/p>\n<p>\u0158\u00edk\u00e1m-li, \u017ee byl Karel Kram\u00e1\u0159 velk\u00fd st\u00e1tn\u00edk, nijak nep\u0159eh\u00e1n\u00edm, proto\u017ee takov\u00fdm vskutku byl \u2013 nebyl jen politikem, byl st\u00e1tn\u00edkem. Byl to \u010dlov\u011bk dokonale ovl\u00e1daj\u00edc\u00ed politick\u00e9 \u0159emeslo, byl to \u010dlov\u011bk v politick\u00fdch v\u011bd\u00e1ch vzd\u011blan\u00fd, byl to \u010dlov\u011bk odv\u00e1\u017en\u00fd a vizion\u00e1\u0159sk\u00fd, byl politicky pron\u00e1sledov\u00e1n a stal se ob\u011bt\u00ed star\u00e9ho (rakousko-uhersk\u00e9ho) re\u017eimu, na smrt odsouzen\u00fdm, byl tedy v prav\u00e9m slova smyslu mu\u010dedn\u00edkem. Byl milovan\u00fd n\u00e1rodem, byl jedn\u00edm z nejd\u00e9le slou\u017e\u00edc\u00edch politik\u016f, byl prvn\u00edm premi\u00e9rem na\u0161\u00ed samostatn\u00e9 zem\u011b, byl mu\u017eem bystr\u00e9ho \u00fasudku a pevn\u00fdch z\u00e1sad, kter\u00fd se nem\u00fdlil ve sv\u00fdch p\u0159edpov\u011bd\u00edch, byl politikem evropsk\u00e9ho form\u00e1tu, kter\u00e9mu z\u00e1le\u017eelo netoliko na tomto n\u00e1rod\u011b, ale le\u017eela mu na srdci i budoucnost ostatn\u00edch n\u00e1rod\u016f slovansk\u00fdch, byl politikem, kter\u00fd pro\u017eil zklam\u00e1n\u00ed z prvorepublikov\u00e9ho v\u00fdvoje a pozd\u011bj\u0161\u00ed nevd\u011bk n\u00e1roda, byl \u010dlov\u011bkem, kter\u00fd politikou nezbohatl, ale naopak v n\u00ed zchudl a m\u011bl to \u0161t\u011bst\u00ed, \u017ee ode\u0161el t\u00e9m\u011b\u0159 v p\u0159edve\u010der z\u00e1niku republiky, tak\u017ee neza\u017eil \u2013 podobn\u011b jako jeho spolupracovn\u00edk a pozd\u011bji ideov\u00fd protivn\u00edk T. G. Masaryk, kter\u00fd zem\u0159el jen o p\u00e1r m\u011bs\u00edc\u016f pozd\u011bji \u2013 jej\u00ed nejsmutn\u011bj\u0161\u00ed okam\u017eiky. Pat\u0159\u00ed k jedn\u011bm z m\u00e1la politik\u016f, ke kter\u00fdm je historie shov\u00edvav\u00e1 a spravedliv\u00e1, proto\u017ee je hodnocen pouze kladn\u011b a v jeho \u017eivotn\u00ed \u00e9\u0159e nenajdeme nic kontroverzn\u00edho, a to ani po letech a desetilet\u00edch. Zat\u00edmco podobn\u00e1 velikost je p\u0159ipisov\u00e1na i Masarykovi \u010di Bene\u0161ovi, v\u016f\u010di t\u011bm v\u0161ak existuj\u00ed sv\u011bdectv\u00ed, kter\u00e1 jsou poskvrnami na jejich \u00fadajn\u011b \u010dist\u00fdch \u017eivotech, o Kram\u00e1\u0159ovi nelze \u2013 ani v dne\u0161n\u00ed dob\u011b p\u0159ekrucov\u00e1n\u00ed historie \u2013 \u0159\u00edci nic \u0161patn\u00e9ho. Nenapad\u00e1 mne \u017e\u00e1dn\u00fd jin\u00fd politik (snad krom\u011b jeho spolupracovn\u00edka Aloise Ra\u0161\u00edna), kter\u00fd by m\u011bl podobn\u011b dobrou vizitku. T\u0159eba\u017ee dne\u0161n\u00ed re\u017eim z\u00e1m\u011brn\u011b navazuje na Masaryk\u016fv sm\u011br, tedy sm\u011br Kram\u00e1\u0159ovi protivn\u00fd, nem\u00e1, co by vytknul Karlu Kram\u00e1\u0159ovi. V tomto smyslu je postaven\u00ed Karla Kram\u00e1\u0159e v panteonu \u010desk\u00e9 sl\u00e1vy vskutku ojedin\u011bl\u00e9.<\/p>\n<p>A\u010dkoli jsem zm\u00ednil, \u017ee byl u\u0161et\u0159en toho, b\u00fdt sv\u011bdkem z\u00e1niku republiky, v jej\u00edm\u017e \u010dele na chv\u00edli st\u00e1l, netvrd\u00edm t\u00edm, \u017ee by onen \u010das krize, kdyby se ho byl do\u017eil, nezvl\u00e1dl. Ba naopak, jsem p\u0159esv\u011bd\u010den, \u017ee kdyby \u010dlov\u011bk jeho kvalit vedl zemi v on\u011bch pohnut\u00fdch dob\u00e1ch, mohlo v\u0161e dopadnout jinak. Nebyl t\u00edm, kdo zemi zaprodal cizin\u011b, jako Masaryk, nebyl zedn\u00e1\u0159em, kter\u00fd \u2013 poslu\u0161en zedn\u00e1\u0159sk\u00fdm rozkaz\u016fm \u2013 up\u0159ednost\u0148oval zedn\u00e1\u0159sk\u00e9 sv\u011btov\u00e9 z\u00e1jmy p\u0159ed z\u00e1jmy n\u00e1rodn\u00edmi, jako Bene\u0161. Bylo ne\u0161t\u011bst\u00edm na\u0161\u00ed zem\u011b, \u017ee ode\u0161el d\u0159\u00edve a \u017ee u\u017e nemohl nastalou krisi \u0159e\u0161it.<\/p>\n<p>Mu\u017ee jeho kvalit postr\u00e1d\u00e1 politika dne\u0161ka o to v\u00edce, o\u010d v\u00edce mezit\u00edm vzrostl jej\u00ed \u00fapadek, jej\u00ed rozvrat, jej\u00ed vypr\u00e1zdn\u011bn\u00ed. Dnes nejen\u017ee nem\u00e1me st\u00e1tn\u00edky, dnes nem\u00e1me ani politiky, proto\u017ee ti se zaslou\u017eili o zprofanov\u00e1n\u00ed toho slova, slovo politik se stalo doslova nad\u00e1vkou. A nejde jen o \u00fapadek \u010desk\u00e9 politiky, jej\u00ed rozvrat a jej\u00ed vypr\u00e1zdn\u011bn\u00ed, ale jde i o to, \u017ee \u010del\u00edme v\u00e1\u017en\u00e9 krisi, krisi ekonomick\u00e9, mravn\u00ed, krisi v\u00e1le\u010dn\u00e9, \u017ee \u010del\u00edme \u2013 a to bez nads\u00e1zky \u2013 likvidaci \u010desk\u00e9 st\u00e1tnosti, nez\u00e1vislosti, ba dokonce i likvidaci samotn\u00e9 existence na\u0161eho n\u00e1roda. Pro\u010d si dovoluji takov\u00e9 v\u00e1\u017en\u00e9 soudy vyn\u00e1\u0161et, snad net\u0159eba dokl\u00e1dat \u2013 vid\u00ed to ka\u017ed\u00fd, kdo miluje pravdu a svobodu a kdo je \u201emajitelem mozku\u201c.<\/p>\n<p>Co s t\u00edm? Co s t\u00edm, \u017ee je na\u0161e zem\u011b v trosk\u00e1ch a na obzoru nav\u00edc nen\u00ed nikdo, kdo by ji z jej\u00edho ne\u0161\u0165astn\u00e9ho (nejen zelen\u00e9ho) \u00fad\u011blu mohl vyv\u00e9st? Kdyby tu n\u011bkdo takov\u00fd byl, jist\u011b bychom o n\u011bm u\u017e v\u011bd\u011bli, jist\u011b by o sob\u011b u\u017e dal v\u011bd\u011bt.<\/p>\n<p>Kdy\u017e bych zde m\u011bl skon\u010dit, skon\u010dil bych nevesele a bez nad\u011bje.<\/p>\n<p>Politik by ale m\u011bl nejen \u0159\u00edkat pravdu, ale m\u011bl by p\u0159in\u00e1\u0161et i nad\u011bji.<\/p>\n<p>Proto se pokus\u00edm naj\u00edt slova nad\u011bje i v dne\u0161n\u00ed nep\u0159\u00edzniv\u00e9 situaci.<\/p>\n<p>Mo\u017en\u00e1 by n\u00e1m pomohlo, kdybychom na \u017e\u00e1dn\u00e9ho politick\u00e9ho mesi\u00e1\u0161e, ba dokonce na \u017e\u00e1dn\u00e9ho nov\u00e9ho Kram\u00e1\u0159e ne\u010dekali, proto\u017ee je mo\u017en\u00e9, \u017ee nikdy nep\u0159ijde. Mo\u017en\u00e1 by takov\u00e9 \u010dek\u00e1n\u00ed bylo stejn\u011b alibistick\u00e9, jako douf\u00e1n\u00ed, \u017ee v\u0161e za n\u00e1s vy\u0159e\u0161\u00ed jac\u00edsi pomysln\u00ed a b\u00e1jn\u00ed blani\u010dt\u00ed ryt\u00ed\u0159i.<\/p>\n<p>Snad se, pane doktore Kram\u00e1\u0159i, neuraz\u00edte, ale dovol\u00edm si \u0159\u00edci, \u017ee mo\u017en\u00e1 nem\u00e1me \u010dekat na z\u00e1zrak blanick\u00fdch ryt\u00ed\u0159\u016f ani na to, \u017ee p\u0159ijde n\u011bkdo jako Vy.<\/p>\n<p>Jedna vlasteneck\u00e1 p\u00edse\u0148 dne\u0161n\u00ed doby zp\u00edv\u00e1 o tom, \u017ee nem\u00e1me hledat ryt\u00ed\u0159e v nitru hory, \u017ee je m\u00e1me hledat v nitru sv\u00e9m. Nem\u00e1me \u010dekat, co pro n\u00e1s a za n\u00e1s u\u010din\u00ed vyb\u00e1jen\u00e9 postavy, ale m\u00e1me se t\u011bmi b\u00e1jn\u00fdmi postavami sami st\u00e1t a sv\u00e9 v\u00edt\u011bzstv\u00ed si sami vybojovat.<\/p>\n<p>V tomto smyslu \u2013 ne\u010dekejme na nov\u00e9ho Kram\u00e1\u0159e, ale bu\u010fme \u2013 takov\u00fdm Kram\u00e1\u0159em, t\u0159ebas mal\u00fdm \u2013 my sami. Milujme pravdu tak jako on, bu\u010fme odv\u00e1\u017en\u00ed tak jako on, milujme svou zemi a n\u00e1rod, jako on, ob\u011btujme se pro ni, jako on. Mo\u017en\u00e1 \u2013 stejn\u011b jako on \u2013 za\u017eijeme zklam\u00e1n\u00ed a nevd\u011bk a mo\u017en\u00e1 na\u0161e strana \u2013 stejn\u011b jako ta jeho v pozd\u011bj\u0161\u00edch letech \u2013 nebude st\u00e1t v \u010dele zem\u011b. Budeme-li v\u0161ak jako on, budeme na sebe moci b\u00fdt hrd\u00ed a historie \u2013 stejn\u011b jako o n\u011bm \u2013 ani o n\u00e1s nebude moci vydat k\u0159iv\u00e9ho sv\u011bdectv\u00ed.<\/p>\n<p>To je moje poselstv\u00ed v\u00e1m, zde p\u0159\u00edtomn\u00fdm, i v\u0161em na\u0161im voli\u010d\u016fm, podporovatel\u016fm a p\u0159\u00edznivc\u016fm: ne a\u0165 povstane nov\u00fd Kram\u00e1\u0159. Nech\u0165 povstanou des\u00edtky, stovky a tis\u00edce nov\u00fdch Kram\u00e1\u0159\u016f, proto\u017ee jedin\u011b tak, spole\u010dn\u011b, m\u016f\u017eeme zm\u011bnit \u00fad\u011bl, kter\u00fd se n\u00e1m pokusil p\u0159ipravit n\u00e1\u0161 nep\u0159\u00edtel. Jedin\u011b tak \u2013 v jednot\u011b a s\u00edle \u2013 zv\u00edt\u011bz\u00edme.<\/p>\n<p>K tomu n\u00e1m dopom\u00e1hej B\u016fh!<\/p>\n<p>D\u011bkuji za pozornost \u2013 a n\u00e1rodu zdar!<\/p>\n<p><em>projev Adama B. Barto\u0161e v krypt\u011b Pravoslavn\u00e9ho chr\u00e1mu Zesnut\u00ed p\u0159esvat\u00e9 Bohorodice, Praha, Ol\u0161any, ned\u011ble 26. kv\u011btna 2024.<\/em><\/p>\n<p><img decoding=\"async\" loading=\"lazy\" class=\"wp-image-14252 entered litespeed-loaded aligncenter\" src=\"https:\/\/narodnidemokracie.cz\/wp-content\/uploads\/2024\/05\/kramar2024-1.jpg\" sizes=\"(max-width: 1200px) 100vw, 1200px\" srcset=\"https:\/\/narodnidemokracie.cz\/wp-content\/uploads\/2024\/05\/kramar2024-1.jpg 1200w, https:\/\/narodnidemokracie.cz\/wp-content\/uploads\/2024\/05\/kramar2024-1-225x300.jpg 225w, https:\/\/narodnidemokracie.cz\/wp-content\/uploads\/2024\/05\/kramar2024-1-768x1024.jpg 768w, https:\/\/narodnidemokracie.cz\/wp-content\/uploads\/2024\/05\/kramar2024-1-1152x1536.jpg 1152w, https:\/\/narodnidemokracie.cz\/wp-content\/uploads\/2024\/05\/kramar2024-1-665x887.jpg 665w, https:\/\/narodnidemokracie.cz\/wp-content\/uploads\/2024\/05\/kramar2024-1-195x260.jpg 195w, https:\/\/narodnidemokracie.cz\/wp-content\/uploads\/2024\/05\/kramar2024-1-750x1000.jpg 750w\" alt=\"\" width=\"877\" height=\"1169\" data-lazyloaded=\"1\" data-src=\"https:\/\/narodnidemokracie.cz\/wp-content\/uploads\/2024\/05\/kramar2024-1.jpg\" data-srcset=\"https:\/\/narodnidemokracie.cz\/wp-content\/uploads\/2024\/05\/kramar2024-1.jpg 1200w, https:\/\/narodnidemokracie.cz\/wp-content\/uploads\/2024\/05\/kramar2024-1-225x300.jpg 225w, https:\/\/narodnidemokracie.cz\/wp-content\/uploads\/2024\/05\/kramar2024-1-768x1024.jpg 768w, https:\/\/narodnidemokracie.cz\/wp-content\/uploads\/2024\/05\/kramar2024-1-1152x1536.jpg 1152w, https:\/\/narodnidemokracie.cz\/wp-content\/uploads\/2024\/05\/kramar2024-1-665x887.jpg 665w, https:\/\/narodnidemokracie.cz\/wp-content\/uploads\/2024\/05\/kramar2024-1-195x260.jpg 195w, https:\/\/narodnidemokracie.cz\/wp-content\/uploads\/2024\/05\/kramar2024-1-750x1000.jpg 750w\" data-sizes=\"(max-width: 1200px) 100vw, 1200px\" data-ll-status=\"loaded\" \/>\u00a0<img decoding=\"async\" loading=\"lazy\" class=\"wp-image-14253 entered litespeed-loaded aligncenter\" src=\"https:\/\/narodnidemokracie.cz\/wp-content\/uploads\/2024\/05\/kramar2024-2.jpg\" sizes=\"(max-width: 1200px) 100vw, 1200px\" srcset=\"https:\/\/narodnidemokracie.cz\/wp-content\/uploads\/2024\/05\/kramar2024-2.jpg 1200w, https:\/\/narodnidemokracie.cz\/wp-content\/uploads\/2024\/05\/kramar2024-2-225x300.jpg 225w, https:\/\/narodnidemokracie.cz\/wp-content\/uploads\/2024\/05\/kramar2024-2-768x1024.jpg 768w, https:\/\/narodnidemokracie.cz\/wp-content\/uploads\/2024\/05\/kramar2024-2-1152x1536.jpg 1152w, https:\/\/narodnidemokracie.cz\/wp-content\/uploads\/2024\/05\/kramar2024-2-665x887.jpg 665w, https:\/\/narodnidemokracie.cz\/wp-content\/uploads\/2024\/05\/kramar2024-2-195x260.jpg 195w, https:\/\/narodnidemokracie.cz\/wp-content\/uploads\/2024\/05\/kramar2024-2-750x1000.jpg 750w\" alt=\"\" width=\"882\" height=\"1176\" data-lazyloaded=\"1\" data-src=\"https:\/\/narodnidemokracie.cz\/wp-content\/uploads\/2024\/05\/kramar2024-2.jpg\" data-srcset=\"https:\/\/narodnidemokracie.cz\/wp-content\/uploads\/2024\/05\/kramar2024-2.jpg 1200w, https:\/\/narodnidemokracie.cz\/wp-content\/uploads\/2024\/05\/kramar2024-2-225x300.jpg 225w, https:\/\/narodnidemokracie.cz\/wp-content\/uploads\/2024\/05\/kramar2024-2-768x1024.jpg 768w, https:\/\/narodnidemokracie.cz\/wp-content\/uploads\/2024\/05\/kramar2024-2-1152x1536.jpg 1152w, https:\/\/narodnidemokracie.cz\/wp-content\/uploads\/2024\/05\/kramar2024-2-665x887.jpg 665w, https:\/\/narodnidemokracie.cz\/wp-content\/uploads\/2024\/05\/kramar2024-2-195x260.jpg 195w, https:\/\/narodnidemokracie.cz\/wp-content\/uploads\/2024\/05\/kramar2024-2-750x1000.jpg 750w\" data-sizes=\"(max-width: 1200px) 100vw, 1200px\" data-ll-status=\"loaded\" \/>\u00a0<img decoding=\"async\" loading=\"lazy\" class=\"wp-image-14254 entered litespeed-loaded aligncenter\" src=\"https:\/\/narodnidemokracie.cz\/wp-content\/uploads\/2024\/05\/kramar2024-3.jpg\" sizes=\"(max-width: 1200px) 100vw, 1200px\" srcset=\"https:\/\/narodnidemokracie.cz\/wp-content\/uploads\/2024\/05\/kramar2024-3.jpg 1200w, https:\/\/narodnidemokracie.cz\/wp-content\/uploads\/2024\/05\/kramar2024-3-225x300.jpg 225w, https:\/\/narodnidemokracie.cz\/wp-content\/uploads\/2024\/05\/kramar2024-3-768x1024.jpg 768w, https:\/\/narodnidemokracie.cz\/wp-content\/uploads\/2024\/05\/kramar2024-3-1152x1536.jpg 1152w, https:\/\/narodnidemokracie.cz\/wp-content\/uploads\/2024\/05\/kramar2024-3-665x887.jpg 665w, https:\/\/narodnidemokracie.cz\/wp-content\/uploads\/2024\/05\/kramar2024-3-195x260.jpg 195w, https:\/\/narodnidemokracie.cz\/wp-content\/uploads\/2024\/05\/kramar2024-3-750x1000.jpg 750w\" alt=\"\" width=\"885\" height=\"1180\" data-lazyloaded=\"1\" data-src=\"https:\/\/narodnidemokracie.cz\/wp-content\/uploads\/2024\/05\/kramar2024-3.jpg\" data-srcset=\"https:\/\/narodnidemokracie.cz\/wp-content\/uploads\/2024\/05\/kramar2024-3.jpg 1200w, https:\/\/narodnidemokracie.cz\/wp-content\/uploads\/2024\/05\/kramar2024-3-225x300.jpg 225w, https:\/\/narodnidemokracie.cz\/wp-content\/uploads\/2024\/05\/kramar2024-3-768x1024.jpg 768w, https:\/\/narodnidemokracie.cz\/wp-content\/uploads\/2024\/05\/kramar2024-3-1152x1536.jpg 1152w, https:\/\/narodnidemokracie.cz\/wp-content\/uploads\/2024\/05\/kramar2024-3-665x887.jpg 665w, https:\/\/narodnidemokracie.cz\/wp-content\/uploads\/2024\/05\/kramar2024-3-195x260.jpg 195w, https:\/\/narodnidemokracie.cz\/wp-content\/uploads\/2024\/05\/kramar2024-3-750x1000.jpg 750w\" data-sizes=\"(max-width: 1200px) 100vw, 1200px\" data-ll-status=\"loaded\" \/>\u00a0<img decoding=\"async\" loading=\"lazy\" class=\"wp-image-14255 entered litespeed-loaded aligncenter\" src=\"https:\/\/narodnidemokracie.cz\/wp-content\/uploads\/2024\/05\/kramar2024-4.jpg\" sizes=\"(max-width: 1200px) 100vw, 1200px\" srcset=\"https:\/\/narodnidemokracie.cz\/wp-content\/uploads\/2024\/05\/kramar2024-4.jpg 1200w, https:\/\/narodnidemokracie.cz\/wp-content\/uploads\/2024\/05\/kramar2024-4-225x300.jpg 225w, https:\/\/narodnidemokracie.cz\/wp-content\/uploads\/2024\/05\/kramar2024-4-768x1024.jpg 768w, https:\/\/narodnidemokracie.cz\/wp-content\/uploads\/2024\/05\/kramar2024-4-1152x1536.jpg 1152w, https:\/\/narodnidemokracie.cz\/wp-content\/uploads\/2024\/05\/kramar2024-4-665x887.jpg 665w, https:\/\/narodnidemokracie.cz\/wp-content\/uploads\/2024\/05\/kramar2024-4-195x260.jpg 195w, https:\/\/narodnidemokracie.cz\/wp-content\/uploads\/2024\/05\/kramar2024-4-750x1000.jpg 750w\" alt=\"\" width=\"874\" height=\"1165\" data-lazyloaded=\"1\" data-src=\"https:\/\/narodnidemokracie.cz\/wp-content\/uploads\/2024\/05\/kramar2024-4.jpg\" data-srcset=\"https:\/\/narodnidemokracie.cz\/wp-content\/uploads\/2024\/05\/kramar2024-4.jpg 1200w, https:\/\/narodnidemokracie.cz\/wp-content\/uploads\/2024\/05\/kramar2024-4-225x300.jpg 225w, https:\/\/narodnidemokracie.cz\/wp-content\/uploads\/2024\/05\/kramar2024-4-768x1024.jpg 768w, https:\/\/narodnidemokracie.cz\/wp-content\/uploads\/2024\/05\/kramar2024-4-1152x1536.jpg 1152w, https:\/\/narodnidemokracie.cz\/wp-content\/uploads\/2024\/05\/kramar2024-4-665x887.jpg 665w, https:\/\/narodnidemokracie.cz\/wp-content\/uploads\/2024\/05\/kramar2024-4-195x260.jpg 195w, https:\/\/narodnidemokracie.cz\/wp-content\/uploads\/2024\/05\/kramar2024-4-750x1000.jpg 750w\" data-sizes=\"(max-width: 1200px) 100vw, 1200px\" data-ll-status=\"loaded\" \/><\/p>\n<\/div>\n<div class=\"entry-utils group\">\n<p><a href=\"https:\/\/narodnidemokracie.cz\/nedelnik-adama-b-bartose-163-vstanou-novi-kramarove\/\">ZDROJ<\/a><\/p>\n<p><a href=\"https:\/\/stranapro.cz\/\"><img decoding=\"async\" loading=\"lazy\" class=\"wp-image-53371 aligncenter\" src=\"http:\/\/www.infokuryr.cz\/n\/wp-content\/uploads\/2024\/05\/pro-6-volby-300x169.jpg\" alt=\"\" width=\"769\" height=\"433\" srcset=\"https:\/\/www.infokuryr.cz\/n\/wp-content\/uploads\/2024\/05\/pro-6-volby-300x169.jpg 300w, https:\/\/www.infokuryr.cz\/n\/wp-content\/uploads\/2024\/05\/pro-6-volby-768x431.jpg 768w, https:\/\/www.infokuryr.cz\/n\/wp-content\/uploads\/2024\/05\/pro-6-volby.jpg 785w\" sizes=\"(max-width: 769px) 100vw, 769px\" \/><\/a><\/p>\n<\/div>\n<p>&nbsp;<\/p>\n","protected":false},"excerpt":{"rendered":"<p>V\u00e1\u017een\u00e9 kolegyn\u011b, v\u00e1\u017een\u00ed kolegov\u00e9, ka\u017ed\u00fd rok se sch\u00e1z\u00edme u hrobu zakladatele na\u0161\u00ed strany a velk\u00e9ho&#8230;<\/p>\n","protected":false},"author":2,"featured_media":54645,"comment_status":"closed","ping_status":"closed","sticky":false,"template":"","format":"standard","meta":[],"categories":[6],"tags":[367,2496,85,710,801],"_links":{"self":[{"href":"https:\/\/www.infokuryr.cz\/n\/wp-json\/wp\/v2\/posts\/54644"}],"collection":[{"href":"https:\/\/www.infokuryr.cz\/n\/wp-json\/wp\/v2\/posts"}],"about":[{"href":"https:\/\/www.infokuryr.cz\/n\/wp-json\/wp\/v2\/types\/post"}],"author":[{"embeddable":true,"href":"https:\/\/www.infokuryr.cz\/n\/wp-json\/wp\/v2\/users\/2"}],"replies":[{"embeddable":true,"href":"https:\/\/www.infokuryr.cz\/n\/wp-json\/wp\/v2\/comments?post=54644"}],"version-history":[{"count":1,"href":"https:\/\/www.infokuryr.cz\/n\/wp-json\/wp\/v2\/posts\/54644\/revisions"}],"predecessor-version":[{"id":54646,"href":"https:\/\/www.infokuryr.cz\/n\/wp-json\/wp\/v2\/posts\/54644\/revisions\/54646"}],"wp:featuredmedia":[{"embeddable":true,"href":"https:\/\/www.infokuryr.cz\/n\/wp-json\/wp\/v2\/media\/54645"}],"wp:attachment":[{"href":"https:\/\/www.infokuryr.cz\/n\/wp-json\/wp\/v2\/media?parent=54644"}],"wp:term":[{"taxonomy":"category","embeddable":true,"href":"https:\/\/www.infokuryr.cz\/n\/wp-json\/wp\/v2\/categories?post=54644"},{"taxonomy":"post_tag","embeddable":true,"href":"https:\/\/www.infokuryr.cz\/n\/wp-json\/wp\/v2\/tags?post=54644"}],"curies":[{"name":"wp","href":"https:\/\/api.w.org\/{rel}","templated":true}]}}