{"id":54641,"date":"2024-05-28T00:40:23","date_gmt":"2024-05-27T22:40:23","guid":{"rendered":"https:\/\/www.infokuryr.cz\/n\/?p=54641"},"modified":"2024-05-27T20:33:03","modified_gmt":"2024-05-27T18:33:03","slug":"miroslav-petr-karel-capek-modlitba-za-pravdu","status":"publish","type":"post","link":"https:\/\/www.infokuryr.cz\/n\/2024\/05\/28\/miroslav-petr-karel-capek-modlitba-za-pravdu\/","title":{"rendered":"Miroslav Petr: Karel \u010capek &#8211; Modlitba za pravdu"},"content":{"rendered":"<div id=\"fb-root\"><\/div>\n<p><em>B\u00e1se\u0148, kter\u00e1 je i dnes velmi aktu\u00e1ln\u00ed. D\u016fkaz, \u017ee historie se st\u00e1le opakuje.<\/em><\/p>\n<p><em>&#8222;Bo\u017ee, kter\u00fd jsi stvo\u0159il n\u00e1rody, a v\u0161em jsi vdechl touhu \u017e\u00edt ve cti, zbav dne\u0161n\u00ed den toho nejhor\u0161\u00edho: L\u017ei. L\u017ei, kter\u00e1 podp\u00edr\u00e1 a p\u0159ipravuje n\u00e1sil\u00ed a u\u010d\u00ed lidi nen\u00e1vid\u011bt se navz\u00e1jem. L\u017ei, kter\u00e1 otravuje n\u00e1rody a vykon\u00e1v\u00e1 mezi nimi propasti, je\u017e snad ani des\u00edtky let nevyrovnaj\u00ed.<\/em><\/p>\n<p>Bo\u017ee, jak bude vypadat, jak se bude vyv\u00edjet Evropa obluzena tolika nen\u00e1vistn\u00fdmi l\u017eemi! Jak bude mo\u017en\u00e9 sou\u017eit\u00ed mezi lidmi a n\u00e1rody, je-li mezi n\u011b vr\u017eeno tolik ur\u00e1\u017eek, tolik opovr\u017een\u00ed + vzteku! Copak si snad n\u011bkdo p\u0159edstavuje, \u017ee tento stav ducha m\u00e1 a m\u016f\u017ee trvat bez konce?<\/p>\n<p>Copak si v\u011b\u010dn\u011b m\u00e1 soused o\u0161kliv\u011bt souseda a \u010dekat jen na p\u0159\u00edle\u017eitost, aby mu zasadil mstivou a \u00fakladnou r\u00e1nu? I po v\u00e1lce si mohou n\u00e1rody podat ruce, mohou si sebe ryt\u00ed\u0159sky v\u00e1\u017eit a nav\u00e1zat vztahy d\u016fv\u011bry. Ale na boji\u0161ti l\u017ei nebude nav\u011bky d\u016fv\u011bry ani cti. Ka\u017ed\u00e1 le\u017e zajde, ale z\u016fstane po n\u00ed nen\u00e1vist a opovr\u017een\u00ed.<\/p>\n<p>T\u011blo se zahoj\u00ed d\u0159\u00edv ne\u017e du\u0161e. Bo\u017ee, jak hrozn\u011b je ztrap\u0148ov\u00e1na du\u0161e tohoto n\u00e1roda? Jak tohle se m\u00e1 jednou zahojit nebo odpustit? Copak se toho nezhroz\u00ed n\u00e1rodov\u00e9, jak\u00fd nen\u00e1vistn\u00fd, nav\u011bky zl\u00fd a nep\u0159\u00e1telsk\u00fd sv\u011bt se takto buduje? Nem\u00e1 snad nikdy b\u00fdt m\u00edr nebo aspo\u0148 oddech v k\u0159e\u010dovit\u00e9m smrteln\u00e9m nen\u00e1vid\u011bn\u00ed?<\/p>\n<p>Bo\u017ee, vra\u0165 sv\u011btu pravdu! Bude to v\u00edc ne\u017e smlouva m\u00edru, bude to cenn\u011bj\u0161\u00ed ne\u017e ka\u017ed\u00e9 spojenectv\u00ed. Nikdo, \u017e\u00e1dn\u00fd n\u00e1rod, \u017e\u00e1dn\u00fd st\u00e1t si nebudi\u017e jist, pokud mohou b\u00fdt lidsk\u00e9 vztahy kdykoli korumpov\u00e1ny n\u00e1stroji l\u017ei, nebude jistoty, nebude smluv, nebude ni\u010deho platn\u00e9ho a bezpe\u010dn\u00e9ho, pokud v\u011bdom\u00ed kter\u00e9hokoliv n\u00e1roda bude zk\u0159ivov\u00e1no z\u00e1m\u011brnou l\u017e\u00ed. Za ka\u017edou l\u017e\u00ed jde \u00faklad a n\u00e1sil\u00ed. Ka\u017ed\u00e1 le\u017e je \u00fatok na bezpe\u010d\u00ed sv\u011bta. Nikdo nebude \u017e\u00edt v m\u00edru ani za nejsiln\u011bj\u0161\u00ed hradbou z oceli a betonu. Ok\u0159\u00eddlen\u00e1 le\u017e se vysm\u011bje v\u0161em va\u0161im pevnostem.<\/p>\n<p>Zbavit sv\u011bt l\u017e\u00ed je v\u00edc ne\u017e odzbrojen\u00ed. Jak\u00e9 to bylo divn\u00e9 jasnoz\u0159en\u00ed, kdy\u017e n\u00e1\u0161 Masaryk vepsal do na\u0161eho st\u00e1tn\u00edho znaku slova &#8222;Pravda v\u00edt\u011bz\u00ed&#8220;. Jakoby tu\u0161il, \u017ee jednou le\u017e podnikne gener\u00e1ln\u00ed \u00fatok na n\u00e1\u0161 st\u00e1t a n\u00e1rod, a u\u017e p\u0159edem razil heslo pro toto utk\u00e1n\u00ed.<\/p>\n<p>S t\u00edm heslem m\u016f\u017eeme j\u00edt do boje &#8211; ale jenom s t\u00edm heslem m\u016f\u017ee j\u00edt cel\u00fd sv\u011bt do m\u00edru. Nebo\u0165 jenom bez l\u017ei se mohou lid\u00e9 a n\u00e1rody dorozum\u011bt, a\u0165 mluv\u00ed jazykem kter\u00fdmkoliv. Bo\u017ee, vra\u0165 sv\u011btu pravdu!&#8220;<\/p>\n<p>Lidov\u00e9 noviny 25. 9. 1938<\/p>\n<p><a href=\"https:\/\/www.czechfreepress.cz\/dalsi-blogy\/karel-capek-modlitba-za-pravdu.html\">Miroslav Petr<\/a><\/p>\n<p><a href=\"https:\/\/stranapro.cz\/\"><img decoding=\"async\" loading=\"lazy\" class=\"wp-image-53371 aligncenter\" src=\"http:\/\/www.infokuryr.cz\/n\/wp-content\/uploads\/2024\/05\/pro-6-volby-300x169.jpg\" alt=\"\" width=\"847\" height=\"477\" srcset=\"https:\/\/www.infokuryr.cz\/n\/wp-content\/uploads\/2024\/05\/pro-6-volby-300x169.jpg 300w, https:\/\/www.infokuryr.cz\/n\/wp-content\/uploads\/2024\/05\/pro-6-volby.jpg 785w\" sizes=\"(max-width: 847px) 100vw, 847px\" \/><\/a><\/p>\n<p>&nbsp;<\/p>\n","protected":false},"excerpt":{"rendered":"<p>B\u00e1se\u0148, kter\u00e1 je i dnes velmi aktu\u00e1ln\u00ed. D\u016fkaz, \u017ee historie se st\u00e1le opakuje. &#8222;Bo\u017ee, kter\u00fd&#8230;<\/p>\n","protected":false},"author":2,"featured_media":54642,"comment_status":"closed","ping_status":"closed","sticky":false,"template":"","format":"standard","meta":[],"categories":[6],"tags":[7360,1503,122],"_links":{"self":[{"href":"https:\/\/www.infokuryr.cz\/n\/wp-json\/wp\/v2\/posts\/54641"}],"collection":[{"href":"https:\/\/www.infokuryr.cz\/n\/wp-json\/wp\/v2\/posts"}],"about":[{"href":"https:\/\/www.infokuryr.cz\/n\/wp-json\/wp\/v2\/types\/post"}],"author":[{"embeddable":true,"href":"https:\/\/www.infokuryr.cz\/n\/wp-json\/wp\/v2\/users\/2"}],"replies":[{"embeddable":true,"href":"https:\/\/www.infokuryr.cz\/n\/wp-json\/wp\/v2\/comments?post=54641"}],"version-history":[{"count":0,"href":"https:\/\/www.infokuryr.cz\/n\/wp-json\/wp\/v2\/posts\/54641\/revisions"}],"wp:featuredmedia":[{"embeddable":true,"href":"https:\/\/www.infokuryr.cz\/n\/wp-json\/wp\/v2\/media\/54642"}],"wp:attachment":[{"href":"https:\/\/www.infokuryr.cz\/n\/wp-json\/wp\/v2\/media?parent=54641"}],"wp:term":[{"taxonomy":"category","embeddable":true,"href":"https:\/\/www.infokuryr.cz\/n\/wp-json\/wp\/v2\/categories?post=54641"},{"taxonomy":"post_tag","embeddable":true,"href":"https:\/\/www.infokuryr.cz\/n\/wp-json\/wp\/v2\/tags?post=54641"}],"curies":[{"name":"wp","href":"https:\/\/api.w.org\/{rel}","templated":true}]}}