{"id":54609,"date":"2024-05-28T00:44:25","date_gmt":"2024-05-27T22:44:25","guid":{"rendered":"https:\/\/www.infokuryr.cz\/n\/?p=54609"},"modified":"2024-05-27T19:17:39","modified_gmt":"2024-05-27T17:17:39","slug":"jak-ukrajinske-obeti-stoupaji-eu-pristoupi-k-odvodu-evropske-mladeze-do-boje-varuje-madarsky-ministr","status":"publish","type":"post","link":"https:\/\/www.infokuryr.cz\/n\/2024\/05\/28\/jak-ukrajinske-obeti-stoupaji-eu-pristoupi-k-odvodu-evropske-mladeze-do-boje-varuje-madarsky-ministr\/","title":{"rendered":"Jak ukrajinsk\u00e9 ob\u011bti stoupaj\u00ed, EU p\u0159istoup\u00ed k odvodu evropsk\u00e9 ml\u00e1de\u017ee do boje, varuje ma\u010farsk\u00fd ministr"},"content":{"rendered":"<div id=\"fb-root\"><\/div>\n<h2 class=\"s-tagline fw-tagline\"><span>Ma\u010farsk\u00fd ministr zahrani\u010d\u00ed varuje p\u0159ed celoevropsk\u00fdm n\u00e1vrhem, kter\u00fd by mohl p\u0159inutit evropskou ml\u00e1de\u017e slou\u017eit na Ukrajin\u011b<\/span><\/h2>\n<p><span>Vysok\u00e1 m\u00edra kauzality na Ukrajin\u011b v kombinaci s jej\u00edm bojem o odveden\u00ed vlastn\u00edho obyvatelstva znamen\u00e1, \u017ee EU bude st\u00e1le v\u00edce sm\u011b\u0159ovat k odv\u00e1d\u011bn\u00ed evropsk\u00e9 ml\u00e1de\u017ee, v\u011bt\u0161inou v geografick\u00e9 bl\u00edzkosti Ukrajiny, k boji proti Rusku, \u0159ekl ma\u010farsk\u00fd ministr zahrani\u010d\u00ed P\u00e9ter Szijj\u00e1rt\u00f3 po setk\u00e1n\u00ed s ministry zahrani\u010d\u00ed EU. .<\/span><\/p>\n<p><span>\u201eUkrajinsk\u00e9 ob\u011bti jsou \u010d\u00edm d\u00e1l nesnesiteln\u011bj\u0161\u00ed, Ukrajinci nesm\u011bj\u00ed opustit Ukrajinu a te\u010f cht\u011bj\u00ed do v\u00e1lky povolat evropskou ml\u00e1de\u017e. A samoz\u0159ejm\u011b, jak eskalace zas\u00e1hne tuto \u010dtvr\u0165 jako prvn\u00ed, je t\u00e9m\u011b\u0159 jasn\u011b sly\u0161et argument, \u017ee voj\u00e1ci by m\u011bli b\u00fdt vysl\u00e1ni z geografick\u00e9 bl\u00edzkosti jako prvn\u00ed. To v\u0161e znamen\u00e1, \u017ee cht\u011bj\u00ed poslat st\u0159edoevropskou ml\u00e1de\u017e, v\u010detn\u011b ma\u010farsk\u00e9, do v\u00e1lky s povinnou evropskou brannou povinnost\u00ed,\u201c \u0159ekl Szijj\u00e1rt\u00f3 b\u011bhem rozhovoru pro ma\u010farsk\u00e1 m\u00e9dia.<\/span><\/p>\n<figure class=\"wp-block-image size-large\"><img decoding=\"async\" loading=\"lazy\" class=\"wp-image-117590 aligncenter\" src=\"https:\/\/rmx.news\/wp-content\/uploads\/2024\/05\/6b9783d998694e4a897d56a42d11f977-1024x576.jpg\" sizes=\"(max-width: 1024px) 100vw, 1024px\" srcset=\"https:\/\/rmx.news\/wp-content\/uploads\/2024\/05\/6b9783d998694e4a897d56a42d11f977-1024x576.jpg 1024w, https:\/\/rmx.news\/wp-content\/uploads\/2024\/05\/6b9783d998694e4a897d56a42d11f977-500x281.jpg 500w, https:\/\/rmx.news\/wp-content\/uploads\/2024\/05\/6b9783d998694e4a897d56a42d11f977-534x300.jpg 534w, https:\/\/rmx.news\/wp-content\/uploads\/2024\/05\/6b9783d998694e4a897d56a42d11f977-768x432.jpg 768w, https:\/\/rmx.news\/wp-content\/uploads\/2024\/05\/6b9783d998694e4a897d56a42d11f977-860x484.jpg 860w, https:\/\/rmx.news\/wp-content\/uploads\/2024\/05\/6b9783d998694e4a897d56a42d11f977.jpg 1347w\" alt=\"\" width=\"736\" height=\"414\" \/><figcaption class=\"wp-element-caption\"><em>Brusel, 27. kv\u011btna 2024. Ma\u010farsk\u00fd ministr zahrani\u010dn\u00edch v\u011bc\u00ed a obchodu P\u00e9ter Szijj\u00e1rt\u00f3 a loty\u0161sk\u00fd ministr zahrani\u010dn\u00edch v\u011bc\u00ed Baiba Braze na setk\u00e1n\u00ed ministr\u016f zahrani\u010d\u00ed EU v Bruselu dne 27. kv\u011btna 2024. (MTI\/EPA\/Olivier Hoslet)<\/em><\/figcaption><\/figure>\n<p><span>Ma\u010farsk\u00fd ministr zahrani\u010d\u00ed prohl\u00e1sil, \u017ee by byl rozhodn\u011b proti jak\u00e9mukoli \u00fasil\u00ed o zaveden\u00ed evropsk\u00e9 povinn\u00e9 brann\u00e9 povinnosti a prohl\u00e1sil: \u201eRuce pry\u010d od St\u0159edoevropan\u016f, ruce pry\u010d od ma\u010farsk\u00e9 ml\u00e1de\u017ee, nedovol\u00edme, aby se ma\u010farsk\u00e1 ml\u00e1de\u017e zapojila do v\u00e1lky, proto\u017ee to je ne na\u0161e v\u00e1lka.&#8220;<\/span><\/p>\n<p><span>Szijj\u00e1rt\u00f3 nezve\u0159ejnil, kte\u0159\u00ed minist\u0159i zahrani\u010d\u00ed nebo \u010dlensk\u00e9 st\u00e1ty zkoumaj\u00ed mo\u017enost evropsk\u00e9 brann\u00e9 povinnosti, ale ned\u00e1vno n\u011bkolik zem\u00ed uvedlo, \u017ee by zv\u00e1\u017eily vysl\u00e1n\u00ed vlastn\u00edch voj\u00e1k\u016f na Ukrajinu, pokud by Rusko prorazilo na ukrajinsk\u00e9 front\u011b,\u00a0<\/span><a class=\"ek-link\" href=\"https:\/\/rmx.news\/ukraine\/will-macron-go-to-war-with-russia-5-reasons-why-it-could-really-happen\/\"><span>v\u010detn\u011b Francie<\/span><\/a><span>\u00a0a dal\u0161\u00edch. v posledn\u00ed dob\u011b pobaltsk\u00e9 st\u00e1ty.<\/span><\/p>\n<p><iframe loading=\"lazy\" src=\"https:\/\/www.facebook.com\/plugins\/video.php?height=314&amp;href=https%3A%2F%2Fwww.facebook.com%2Fszijjarto.peter.official%2Fvideos%2F319153791228290%2F&amp;show_text=false&amp;width=560&amp;t=0\" width=\"560\" height=\"314\" frameborder=\"0\" scrolling=\"no\" allowfullscreen=\"allowfullscreen\" data-mce-fragment=\"1\"><\/iframe><\/p>\n<p><span>Dlouhodob\u00fdm c\u00edlem levicov\u011b-liber\u00e1ln\u00edho establishmentu v Bruselu je v\u0161ak vytvo\u0159en\u00ed vojensk\u00e9 s\u00edly EU, v\u010detn\u011b odebr\u00e1n\u00ed rozhodovac\u00edho procesu o obran\u011b z \u010dlensk\u00fdch st\u00e1t\u016f a jeho centralizace v Bruselu. Podle takov\u00e9ho n\u00e1vrhu by mohlo doj\u00edt k potenci\u00e1ln\u00ed brann\u00e9 povinnosti, kter\u00e1 by se t\u00fdkala v\u0161ech \u010dlensk\u00fdch st\u00e1t\u016f EU.<\/span><\/p>\n<p><span>Szijj\u00e1rt\u00f3 popsal extr\u00e9mn\u011b intenzivn\u00ed atmosf\u00e9ru na Rad\u011b ministr\u016f zahrani\u010d\u00ed v Bruselu p\u0159ed volbami do Evropsk\u00e9ho parlamentu. Uvedl, \u017ee n\u00e1lada se zhor\u0161ila, kdy\u017e p\u0159\u00edtomn\u00ed za\u010dali mluvit o uvoln\u011bn\u00ed 6,5 miliardy eur pro Ukrajinu, co\u017e ma\u010farsk\u00fd ministr zahrani\u010d\u00ed odm\u00edtl s t\u00edm, \u017ee by to jen eskalovalo v\u00e1lku. Jeho pozice se v\u0161ak dostala pod extr\u00e9mn\u00ed tlak \u0159ady dal\u0161\u00edch zem\u00ed.<\/span><\/p>\n<p><span>&#8222;A byl tady velk\u00fd nepo\u0159\u00e1dek.&#8220; N\u011bme\u010dt\u00ed, litev\u0161t\u00ed, ir\u0161t\u00ed, pol\u0161t\u00ed a dal\u0161\u00ed kolegov\u00e9 proti mn\u011b v t\u00e9to v\u011bci padli, ale to nemohlo ot\u0159\u00e1st na\u0161\u00ed pozic\u00ed, navzdory k\u0159iku evropsk\u00fdch prov\u00e1le\u010dn\u00fdch politik\u016f,\u201c \u0159ekl.<\/span><\/p>\n<p><span>\u201eMysl\u00ed si, \u017ee kdy\u017e budou k\u0159i\u010det z mnoha sm\u011br\u016f, pak \u0159eknu, \u017ee je to dobr\u00e9, je to v po\u0159\u00e1dku. U\u017e by n\u00e1s v\u0161ak m\u011bli zn\u00e1t natolik dob\u0159e, aby v\u011bd\u011bli, \u017ee se to nestane,\u201c dodal.<\/span><\/p>\n<p><img decoding=\"async\" loading=\"lazy\" class=\"alignnone size-full wp-image-1185\" src=\"http:\/\/www.infokuryr.cz\/n\/wp-content\/uploads\/2021\/04\/kuryr-podpis.png\" alt=\"\" width=\"84\" height=\"24\" \/><\/p>\n","protected":false},"excerpt":{"rendered":"<p>Ma\u010farsk\u00fd ministr zahrani\u010d\u00ed varuje p\u0159ed celoevropsk\u00fdm n\u00e1vrhem, kter\u00fd by mohl p\u0159inutit evropskou ml\u00e1de\u017e slou\u017eit na&#8230;<\/p>\n","protected":false},"author":2,"featured_media":49927,"comment_status":"closed","ping_status":"closed","sticky":false,"template":"","format":"standard","meta":[],"categories":[7],"tags":[458,26,1402],"_links":{"self":[{"href":"https:\/\/www.infokuryr.cz\/n\/wp-json\/wp\/v2\/posts\/54609"}],"collection":[{"href":"https:\/\/www.infokuryr.cz\/n\/wp-json\/wp\/v2\/posts"}],"about":[{"href":"https:\/\/www.infokuryr.cz\/n\/wp-json\/wp\/v2\/types\/post"}],"author":[{"embeddable":true,"href":"https:\/\/www.infokuryr.cz\/n\/wp-json\/wp\/v2\/users\/2"}],"replies":[{"embeddable":true,"href":"https:\/\/www.infokuryr.cz\/n\/wp-json\/wp\/v2\/comments?post=54609"}],"version-history":[{"count":1,"href":"https:\/\/www.infokuryr.cz\/n\/wp-json\/wp\/v2\/posts\/54609\/revisions"}],"predecessor-version":[{"id":54610,"href":"https:\/\/www.infokuryr.cz\/n\/wp-json\/wp\/v2\/posts\/54609\/revisions\/54610"}],"wp:featuredmedia":[{"embeddable":true,"href":"https:\/\/www.infokuryr.cz\/n\/wp-json\/wp\/v2\/media\/49927"}],"wp:attachment":[{"href":"https:\/\/www.infokuryr.cz\/n\/wp-json\/wp\/v2\/media?parent=54609"}],"wp:term":[{"taxonomy":"category","embeddable":true,"href":"https:\/\/www.infokuryr.cz\/n\/wp-json\/wp\/v2\/categories?post=54609"},{"taxonomy":"post_tag","embeddable":true,"href":"https:\/\/www.infokuryr.cz\/n\/wp-json\/wp\/v2\/tags?post=54609"}],"curies":[{"name":"wp","href":"https:\/\/api.w.org\/{rel}","templated":true}]}}