{"id":54606,"date":"2024-05-28T00:43:33","date_gmt":"2024-05-27T22:43:33","guid":{"rendered":"https:\/\/www.infokuryr.cz\/n\/?p=54606"},"modified":"2024-05-27T19:13:55","modified_gmt":"2024-05-27T17:13:55","slug":"ruce-pryc-od-krize","status":"publish","type":"post","link":"https:\/\/www.infokuryr.cz\/n\/2024\/05\/28\/ruce-pryc-od-krize\/","title":{"rendered":"\u201eRuce pry\u010d od k\u0159\u00ed\u017ee\u201c"},"content":{"rendered":"<div id=\"fb-root\"><\/div>\n<h1 class=\"s-title fw-headline\"><span style=\"font-size: 14pt;\">Pol\u0161t\u00ed fotbalov\u00ed fanou\u0161ci za\u00fato\u010dili na starostu Var\u0161avy Trzaskowsk\u00e9ho kv\u016fli rozhodnut\u00ed odstranit krucifix z vl\u00e1dn\u00edch budov<\/span><\/h1>\n<h3 class=\"s-tagline fw-tagline\"><span style=\"font-size: 12pt;\">Nov\u00fd dekret starosty Rafa\u0142a Trzaskowsk\u00e9ho o odstran\u011bn\u00ed n\u00e1bo\u017eensk\u00fdch symbol\u016f z vl\u00e1dn\u00edch budov vyvolal v Polsku pobou\u0159en\u00ed a debatu o sekularismu.<\/span><\/h3>\n<p><span>Var\u0161avsk\u00fd starosta Rafa\u0142 Trzaskowski vyvolal v Polsku pobou\u0159en\u00ed t\u00edm, \u017ee uz\u00e1konil politiku zam\u011b\u0159enou na podporu \u201estandard\u016f rovn\u00e9ho zach\u00e1zen\u00ed\u201c ve ve\u0159ejn\u00fdch \u00fa\u0159adech hlavn\u00edho m\u011bsta. Tato sm\u011brnice zakazuje vystavov\u00e1n\u00ed k\u0159\u00ed\u017e\u016f a jin\u00fdch n\u00e1bo\u017eensk\u00fdch symbol\u016f ve vl\u00e1dn\u00edch budov\u00e1ch a tak\u00e9 na stolech zam\u011bstnanc\u016f.<\/span><\/p>\n<p><span>B\u011bhem sobotn\u00edho z\u00e1pasu nejvy\u0161\u0161\u00edho fotbalu mezi Legi\u00ed Var\u0161ava a Zag\u0142\u0119bie Lubin fanou\u0161ci var\u0161avsk\u00e9ho t\u00fdmu vystavili transparent zam\u011b\u0159en\u00fd na Trzaskowsk\u00e9ho s n\u00e1pisem \u201eTrzaskowski, ruce pry\u010d od k\u0159\u00ed\u017ee\u201c.\u00a0<\/span><\/p>\n<figure class=\"wp-block-embed is-type-rich is-provider-twitter wp-block-embed-twitter\">\n<div class=\"wp-block-embed__wrapper\">\n<div class=\"twitter-tweet twitter-tweet-rendered\"><iframe id=\"twitter-widget-0\" class=\"\" title=\"P\u0159\u00edsp\u011bvek X\" src=\"https:\/\/platform.twitter.com\/embed\/Tweet.html?creatorScreenName=RMXnews&amp;dnt=true&amp;embedId=twitter-widget-0&amp;features=eyJ0ZndfdGltZWxpbmVfbGlzdCI6eyJidWNrZXQiOltdLCJ2ZXJzaW9uIjpudWxsfSwidGZ3X2ZvbGxvd2VyX2NvdW50X3N1bnNldCI6eyJidWNrZXQiOnRydWUsInZlcnNpb24iOm51bGx9LCJ0ZndfdHdlZXRfZWRpdF9iYWNrZW5kIjp7ImJ1Y2tldCI6Im9uIiwidmVyc2lvbiI6bnVsbH0sInRmd19yZWZzcmNfc2Vzc2lvbiI6eyJidWNrZXQiOiJvbiIsInZlcnNpb24iOm51bGx9LCJ0ZndfZm9zbnJfc29mdF9pbnRlcnZlbnRpb25zX2VuYWJsZWQiOnsiYnVja2V0Ijoib24iLCJ2ZXJzaW9uIjpudWxsfSwidGZ3X21peGVkX21lZGlhXzE1ODk3Ijp7ImJ1Y2tldCI6InRyZWF0bWVudCIsInZlcnNpb24iOm51bGx9LCJ0ZndfZXhwZXJpbWVudHNfY29va2llX2V4cGlyYXRpb24iOnsiYnVja2V0IjoxMjA5NjAwLCJ2ZXJzaW9uIjpudWxsfSwidGZ3X3Nob3dfYmlyZHdhdGNoX3Bpdm90c19lbmFibGVkIjp7ImJ1Y2tldCI6Im9uIiwidmVyc2lvbiI6bnVsbH0sInRmd19kdXBsaWNhdGVfc2NyaWJlc190b19zZXR0aW5ncyI6eyJidWNrZXQiOiJvbiIsInZlcnNpb24iOm51bGx9LCJ0ZndfdXNlX3Byb2ZpbGVfaW1hZ2Vfc2hhcGVfZW5hYmxlZCI6eyJidWNrZXQiOiJvbiIsInZlcnNpb24iOm51bGx9LCJ0ZndfdmlkZW9faGxzX2R5bmFtaWNfbWFuaWZlc3RzXzE1MDgyIjp7ImJ1Y2tldCI6InRydWVfYml0cmF0ZSIsInZlcnNpb24iOm51bGx9LCJ0ZndfbGVnYWN5X3RpbWVsaW5lX3N1bnNldCI6eyJidWNrZXQiOnRydWUsInZlcnNpb24iOm51bGx9LCJ0ZndfdHdlZXRfZWRpdF9mcm9udGVuZCI6eyJidWNrZXQiOiJvbiIsInZlcnNpb24iOm51bGx9fQ%3D%3D&amp;frame=false&amp;hideCard=false&amp;hideThread=false&amp;id=1794403484244320385&amp;lang=en&amp;origin=https%3A%2F%2Frmx.news%2Farticle%2Fhands-off-the-cross-polish-football-fans-target-warsaw-mayor-trzaskowski-over-decision-to-remove-crucifix-from-government-buildings%2F&amp;sessionId=b40d3a528224013e80e9481df929ace2546a3a1a&amp;theme=light&amp;widgetsVersion=2615f7e52b7e0%3A1702314776716&amp;width=550px\" frameborder=\"0\" scrolling=\"no\" allowfullscreen=\"allowfullscreen\" data-tweet-id=\"1794403484244320385\" data-mce-fragment=\"1\"><\/iframe><\/div>\n<\/div>\n<\/figure>\n<p><span>Tento protest odr\u00e1\u017e\u00ed \u0161ir\u0161\u00ed nesouhlas mezi konzervativn\u00edmi politiky a polsk\u00fdmi ob\u010dany, kte\u0159\u00ed tvrd\u00ed, \u017ee k\u0159\u00ed\u017e nen\u00ed jen n\u00e1bo\u017eensk\u00fdm symbolem, ale tak\u00e9 ned\u00edlnou sou\u010d\u00e1st\u00ed polsk\u00e9 identity.<\/span><\/p>\n<p><span>Nov\u00e1 politika vyvolala v\u00e1\u0161nivou debatu o sekul\u00e1rn\u00ed povaze st\u00e1tu, p\u0159i\u010dem\u017e odp\u016frci argumentovali, \u017ee takov\u00e9 kroky zbavuj\u00ed kulturn\u00edch symbol\u016f pod rou\u0161kou neutrality, zat\u00edmco zast\u00e1nci tvrd\u00ed, \u017ee je nezbytn\u00e9 zachovat sekul\u00e1rn\u00ed pracovn\u00ed prostor.\u00a0<\/span><\/p>\n<p><span>Zvl\u00e1\u0161\u0165 vyhran\u011bn\u00e9 n\u00e1zory na to m\u00e1 levice, kter\u00e1 se zasazuje o p\u0159\u00edsnou odluku c\u00edrkve od st\u00e1tu.<\/span><\/p>\n<p><span>V mezin\u00e1rodn\u00edm m\u011b\u0159\u00edtku tato problematika zaujala Unii svobodn\u00e9ho projevu, kter\u00e1 o v\u011bci intenzivn\u011b diskutovala. P\u0159\u00edsp\u011bvek na platform\u011b soci\u00e1ln\u00edch m\u00e9di\u00ed X citoval organizaci a kritizoval Polsko za p\u0159ijet\u00ed \u201eextr\u00e9mn\u011b probuzen\u00fdch\u201c praktik.<\/span><\/p>\n<figure class=\"wp-block-embed is-type-rich is-provider-twitter wp-block-embed-twitter\">\n<div class=\"wp-block-embed__wrapper\">\n<div class=\"twitter-tweet twitter-tweet-rendered\"><iframe id=\"twitter-widget-1\" class=\"\" title=\"P\u0159\u00edsp\u011bvek X\" src=\"https:\/\/platform.twitter.com\/embed\/Tweet.html?creatorScreenName=RMXnews&amp;dnt=true&amp;embedId=twitter-widget-1&amp;features=eyJ0ZndfdGltZWxpbmVfbGlzdCI6eyJidWNrZXQiOltdLCJ2ZXJzaW9uIjpudWxsfSwidGZ3X2ZvbGxvd2VyX2NvdW50X3N1bnNldCI6eyJidWNrZXQiOnRydWUsInZlcnNpb24iOm51bGx9LCJ0ZndfdHdlZXRfZWRpdF9iYWNrZW5kIjp7ImJ1Y2tldCI6Im9uIiwidmVyc2lvbiI6bnVsbH0sInRmd19yZWZzcmNfc2Vzc2lvbiI6eyJidWNrZXQiOiJvbiIsInZlcnNpb24iOm51bGx9LCJ0ZndfZm9zbnJfc29mdF9pbnRlcnZlbnRpb25zX2VuYWJsZWQiOnsiYnVja2V0Ijoib24iLCJ2ZXJzaW9uIjpudWxsfSwidGZ3X21peGVkX21lZGlhXzE1ODk3Ijp7ImJ1Y2tldCI6InRyZWF0bWVudCIsInZlcnNpb24iOm51bGx9LCJ0ZndfZXhwZXJpbWVudHNfY29va2llX2V4cGlyYXRpb24iOnsiYnVja2V0IjoxMjA5NjAwLCJ2ZXJzaW9uIjpudWxsfSwidGZ3X3Nob3dfYmlyZHdhdGNoX3Bpdm90c19lbmFibGVkIjp7ImJ1Y2tldCI6Im9uIiwidmVyc2lvbiI6bnVsbH0sInRmd19kdXBsaWNhdGVfc2NyaWJlc190b19zZXR0aW5ncyI6eyJidWNrZXQiOiJvbiIsInZlcnNpb24iOm51bGx9LCJ0ZndfdXNlX3Byb2ZpbGVfaW1hZ2Vfc2hhcGVfZW5hYmxlZCI6eyJidWNrZXQiOiJvbiIsInZlcnNpb24iOm51bGx9LCJ0ZndfdmlkZW9faGxzX2R5bmFtaWNfbWFuaWZlc3RzXzE1MDgyIjp7ImJ1Y2tldCI6InRydWVfYml0cmF0ZSIsInZlcnNpb24iOm51bGx9LCJ0ZndfbGVnYWN5X3RpbWVsaW5lX3N1bnNldCI6eyJidWNrZXQiOnRydWUsInZlcnNpb24iOm51bGx9LCJ0ZndfdHdlZXRfZWRpdF9mcm9udGVuZCI6eyJidWNrZXQiOiJvbiIsInZlcnNpb24iOm51bGx9fQ%3D%3D&amp;frame=false&amp;hideCard=false&amp;hideThread=false&amp;id=1792850318784364980&amp;lang=en&amp;origin=https%3A%2F%2Frmx.news%2Farticle%2Fhands-off-the-cross-polish-football-fans-target-warsaw-mayor-trzaskowski-over-decision-to-remove-crucifix-from-government-buildings%2F&amp;sessionId=b40d3a528224013e80e9481df929ace2546a3a1a&amp;theme=light&amp;widgetsVersion=2615f7e52b7e0%3A1702314776716&amp;width=550px\" frameborder=\"0\" scrolling=\"no\" allowfullscreen=\"allowfullscreen\" data-tweet-id=\"1792850318784364980\" data-mce-fragment=\"1\"><\/iframe><\/div>\n<\/div>\n<\/figure>\n<p><a href=\"https:\/\/rmx.news\/article\/how-embarrassing-elon-musk-leads-criticism-of-left-wing-warsaw-mayor-trzaskowski-for-banning-christian-cross-in-public-buildings\/\"><span>Elon Musk, majitel platformy X, situaci komentoval<\/span><\/a><span>\u00a0slovy, \u017ee Polsko \u201ebezosty\u0161n\u011b kop\u00edruje hlouposti z Ameriky\u201c a dodal: \u201eJak trapn\u00e9\u201c.<\/span><\/p>\n<p><img decoding=\"async\" loading=\"lazy\" class=\"alignnone size-full wp-image-1185\" src=\"http:\/\/www.infokuryr.cz\/n\/wp-content\/uploads\/2021\/04\/kuryr-podpis.png\" alt=\"\" width=\"84\" height=\"24\" \/><\/p>\n<p>&nbsp;<\/p>\n","protected":false},"excerpt":{"rendered":"<p>Pol\u0161t\u00ed fotbalov\u00ed fanou\u0161ci za\u00fato\u010dili na starostu Var\u0161avy Trzaskowsk\u00e9ho kv\u016fli rozhodnut\u00ed odstranit krucifix z vl\u00e1dn\u00edch budov&#8230;<\/p>\n","protected":false},"author":2,"featured_media":54607,"comment_status":"closed","ping_status":"closed","sticky":false,"template":"","format":"standard","meta":[],"categories":[7],"tags":[3031,371,31],"_links":{"self":[{"href":"https:\/\/www.infokuryr.cz\/n\/wp-json\/wp\/v2\/posts\/54606"}],"collection":[{"href":"https:\/\/www.infokuryr.cz\/n\/wp-json\/wp\/v2\/posts"}],"about":[{"href":"https:\/\/www.infokuryr.cz\/n\/wp-json\/wp\/v2\/types\/post"}],"author":[{"embeddable":true,"href":"https:\/\/www.infokuryr.cz\/n\/wp-json\/wp\/v2\/users\/2"}],"replies":[{"embeddable":true,"href":"https:\/\/www.infokuryr.cz\/n\/wp-json\/wp\/v2\/comments?post=54606"}],"version-history":[{"count":1,"href":"https:\/\/www.infokuryr.cz\/n\/wp-json\/wp\/v2\/posts\/54606\/revisions"}],"predecessor-version":[{"id":54608,"href":"https:\/\/www.infokuryr.cz\/n\/wp-json\/wp\/v2\/posts\/54606\/revisions\/54608"}],"wp:featuredmedia":[{"embeddable":true,"href":"https:\/\/www.infokuryr.cz\/n\/wp-json\/wp\/v2\/media\/54607"}],"wp:attachment":[{"href":"https:\/\/www.infokuryr.cz\/n\/wp-json\/wp\/v2\/media?parent=54606"}],"wp:term":[{"taxonomy":"category","embeddable":true,"href":"https:\/\/www.infokuryr.cz\/n\/wp-json\/wp\/v2\/categories?post=54606"},{"taxonomy":"post_tag","embeddable":true,"href":"https:\/\/www.infokuryr.cz\/n\/wp-json\/wp\/v2\/tags?post=54606"}],"curies":[{"name":"wp","href":"https:\/\/api.w.org\/{rel}","templated":true}]}}