{"id":54604,"date":"2024-05-28T00:42:05","date_gmt":"2024-05-27T22:42:05","guid":{"rendered":"https:\/\/www.infokuryr.cz\/n\/?p=54604"},"modified":"2024-05-27T19:08:56","modified_gmt":"2024-05-27T17:08:56","slug":"bud-prijimaji-migranty-nebo-plati","status":"publish","type":"post","link":"https:\/\/www.infokuryr.cz\/n\/2024\/05\/28\/bud-prijimaji-migranty-nebo-plati\/","title":{"rendered":"\u201eBu\u010f p\u0159ij\u00edmaj\u00ed migranty, nebo plat\u00ed\u201c"},"content":{"rendered":"<div id=\"fb-root\"><\/div>\n<h2 class=\"s-tagline fw-tagline\"><span>Francouzsk\u00fd premi\u00e9r odhaluje, \u017ee migranti budou zaplaveni do st\u0159edn\u00ed a v\u00fdchodn\u00ed Evropy d\u00edky nov\u00e9mu z\u00e1konu EU o migra\u010dn\u00edm paktu<\/span><\/h2>\n<p><span>Tvrzen\u00ed francouzsk\u00e9ho premi\u00e9ra Gabriela Attala, \u017ee migra\u010dn\u00ed pakt EU bude znamenat, \u017ee neleg\u00e1ln\u00ed migranti budou p\u0159esunuti do st\u0159edn\u00ed Evropy a nep\u016fjdou do Francie, vyvolalo rozruch na polsk\u00e9 pravici.<\/span><\/p>\n<p><span>\u201ePakt o migraci zav\u00e1d\u00ed solidaritu. Poda\u0159ilo se n\u00e1m donutit v\u00fdchodn\u00ed zem\u011b, aby podepsaly dokument, podle kter\u00e9ho migranty bu\u010f p\u0159ij\u00edmaj\u00ed, nebo plat\u00ed,\u201c \u0159ekl Attal b\u011bhem televizn\u00ed debaty.<\/span><\/p>\n<figure class=\"wp-block-embed is-type-rich is-provider-twitter wp-block-embed-twitter\">\n<div class=\"wp-block-embed__wrapper\">\n<div class=\"twitter-tweet twitter-tweet-rendered\"><iframe id=\"twitter-widget-0\" class=\"\" title=\"P\u0159\u00edsp\u011bvek X\" src=\"https:\/\/platform.twitter.com\/embed\/Tweet.html?creatorScreenName=RMXnews&amp;dnt=true&amp;embedId=twitter-widget-0&amp;features=eyJ0ZndfdGltZWxpbmVfbGlzdCI6eyJidWNrZXQiOltdLCJ2ZXJzaW9uIjpudWxsfSwidGZ3X2ZvbGxvd2VyX2NvdW50X3N1bnNldCI6eyJidWNrZXQiOnRydWUsInZlcnNpb24iOm51bGx9LCJ0ZndfdHdlZXRfZWRpdF9iYWNrZW5kIjp7ImJ1Y2tldCI6Im9uIiwidmVyc2lvbiI6bnVsbH0sInRmd19yZWZzcmNfc2Vzc2lvbiI6eyJidWNrZXQiOiJvbiIsInZlcnNpb24iOm51bGx9LCJ0ZndfZm9zbnJfc29mdF9pbnRlcnZlbnRpb25zX2VuYWJsZWQiOnsiYnVja2V0Ijoib24iLCJ2ZXJzaW9uIjpudWxsfSwidGZ3X21peGVkX21lZGlhXzE1ODk3Ijp7ImJ1Y2tldCI6InRyZWF0bWVudCIsInZlcnNpb24iOm51bGx9LCJ0ZndfZXhwZXJpbWVudHNfY29va2llX2V4cGlyYXRpb24iOnsiYnVja2V0IjoxMjA5NjAwLCJ2ZXJzaW9uIjpudWxsfSwidGZ3X3Nob3dfYmlyZHdhdGNoX3Bpdm90c19lbmFibGVkIjp7ImJ1Y2tldCI6Im9uIiwidmVyc2lvbiI6bnVsbH0sInRmd19kdXBsaWNhdGVfc2NyaWJlc190b19zZXR0aW5ncyI6eyJidWNrZXQiOiJvbiIsInZlcnNpb24iOm51bGx9LCJ0ZndfdXNlX3Byb2ZpbGVfaW1hZ2Vfc2hhcGVfZW5hYmxlZCI6eyJidWNrZXQiOiJvbiIsInZlcnNpb24iOm51bGx9LCJ0ZndfdmlkZW9faGxzX2R5bmFtaWNfbWFuaWZlc3RzXzE1MDgyIjp7ImJ1Y2tldCI6InRydWVfYml0cmF0ZSIsInZlcnNpb24iOm51bGx9LCJ0ZndfbGVnYWN5X3RpbWVsaW5lX3N1bnNldCI6eyJidWNrZXQiOnRydWUsInZlcnNpb24iOm51bGx9LCJ0ZndfdHdlZXRfZWRpdF9mcm9udGVuZCI6eyJidWNrZXQiOiJvbiIsInZlcnNpb24iOm51bGx9fQ%3D%3D&amp;frame=false&amp;hideCard=false&amp;hideThread=false&amp;id=1793722541808165124&amp;lang=cs&amp;origin=https%3A%2F%2Frmx.news%2Farticle%2Fthey-either-accept-migrants-or-pay-french-pm-reveals-how-countries-like-poland-will-be-flooded-with-migrants-his-country-doesnt-want%2F&amp;sessionId=1e278570165c50a88c169c42827ff9b942fa0583&amp;theme=light&amp;widgetsVersion=2615f7e52b7e0%3A1702314776716&amp;width=550px\" frameborder=\"0\" scrolling=\"no\" allowfullscreen=\"allowfullscreen\" data-tweet-id=\"1793722541808165124\" data-mce-fragment=\"1\"><\/iframe><\/div>\n<\/div>\n<\/figure>\n<p><span>P\u0159edseda polsk\u00e9 konzervativn\u00ed strany Pr\u00e1vo a spravedlnost (PiS) Jaros\u0142aw Kaczy\u0144ski o v\u00edkendu \u0159ekl Polsk\u00e9 tiskov\u00e9 agentu\u0159e (PAP), \u017ee jeho strana svol\u00e1 mimo\u0159\u00e1dn\u00e9 zased\u00e1n\u00ed polsk\u00e9ho parlamentu, aby zv\u00e1\u017eila pozn\u00e1mky francouzsk\u00e9ho Attalu b\u011bhem televizn\u00ed debata.<\/span><\/p>\n<p><span>Attal tvrdil, \u017ee francouzsk\u00e9 provincie jsou v bezpe\u010d\u00ed p\u0159ed p\u0159id\u011blen\u00edm migrant\u016f, na kter\u00e9 se vztahuje migra\u010dn\u00ed pakt EU, proto\u017ee migranti budou v prvn\u00ed \u0159ad\u011b pos\u00edl\u00e1ni do st\u0159edn\u00ed a v\u00fdchodn\u00ed Evropy. Kaczy\u0144ski postavil Attalovo prohl\u00e1\u0161en\u00ed do kontrastu s tvrzen\u00edm polsk\u00e9ho premi\u00e9ra Donalda Tuska, \u017ee migra\u010dn\u00ed pakt se Polska nedotkne, proto\u017ee p\u0159ijal statis\u00edce ukrajinsk\u00fdch uprchl\u00edk\u016f.\u00a0<\/span><\/p>\n<p><span>\u201eZd\u00e1 se, \u017ee Tusk znovu \u0159\u00edk\u00e1 jednu v\u011bc v EU a druhou v Polsku,\u201c \u0159ekl Kaczy\u0144ski.\u00a0<\/span><\/p>\n<p><span>Konzervativci v zem\u00edch jako Ma\u010farsko a Polsko ji\u017e dlouho varuj\u00ed, \u017ee ned\u00e1vno schv\u00e1len\u00fd pakt EU o migraci byl trikem k p\u0159esunu necht\u011bn\u00fdch migrant\u016f do zem\u00ed jako Polsko a Ma\u010farsko, p\u0159esto\u017ee Z\u00e1pad tvrdil, \u017ee v\u011bt\u0161\u00ed migrace a rozmanitost byla v\u017edy dobr\u00e1 v\u011bc a zdrojem \u201e s\u00edla.&#8220;<\/span><\/p>\n<p><span>Kaczy\u0144ski \u0159ekl, \u017ee parlamentn\u00ed zased\u00e1n\u00ed o migra\u010dn\u00edm paktu EU by m\u011blo od premi\u00e9ra Tuska obdr\u017eet podrobn\u00e9 informace o okolnostech, za kter\u00fdch jeho vl\u00e1da nedok\u00e1zala zablokovat migra\u010dn\u00ed pakt EU o p\u0159erozd\u011blov\u00e1n\u00ed migrant\u016f vstupuj\u00edc\u00edch do st\u00e1t\u016f EU.\u00a0<\/span><\/p>\n<p><span>Senior europoslanec PiS Jacek Saryusz-Wolski pro nez\u00e1vislou televizn\u00ed stanici TV Republika \u0159ekl, \u017ee migra\u010dn\u00ed pakt bude fungovat jako \u201epumpa pro migranty z Afriky\u201c a Bl\u00edzk\u00e9ho v\u00fdchodu, kte\u0159\u00ed pakt budou vn\u00edmat jako pozv\u00e1n\u00ed do Evropy.<\/span><\/p>\n<p><span>Saryusz-Wolski p\u0159ipomn\u011bl, \u017ee eurokomisa\u0159ka pro vnit\u0159n\u00ed z\u00e1le\u017eitosti Ylva Johansson p\u0159ipustila, \u017ee Evropa pot\u0159ebuje ka\u017ed\u00fd rok p\u0159ich\u00e1zet 4,5 milionu migrant\u016f, \u201eaby p\u0159eklenuli demografickou propast, zm\u011bnili spole\u010dnost a poskytli levici budouc\u00ed voli\u010de\u201c.<\/span><\/p>\n<p><span>Polsk\u00e1 vl\u00e1da skute\u010dn\u011b hlasovala proti migra\u010dn\u00edmu paktu EU na zased\u00e1n\u00ed Rady Evropsk\u00e9 unie, org\u00e1nu, v n\u011bm\u017e se rozhoduje kvalifikovanou v\u011bt\u0161inou. Kaczy\u0144ski a PiS soustavn\u011b tvrdili, \u017ee rozhodnut\u00ed o paktu by m\u011bla u\u010dinit Evropsk\u00e1 rada, na n\u00ed\u017e mus\u00ed b\u00fdt v\u0161echna rozhodnut\u00ed jednomysln\u00e1. Polsko, Ma\u010farsko a Slovensko v Rad\u011b Evropsk\u00e9 unie hlasovaly proti migra\u010dn\u00edmu paktu, kter\u00fd zavede migra\u010dn\u00ed kv\u00f3ty, ale nov\u00fd z\u00e1kon se nesl ve znamen\u00ed v\u011bt\u0161iny st\u00e1t\u016f EU.\u00a0<\/span><\/p>\n<p><span>Nejkontroverzn\u011bj\u0161\u00edm aspektem migra\u010dn\u00edho paktu EU je ustanoven\u00ed, \u017ee pokud \u010dlensk\u00e9 st\u00e1ty odm\u00edtnou p\u0159evz\u00edt sv\u016fj pod\u00edl na p\u0159erozd\u011blen\u00fdch migrantech, budou muset zaplatit a\u017e 23 000 eur za ka\u017ed\u00e9ho odm\u00edtnut\u00e9ho migranta.<\/span><\/p>\n<p><img decoding=\"async\" loading=\"lazy\" class=\"alignnone size-full wp-image-1185\" src=\"http:\/\/www.infokuryr.cz\/n\/wp-content\/uploads\/2021\/04\/kuryr-podpis.png\" alt=\"\" width=\"84\" height=\"24\" \/><\/p>\n<p>&nbsp;<\/p>\n","protected":false},"excerpt":{"rendered":"<p>Francouzsk\u00fd premi\u00e9r odhaluje, \u017ee migranti budou zaplaveni do st\u0159edn\u00ed a v\u00fdchodn\u00ed Evropy d\u00edky nov\u00e9mu z\u00e1konu&#8230;<\/p>\n","protected":false},"author":2,"featured_media":54605,"comment_status":"closed","ping_status":"closed","sticky":false,"template":"","format":"standard","meta":[],"categories":[7],"tags":[41,130,119,2738],"_links":{"self":[{"href":"https:\/\/www.infokuryr.cz\/n\/wp-json\/wp\/v2\/posts\/54604"}],"collection":[{"href":"https:\/\/www.infokuryr.cz\/n\/wp-json\/wp\/v2\/posts"}],"about":[{"href":"https:\/\/www.infokuryr.cz\/n\/wp-json\/wp\/v2\/types\/post"}],"author":[{"embeddable":true,"href":"https:\/\/www.infokuryr.cz\/n\/wp-json\/wp\/v2\/users\/2"}],"replies":[{"embeddable":true,"href":"https:\/\/www.infokuryr.cz\/n\/wp-json\/wp\/v2\/comments?post=54604"}],"version-history":[{"count":0,"href":"https:\/\/www.infokuryr.cz\/n\/wp-json\/wp\/v2\/posts\/54604\/revisions"}],"wp:featuredmedia":[{"embeddable":true,"href":"https:\/\/www.infokuryr.cz\/n\/wp-json\/wp\/v2\/media\/54605"}],"wp:attachment":[{"href":"https:\/\/www.infokuryr.cz\/n\/wp-json\/wp\/v2\/media?parent=54604"}],"wp:term":[{"taxonomy":"category","embeddable":true,"href":"https:\/\/www.infokuryr.cz\/n\/wp-json\/wp\/v2\/categories?post=54604"},{"taxonomy":"post_tag","embeddable":true,"href":"https:\/\/www.infokuryr.cz\/n\/wp-json\/wp\/v2\/tags?post=54604"}],"curies":[{"name":"wp","href":"https:\/\/api.w.org\/{rel}","templated":true}]}}