{"id":54601,"date":"2024-05-28T00:41:09","date_gmt":"2024-05-27T22:41:09","guid":{"rendered":"https:\/\/www.infokuryr.cz\/n\/?p=54601"},"modified":"2024-05-27T19:03:22","modified_gmt":"2024-05-27T17:03:22","slug":"zapadni-hodnoty-dvoji-metr-pseudodemokratu","status":"publish","type":"post","link":"https:\/\/www.infokuryr.cz\/n\/2024\/05\/28\/zapadni-hodnoty-dvoji-metr-pseudodemokratu\/","title":{"rendered":"Z\u00e1padn\u00ed hodnoty: Dvoj\u00ed metr pseudodemokrat\u016f"},"content":{"rendered":"<div id=\"fb-root\"><\/div>\n<p><strong><span>Z\u00e1pad r\u00e1d ukazuje prstem na ostatn\u00ed, ale nem\u00e1 probl\u00e9m s autokraciemi a diktaturami \u2013 pokud jsou pro n\u011bj u\u017eite\u010dn\u00e9. Demokracie v jejich vlastn\u00edch zem\u00edch je z\u00e1rove\u0148 d\u00e1le podkop\u00e1v\u00e1na, aby ochr\u00e1nili sv\u00e9 vlastn\u00ed z\u0159\u00edzen\u00ed. Pseudodemokrat\u00e9 praktikuj\u00ed dvoj\u00ed metr.<\/span><\/strong><\/p>\n<p><span>B\u011bhem studen\u00e9 v\u00e1lky z\u00e1padn\u00ed hodnoty pod veden\u00edm USA opakovan\u011b podporovaly p\u0159evraty ze strany proamerick\u00fdch n\u00e1siln\u00edk\u016f (jako Augusto Pinochet v Chile) nebo r\u016fzn\u00fdch autorit\u00e1\u0159sk\u00fdch re\u017eim\u016f (jako je re\u017eim Shah Pahlevi v \u00cdr\u00e1nu). V boji proti komunismu a Sov\u011btsk\u00e9mu svazu se dokonce spojili s radik\u00e1ln\u00edm isl\u00e1msk\u00fdm Talibanem v Afgh\u00e1nist\u00e1nu. \u201eNep\u0159\u00edtel m\u00e9ho nep\u0159\u00edtele je m\u016fj p\u0159\u00edtel\u201c bylo tehdy v\u00edcem\u00e9n\u011b heslem. Demokracie a lidsk\u00e1 pr\u00e1va nehr\u00e1ly \u017e\u00e1dnou roli, i kdy\u017e z\u00e1sahy byly \u010dasto z t\u011bchto d\u016fvod\u016f opr\u00e1vn\u011bn\u00e9.<\/span><\/p>\n<p><span>Kdy\u017e Rusko v roce 2014 p\u0159ijalo opat\u0159en\u00ed v n\u00e1vaznosti na Z\u00e1padem podporovan\u00fd p\u0159evrat na Majdanu na Ukrajin\u011b, p\u0159i kter\u00e9m zvolen\u00e9ho prorusk\u00e9ho prezidenta a jeho vl\u00e1du nahradila proz\u00e1padn\u00ed, nacionalistick\u00e1 junta, lid\u00e9 na Z\u00e1pad\u011b byli pobou\u0159eni. \u201eJe to skute\u010dn\u011b udivuj\u00edc\u00ed, sv\u00e9voln\u00e9 rozhodnut\u00ed prezidenta Putina napadnout jinou zemi,\u201c \u0159ekl Kerry pro Face the Nation. Ale vzhledem k z\u00e1va\u017enosti situace mo\u017en\u00e1 z\u016fstala ironie Kerryho dal\u0161\u00edch koment\u00e1\u0159\u016f nepov\u0161imnuta. &#8222;V 21. stolet\u00ed se prost\u011b nechov\u00e1te jako v 19. stolet\u00ed t\u00edm, \u017ee napadnete jinou zemi pod zcela vymy\u0161lenou z\u00e1minkou,&#8220; \u0159ekl. No a co t\u0159eba \u00fadajn\u00e9 zbran\u011b hromadn\u00e9ho ni\u010den\u00ed v Ir\u00e1ku a co le\u017e v inkub\u00e1toru?<\/span><\/p>\n<p><strong><span>Z\u00e1pad ani dnes nevynech\u00e1 p\u0159\u00edle\u017eitost za\u00fato\u010dit na nep\u0159\u00edjemn\u00e9 zem\u011b, jako je Rusko, \u010c\u00edna nebo \u00cdr\u00e1n pro jejich m\u00e9n\u011b ne\u017e demokratick\u00e9 politick\u00e9 syst\u00e9my (ale ne na spojeneck\u00e9 zem\u011b, jako je Sa\u00fadsk\u00e1 Ar\u00e1bie nebo jin\u00e9 monarchie Persk\u00e9ho z\u00e1livu).<\/span><\/strong><span>\u00a0To by bylo pochopiteln\u00e9, kdyby kritici byli skute\u010dn\u011b bezchybn\u00ed demokrat\u00e9. Ale a\u0165 u\u017e ve Spojen\u00fdch st\u00e1tech nebo v N\u011bmecku \u2013 demokracie v jejich vlastn\u00edch zem\u00edch rychle eroduje.<\/span><\/p>\n<p><span>Sta\u010d\u00ed se pod\u00edvat na ve\u0161kerou snahu establishmentu vyt\u00e1hnout v\u0161echny p\u0159ek\u00e1\u017eky omezov\u00e1n\u00ed svobody slova a svobody tisku. Otev\u0159en\u00e9 debaty o klimatick\u00fdch zm\u011bn\u00e1ch, migra\u010dn\u00edm probl\u00e9mu, politice koronavirov\u00fdch katastrof, genderov\u00e9m \u0161\u00edlenstv\u00ed a podobn\u011b jsou ne\u017e\u00e1douc\u00ed. Jin\u00e9 n\u00e1zory ne\u017e n\u00e1zory vl\u00e1dnouc\u00edch t\u0159\u00edd by m\u011bly b\u00fdt cenzurov\u00e1ny. Soubory na Twitteru ji\u017e poskytly zaj\u00edmav\u00fd pohled na to, jak samotn\u00e1 vl\u00e1da USA, v\u010detn\u011b CIA a FBI, ovliv\u0148uje poskytovatele soci\u00e1ln\u00edch m\u00e9di\u00ed, aby kontrolovali tok zpr\u00e1v.<\/span><\/p>\n<p><strong><span>Snahy levozelen\u00e9ho semaforu v N\u011bmecku bojovat proti AfD tak\u00e9 jasn\u011b ukazuj\u00ed, \u017ee si nep\u0159ej\u00ed \u017e\u00e1dnou skute\u010dnou opozici.<\/span><\/strong><span> Ve skute\u010dn\u00e9m stylu SED by ob\u010dan\u00e9 m\u011bli m\u00edt mo\u017enost vybrat si pouze z t\u011bch stran, kter\u00e9 jsou v souladu. Pak v Bundestagu &#8211; stejn\u011b jako v rusk\u00e9 St\u00e1tn\u00ed dum\u011b &#8211; jsou t\u00e9m\u011b\u0159 jen strany a z\u00e1stupci, kte\u0159\u00ed pat\u0159\u00ed do vl\u00e1dy nebo maj\u00ed bl\u00edzko k vl\u00e1d\u011b.<\/span><\/p>\n<p><span>Nap\u0159\u00edklad to, \u017ee se Severn\u00ed Korea naz\u00fdv\u00e1 \u201elidov\u011b demokratickou republikou\u201c, neznamen\u00e1, \u017ee zem\u011b je skute\u010dn\u011b demokratick\u00e1 a \u017ee lid\u00e9 maj\u00ed skute\u010dn\u011b co \u0159\u00edct. Podobn\u00e1 situace je se stranami v N\u011bmecku a dal\u0161\u00edch z\u00e1padn\u00edch zem\u00edch, kter\u00e9 se ozna\u010duj\u00ed za \u201edemokratick\u00e9\u201c. Pro vl\u00e1dnouc\u00ed establishment jsou za \u201edemokratick\u00e9\u201c pova\u017eov\u00e1ni pouze ti, kte\u0159\u00ed poslu\u0161n\u011b zapadaj\u00ed do vlastn\u00edho k\u00e1nonu hodnot. To je dvoj\u00ed metr, kter\u00fd mohou ospravedlnit pouze pseudodemokrat\u00e9.<\/span><\/p>\n<p><em>Koment\u00e1\u0159 Heinze Steinera<\/em><\/p>\n<p>&nbsp;<\/p>\n","protected":false},"excerpt":{"rendered":"<p>Z\u00e1pad r\u00e1d ukazuje prstem na ostatn\u00ed, ale nem\u00e1 probl\u00e9m s autokraciemi a diktaturami \u2013 pokud&#8230;<\/p>\n","protected":false},"author":2,"featured_media":54602,"comment_status":"closed","ping_status":"closed","sticky":false,"template":"","format":"standard","meta":[],"categories":[7],"tags":[169,2253,365],"_links":{"self":[{"href":"https:\/\/www.infokuryr.cz\/n\/wp-json\/wp\/v2\/posts\/54601"}],"collection":[{"href":"https:\/\/www.infokuryr.cz\/n\/wp-json\/wp\/v2\/posts"}],"about":[{"href":"https:\/\/www.infokuryr.cz\/n\/wp-json\/wp\/v2\/types\/post"}],"author":[{"embeddable":true,"href":"https:\/\/www.infokuryr.cz\/n\/wp-json\/wp\/v2\/users\/2"}],"replies":[{"embeddable":true,"href":"https:\/\/www.infokuryr.cz\/n\/wp-json\/wp\/v2\/comments?post=54601"}],"version-history":[{"count":1,"href":"https:\/\/www.infokuryr.cz\/n\/wp-json\/wp\/v2\/posts\/54601\/revisions"}],"predecessor-version":[{"id":54603,"href":"https:\/\/www.infokuryr.cz\/n\/wp-json\/wp\/v2\/posts\/54601\/revisions\/54603"}],"wp:featuredmedia":[{"embeddable":true,"href":"https:\/\/www.infokuryr.cz\/n\/wp-json\/wp\/v2\/media\/54602"}],"wp:attachment":[{"href":"https:\/\/www.infokuryr.cz\/n\/wp-json\/wp\/v2\/media?parent=54601"}],"wp:term":[{"taxonomy":"category","embeddable":true,"href":"https:\/\/www.infokuryr.cz\/n\/wp-json\/wp\/v2\/categories?post=54601"},{"taxonomy":"post_tag","embeddable":true,"href":"https:\/\/www.infokuryr.cz\/n\/wp-json\/wp\/v2\/tags?post=54601"}],"curies":[{"name":"wp","href":"https:\/\/api.w.org\/{rel}","templated":true}]}}