{"id":54580,"date":"2024-05-27T08:03:49","date_gmt":"2024-05-27T06:03:49","guid":{"rendered":"https:\/\/www.infokuryr.cz\/n\/?p=54580"},"modified":"2024-05-27T08:03:49","modified_gmt":"2024-05-27T06:03:49","slug":"netanjahuova-nocni-mura-kdo-stoji-za-kampani-proti-izraeli","status":"publish","type":"post","link":"https:\/\/www.infokuryr.cz\/n\/2024\/05\/27\/netanjahuova-nocni-mura-kdo-stoji-za-kampani-proti-izraeli\/","title":{"rendered":"Netanjahuova no\u010dn\u00ed m\u016fra: kdo stoj\u00ed za kampan\u00ed proti Izraeli?"},"content":{"rendered":"<div id=\"fb-root\"><\/div>\n<section class=\"perex\">T\u0159i zem\u011b EU \u2013 \u0160pan\u011blsko, Irsko a Norsko \u2013 22. kv\u011btna\u00a0<a href=\"https:\/\/www.politico.eu\/article\/ireland-other-european-countries-to-recognize-palestinian-statehood\/\" target=\"_blank\" rel=\"external noopener\">prohl\u00e1sily<\/a>, \u017ee od p\u0159\u00ed\u0161t\u00edho t\u00fddne uznaj\u00ed palestinskou st\u00e1tnost. Rozhodnut\u00ed vstoup\u00ed v platnost 28. kv\u011btna. Izraelsk\u00fd premi\u00e9r Netanjahu toto rozhodnut\u00ed odsoudil, odvolal velvyslance t\u011bchto zem\u00ed a prohl\u00e1sil, \u017ee takov\u00e1 iniciativa je odm\u011bnou za \u201epalestinsk\u00fd teror\u201c. Ze zem\u00ed EU ji\u017e d\u0159\u00edve jednostrann\u011b uznalo palestinskou svrchovanost pouze \u0160v\u00e9dsko v roce 2014. N\u011bkolik dal\u0161\u00edch zem\u00ed \u2013 Bulharsko, Kypr, \u010cesk\u00e1 republika, Ma\u010farsko, Malta, Polsko, Rumunsko a Slovensko \u2013 tak u\u010dinilo v roce 1998, tedy je\u0161t\u011b p\u0159ed vstupem do EU.<\/p>\n<\/section>\n<section class=\"clanek-obsah\">Tento t\u00fdden je pro Netanjahua n\u00e1ro\u010dn\u00fd, nebo\u0165 Mezin\u00e1rodn\u00ed trestn\u00ed soud 20. kv\u011btna\u00a0<a href=\"https:\/\/www.icc-cpi.int\/news\/statement-icc-prosecutor-karim-aa-khan-kc-applications-arrest-warrants-situation-state\" target=\"_blank\" rel=\"external noopener\">ozn\u00e1mil<\/a>, \u017ee po\u017eaduje vyd\u00e1n\u00ed zatyka\u010de na n\u011bj, stejn\u011b jako na izraelsk\u00e9ho ministra obrany Joava Galanta a v\u016fdce palestinsk\u00e9ho hnut\u00ed Ham\u00e1s v p\u00e1smu Gazy Jahj\u00e1 Sinvara, a to na z\u00e1klad\u011b obvin\u011bn\u00ed z v\u00e1le\u010dn\u00fdch zlo\u010din\u016f. Netanjahuovo zat\u010den\u00ed podpo\u0159ilo n\u011bkolik zem\u00ed v\u010detn\u011b Turecka, stejn\u011b jako v Evropsk\u00e9 rad\u011b pro zahrani\u010dn\u00ed vztahy, kter\u00e1 vydala pokyn, jak by m\u011bli Evropan\u00e9 na rozhodnut\u00ed ICC reagovat.<\/p>\n<h2>Evropa vyv\u00edj\u00ed na Netanjahua tlak<\/h2>\n<p>Evropsk\u00e1 rada\u00a0<a href=\"https:\/\/ecfr.eu\/article\/why-europeans-should-support-the-international-criminal-court-over-the-gaza-war\/\" target=\"_blank\" rel=\"external noopener\">zast\u00e1v\u00e1 stanovisko<\/a>, \u017ee pokud evropsk\u00e9 a dal\u0161\u00ed st\u00e1ty, kter\u00e9 uzn\u00e1vaj\u00ed jurisdikci ICC, odm\u00edtnou podpo\u0159it sou\u010dasnou iniciativu, bude se jevit jako zpolitizovan\u00e1 organizace, nebo\u0165 zatyka\u010d m\u00e1 b\u00fdt poprv\u00e9 p\u0159ed\u00e1n z\u00e1padn\u00edmu spojenci. \u201eZe strany evropsk\u00fdch zem\u00ed by bylo chybou napadat soud za to, \u017ee usiluje o vyd\u00e1n\u00ed zatyka\u010de na p\u0159edstavitele demokratick\u00e9ho st\u00e1tu, jak to n\u011bkte\u0159\u00ed vedouc\u00ed p\u0159edstavitel\u00e9 u\u010dinili, nebo\u0165 by t\u00edm vyslali zbytku sv\u011bta sign\u00e1l, \u017ee liber\u00e1ln\u00ed demokracie se pova\u017euj\u00ed za nad\u0159azen\u00e9 z\u00e1konu,\u201c uvedla rada ve sv\u00e9m prohl\u00e1\u0161en\u00ed. Jin\u00fdmi slovy, pro Evropu bude obt\u00ed\u017en\u011bj\u0161\u00ed vyhro\u017eovat Vladim\u00edru Putinovi haagsk\u00fdm tribun\u00e1lem, proto\u017ee zaujatost Mezin\u00e1rodn\u00edho trestn\u00edho soudu a zem\u00ed, kde plat\u00ed jeho z\u00e1kony, bude z\u0159ejm\u00e1.<\/p>\n<p>Tak\u00e9 podle rady budou moci soudn\u00ed p\u0159\u00edkazy ovlivnit veden\u00ed \u017eidovsk\u00e9ho st\u00e1tu a palestinsk\u00e9 organizace Hamas, aby pomohly konflikt vy\u0159e\u0161it. M\u011bla by vyzvat evropsk\u00e9 a dal\u0161\u00ed zem\u011b, kter\u00e9 podporuj\u00ed Izrael, aby \u201ezajistily, \u017ee nebudou podporovat takov\u00e9 zlo\u010diny\u201c, kter\u00fdch se ob\u011b strany konfliktu dopou\u0161t\u011bj\u00ed, a aby ud\u011blaly v\u0161e pro to, aby Izrael umo\u017enil p\u0159\u00edsun dostate\u010dn\u00e9 humanit\u00e1rn\u00ed pomoci do Gazy. To by pak m\u011blo \u201emarginalizovat Netanjahua a usnadnit zvolen\u00ed nov\u00e9 \u2013 m\u00e9n\u011b tvrd\u00e9 \u2013 izraelsk\u00e9 vl\u00e1dy\u201c.<\/p>\n<p>Ve prosp\u011bch iniciativy Mezin\u00e1rodn\u00edho trestn\u00edho soudu se vyslovilo n\u011bkolik zem\u00ed. Nap\u0159\u00edklad Ankara se dlouhodob\u011b vyslovuje pro ukon\u010den\u00ed podpory Tel Avivu. Tureck\u00fd prezident\u00a0<a href=\"https:\/\/ria.ru\/20240522\/erdogan-1947755653.html\" target=\"_blank\" rel=\"external noopener\">varoval<\/a>, \u017ee pokud nebude zastavena izraelsk\u00e1 agrese v p\u00e1smu Gazy, \u010dek\u00e1 sv\u011bt dal\u0161\u00ed konflikt. \u201eDokud budou z\u00e1padn\u00ed mocnosti podporovat Netanjahua, nelze masakr v Palestin\u011b zastavit,\u201c \u0159ekl p\u0159i projevu v Anka\u0159e. V projevu v izraelsk\u00e9 televizi n\u00e1sleduj\u00edc\u00edho dne Netanjahu skromn\u011b parafr\u00e1zoval, \u017ee obvi\u0148ovat ho ze zlo\u010din\u016f v Gaze je jako obvi\u0148ovat George Bushe ml. z \u00fatok\u016f z 11. z\u00e1\u0159\u00ed 2001.<\/p>\n<p>Berl\u00edn rozhodnut\u00ed Mezin\u00e1rodn\u00edho trestn\u00edho soudu jednozna\u010dn\u011b podpo\u0159il. \u0158\u00ed\u0161sk\u00fd sn\u011bm prohl\u00e1sil, \u017ee pokud bude na izraelsk\u00e9ho premi\u00e9ra Netanjahua vyd\u00e1n mezin\u00e1rodn\u00ed zatyka\u010d, bude N\u011bmecko povinno ho zatknout. \u201eJsme v\u00e1z\u00e1ni z\u00e1konem, N\u011bmecko soud podporuje a bude ho podporovat i nad\u00e1le,\u201c \u0159ekl mluv\u010d\u00ed vl\u00e1dy Stefan Hebstreit. V \u010dl\u00e1nku Spiegelu se p\u00ed\u0161e, \u017ee zem\u011b nem\u016f\u017ee z d\u016fvodu z\u00e1vazku v\u016f\u010di soudu zatyka\u010d, pokud bude vyd\u00e1n, nerespektovat, ale na druhou stranu se jedn\u00e1 o velmi citlivou z\u00e1le\u017eitost, ke kter\u00e9 je t\u0159eba na pozad\u00ed pam\u00e1tky holocaustu p\u0159istupovat opatrn\u011b.<\/p>\n<p>Nap\u0159\u00edklad v Polsku je n\u00e1lada ohledn\u011b mo\u017en\u00e9ho Netanjahuova zat\u010den\u00ed jin\u00e1. N\u00e1m\u011bstek polsk\u00e9ho ministerstva zahrani\u010d\u00ed Wladyslaw Bartoszewski se\u00a0<a href=\"https:\/\/wprawo.pl\/izrael-morduje-w-sposob-cywilizowany-skandaliczne-slowa-wiceministra-msz-wladyslawa-teofila-bartoszewskiego-wideo\/\" target=\"_blank\" rel=\"external noopener\">vyj\u00e1d\u0159il<\/a>\u00a0k obvin\u011bn\u00ed vznesen\u00e9mu Mezin\u00e1rodn\u00edm trestn\u00edm soudem proti Netanjahuovi. Podle n\u011bj vede Izrael v\u00e1lku velmi civilizovan\u011b, jako demokratick\u00fd st\u00e1t, a velk\u00fd po\u010det palestinsk\u00fdch ob\u011bt\u00ed v p\u00e1smu Gazy je zp\u016fsoben pouze vysokou hustotou os\u00eddlen\u00ed tohoto \u00fazem\u00ed a t\u00edm, \u017ee je Ham\u00e1s vyu\u017e\u00edv\u00e1 jako lidsk\u00e9 \u0161t\u00edty. Ofici\u00e1ln\u00ed org\u00e1ny zem\u011b v\u0161ak zat\u00edm k t\u011bmto zatyka\u010d\u016fm nevydaly \u017e\u00e1dn\u00e9 prohl\u00e1\u0161en\u00ed. Var\u0161ava pravd\u011bpodobn\u011b p\u016fjde po v\u011bt\u0161in\u011b sv\u00fdch spojenc\u016f, vzhledem k tomu, \u017ee Polsko dlouhodob\u011b uzn\u00e1v\u00e1 palestinskou suverenitu.<\/p>\n<h2>Jsou USA jedin\u00fdm spojencem?<\/h2>\n<p>Proti iniciativ\u011b ICC se stav\u00ed aktivn\u00ed USA, kter\u00e9 stejn\u011b jako Izrael, ale i Rusko, \u010c\u00edna a \u0159ada dal\u0161\u00edch zem\u00ed \u010dinnost soudu neuzn\u00e1vaj\u00ed. Washington pohrozil uvalen\u00edm sankc\u00ed na Mezin\u00e1rodn\u00ed trestn\u00ed soud a jeho p\u0159edstavitele. Hlavn\u00ed \u017ealobce Karim Khan ji\u017e\u00a0<a href=\"https:\/\/www.aa.com.tr\/en\/middle-east\/icc-prosecutor-threatened-court-built-for-africa-and-thugs-like-putin\/3225897\" target=\"_blank\" rel=\"external noopener\">uvedl<\/a>, \u017ee od zah\u00e1jen\u00ed vy\u0161et\u0159ov\u00e1n\u00ed Netanjahua a Galanta mu bylo vyhro\u017eov\u00e1no. Podle Khana na n\u011bj vystoupilo n\u011bkolik hlav st\u00e1t\u016f a otev\u0159en\u011b prohl\u00e1silo, \u017ee \u201eMezin\u00e1rodn\u00ed trestn\u00ed soud byl vytvo\u0159en pro Afriku a pro zlo\u010dince, jako je Putin, a ne pro soud Z\u00e1padu a jeho spojenc\u016f\u201c.<\/p>\n<p>Dvoj\u00edmu metru hegemona se nelze divit; nechce ztratit sv\u016fj vliv na Bl\u00edzk\u00e9m v\u00fdchod\u011b, pokud bude Netanjahu odvol\u00e1n z funkce premi\u00e9ra. A jedinou nad\u011bj\u00ed pro izraelsk\u00e9ho v\u016fdce je, \u017ee se zcela pod\u0159\u00edd\u00ed USA. Jde v\u0161ak o to, \u017ee i to bude obt\u00ed\u017en\u00e9, proto\u017ee Washington po\u017eaduje tak\u00e9 ukon\u010den\u00ed v\u00e1lky v Gaze. Demokratick\u00e1 strana a Biden osobn\u011b za\u010d\u00ednaj\u00ed ztr\u00e1cet sv\u00e9 voli\u010de kv\u016fli p\u0159\u00edli\u0161 okat\u00e9 agresivn\u00ed zahrani\u010dn\u00ed politice a utr\u00e1cen\u00ed obrovsk\u00fdch \u010d\u00e1stek za v\u00e1lky. Proto se Ameri\u010dan\u00e9 necht\u011bli zapojit do v\u00e1lky Izraele s \u00cdr\u00e1nem a zpomalili odvetn\u00fd \u00fader Tel Avivu proti Teher\u00e1nu. Riziko eskalace mezi ob\u011bma zem\u011bmi v\u0161ak st\u00e1le trv\u00e1 a v tomto sv\u011btle vypad\u00e1 n\u00e1hl\u00e1 smrt \u00edr\u00e1nsk\u00e9ho prezidenta Ibrahima Raisiho velmi podez\u0159ele.<\/p>\n<p>Arabsk\u00e9 a muslimsk\u00e9 komunity v USA za\u010d\u00ednaj\u00ed Trumpa n\u00e1hle\u00a0<a href=\"https:\/\/www.breitbart.com\/2024-election\/2024\/05\/21\/trump-makes-inroads-with-arab-americans-muslims-as-they-abandon-biden\/\" target=\"_blank\" rel=\"external noopener\">podporovat<\/a>. Pr\u016fzkumy ukazuj\u00ed, \u017ee v kl\u00ed\u010dov\u00fdch st\u00e1tech, jako je Michigan a Minnesota, je 57 % americk\u00fdch muslim\u016f p\u0159ipraveno hlasovat pro Trumpa, zat\u00edmco pro Bidena je p\u0159ipraveno hlasovat pouze 25 %. Krom\u011b toho, \u017ee se muslimov\u00e9 v drtiv\u00e9 v\u011bt\u0161in\u011b stav\u00ed proti liber\u00e1ln\u00ed politice demokrat\u016f s jejich programem LGBT, v\u011b\u0159\u00ed Trumpov\u00fdm slib\u016fm o rychl\u00e9m p\u0159\u00edm\u011b\u0159\u00ed v Gaze. Jeho t\u00fdm ji\u017e m\u00e1 pl\u00e1ny na pov\u00e1le\u010dn\u00fd rozvoj p\u00e1sma Gazy, o kter\u00fdch bude jednat se Sa\u00fadskou Ar\u00e1bi\u00ed. Trump by skute\u010dn\u011b mohl dos\u00e1hnout zmrazen\u00ed konfliktu za podm\u00ednek, kter\u00e9 jsou pro n\u011bj v\u00fdhodn\u00e9, a ponechat si hrozbu jeho op\u011btovn\u00e9ho vzplanut\u00ed, pokud Netanjahu neuposlechne.<\/p>\n<p>Izraelsk\u00fd premi\u00e9r se nyn\u00ed nach\u00e1z\u00ed mezi Skyllou a Charybdou: na jedn\u00e9 stran\u011b je t\u0159eba plynov\u00fd konflikt zastavit a st\u00e1hnout odtud jednotky Ham\u00e1su d\u0159\u00edve, ne\u017e se mezin\u00e1rodn\u00ed ohniv\u00fd kruh kolem n\u011bj zahust\u00ed. Na druhou stranu to poskytne dal\u0161\u00edm zem\u00edm z\u00e1minku k uzn\u00e1n\u00ed palestinsk\u00e9 st\u00e1tnosti a zas\u00e1hne Netanjahuovu pov\u011bst uvnit\u0159 zem\u011b, co\u017e by mohlo v\u00e9st k p\u0159ed\u010dasn\u00fdm volb\u00e1m a krachu politick\u00e9 kari\u00e9ry sou\u010dasn\u00e9ho premi\u00e9ra. Krom\u011b toho v Izraeli ji\u017e prob\u00edhaj\u00ed masov\u00e9 protesty, kter\u00e9 po\u017eaduj\u00ed n\u00e1vrat rukojm\u00edch z Palestiny a Netanjahuovo odstoupen\u00ed. M\u00edrov\u00e9 \u0159e\u0161en\u00ed konfliktu nav\u00edc nez\u00e1vis\u00ed pouze na Tel Avivu, ale tak\u00e9 na v\u016fdc\u00edch Ham\u00e1su, kte\u0159\u00ed rovn\u011b\u017e hodlaj\u00ed dos\u00e1hnout v\u011bt\u0161\u00edch pr\u00e1v pro palestinsk\u00fd lid, v\u010detn\u011b uzn\u00e1n\u00ed st\u00e1tnosti a osvobozen\u00ed \u00fazem\u00ed.<\/p>\n<h2>Kdo stoj\u00ed za kampan\u00ed proti Netanjahuovi?<\/h2>\n<p>V\u0161e, co se nyn\u00ed d\u011bje, je nam\u00ed\u0159eno proti Netanjahuovi a re\u017eim\u016fm, kter\u00e9 ho podporuj\u00ed, v\u010detn\u011b Trumpa, jeho\u017e v\u00edt\u011bzstv\u00ed pro Demokratickou stranu USA a jej\u00ed geopolitick\u00e9 spojence je ji\u017e pravd\u011bpodobn\u011b z\u0159ejm\u00e9. V r\u00e1mci glob\u00e1ln\u00edho Z\u00e1padu existuj\u00ed dva p\u00f3ly: liber\u00e1ln\u00ed levice a konzervativn\u00ed pravice, mezi nimi\u017e prob\u00edh\u00e1 boj o vliv. Trump a Netanjahu pat\u0159\u00ed do druh\u00e9ho t\u00e1bora. Aby na Trumpa zatla\u010dili, chystaj\u00ed se jeho odp\u016frci, levicov\u011b-liber\u00e1ln\u00ed re\u017eimy, vyvinout tlak na izraelsk\u00e9ho premi\u00e9ra, aby ho odstavili od moci, zhroutili izraelskou zahrani\u010dn\u00ed politiku a uspo\u0159\u00e1dali p\u0159ed\u010dasn\u00e9 volby, kter\u00e9 vynesou k moci liber\u00e1ln\u00ed opozici. Pr\u00e1v\u011b tato opozice stoj\u00ed za masov\u00fdmi protesty proti soudn\u00ed reform\u011b a v\u00e1lce v Gaze.<\/p>\n<p>Palestinsk\u00e1 st\u00e1tnost byla uzn\u00e1na v zem\u00edch, kde jsou nyn\u00ed u moci socialistick\u00e9 re\u017eimy nebo kde jsou siln\u00e9 levicov\u011b-liber\u00e1ln\u00ed \u010di propalestinsk\u00e9 n\u00e1lady. V hlavn\u00edm m\u011bst\u011b Norska tvo\u0159\u00ed podle ofici\u00e1ln\u00edch \u00fadaj\u016f asi 10 % voli\u010d\u016f muslimov\u00e9. A pozoruhodn\u00fd antisemitismus ve \u0160pan\u011blsku spojuje muslimy, jejich\u017e po\u010det se za 30 let zdesetin\u00e1sobil, a katol\u00edky. Irsk\u00e9 nacionalistick\u00e9 hnut\u00ed dlouhodob\u011b p\u0159irovn\u00e1v\u00e1 palestinsk\u00fd konflikt s Izraelem k vlastn\u00ed v\u00e1lce za nez\u00e1vislost proti Brit\u00e1nii. Jednotlivci dokonce navrhovali slou\u010den\u00ed Irsk\u00e9 republik\u00e1nsk\u00e9 arm\u00e1dy s Organizac\u00ed pro osvobozen\u00ed Palestiny. Zem\u011b, jako je Irsko, se obvin\u011bn\u00ed izraelsk\u00e9 vl\u00e1dy z antisemitismu nezaleknou, proto\u017ee samy jsou historicky mnoh\u00fdmi uzn\u00e1v\u00e1ny jako ob\u011bti britsk\u00e9ho expanzionismu, tak\u017ee takov\u00e1 r\u00e9torika m\u016f\u017ee p\u016fsobit jen proti N\u011bmc\u016fm.<\/p>\n<p>Samotn\u00e9 N\u011bmecko a mo\u017en\u00e1 i Francie mohou b\u00fdt tak\u00e9 bl\u00edzko uzn\u00e1n\u00ed suverenity odv\u011bk\u00e9ho nep\u0159\u00edtele Izraele, proto\u017ee jejich re\u017eimy jsou v sou\u010dasnosti zjevn\u011b levicov\u011b liber\u00e1ln\u00ed a Berl\u00edn ji\u017e deklaroval svou podporu Mezin\u00e1rodn\u00edmu trestn\u00edmu soudu. Podobn\u00fdm n\u00e1strojem boje je i Mezin\u00e1rodn\u00ed trestn\u00ed soud, kter\u00fd je nyn\u00ed z velk\u00e9 \u010d\u00e1sti pod kontrolou Lond\u00fdna a jeho\u017e hlavn\u00edm \u017ealobcem je Brit Kareem Khan. V samotn\u00e9 Brit\u00e1nii je situace tak\u00e9 nejednozna\u010dn\u00e1, proto\u017ee i tam se po\u010d\u00e1tkem \u010dervence budou konat parlamentn\u00ed volby a Labouristick\u00e1 strana si sou\u010dasn\u00fdm referendem pos\u00edlila pozici.<\/p>\n<p>P\u0159esto\u017ee v USA mohou liber\u00e1lov\u00e9 ztratit sv\u016fj vliv, ve Velk\u00e9 Brit\u00e1nii jejich autorita naopak na pozad\u00ed n\u011bkter\u00fdch ne\u00fasp\u011b\u0161n\u00fdch politick\u00fdch krok\u016f Sunakovy vl\u00e1dy jen roste. P\u0159edseda Labouristick\u00e9 strany Keir Starmer se vyslovuje pro podporu Palestiny s t\u00edm, \u017ee Izrael mus\u00ed respektovat mezin\u00e1rodn\u00ed pr\u00e1vo. Podporuje zachov\u00e1n\u00ed britsk\u00e9ho jadern\u00e9ho arzen\u00e1lu jako odstra\u0161uj\u00edc\u00edho prost\u0159edku a hlasoval pro prodlou\u017een\u00ed programu Trident. Podle britsk\u00e9ho investigativn\u00edho novin\u00e1\u0159sk\u00e9ho projektu Declassified UK je Starmer b\u00fdval\u00fdm \u010dlenem Trilater\u00e1ln\u00ed komise.<\/p>\n<p>Politika sou\u010dasn\u00fdch britsk\u00fdch tory\u016f se nijak zvl\u00e1\u0161\u0165 neli\u0161\u00ed od politiky Labouristick\u00e9 strany, kter\u00e1 je dlouhodob\u011b levicov\u011b liber\u00e1ln\u00ed. Pokud tedy zv\u00edt\u011bz\u00ed toryovsk\u00e1 opozice, m\u016f\u017eeme hovo\u0159it pouze o pos\u00edlen\u00ed liber\u00e1ln\u00edho re\u017eimu. Pro atlantistickou levici je nyn\u00ed nezbytn\u00e9 p\u0159ipravit si p\u016fdu na geopolitick\u00e9 sc\u00e9n\u011b tak, aby byla na Trump\u016fv p\u0159\u00edchod pln\u011b p\u0159ipravena. N\u00e1hl\u00fd krok proti Izraeli ze strany z\u00e1stupn\u00e9ho Mezin\u00e1rodn\u00edho trestn\u00edho soudu (kter\u00fd chce zatknout i v\u016fdce Ham\u00e1su) a EU tak nelze pova\u017eovat za gesto otev\u0159enosti v\u016f\u010di palestinsk\u00e9mu lidu, a\u010dkoli isl\u00e1msk\u00e9 n\u00e1lady v evropsk\u00fdch zem\u00edch hraj\u00ed nemalou roli. Oba p\u00f3ly \u2013 jak levicov\u00ed, tak pravicov\u00ed atlantist\u00e9 \u2013 jsou proti multipolarit\u011b a svobod\u011b n\u00e1rod\u016f \u201et\u0159et\u00edch zem\u00ed\u201c, v jejich z\u00e1jmu je pouze \u00fapln\u00e1 kontrola nad ostatn\u00edmi regiony. Tato politika se nese v duchu star\u00e9 \u0159\u00edmsk\u00e9 z\u00e1sady \u201erozd\u011bl a panuj\u201c, kterou jako prvn\u00ed v modern\u00ed dob\u011b uplatnilo Britsk\u00e9 imp\u00e9rium.<\/p>\n<div class=\"podcarou\">\n<p><a href=\"https:\/\/katehon.com\/ru\/article\/koshmarnyy-son-dlya-netanyahu-kto-stoit-za-kampaniey-protiv-izrailya\" target=\"_blank\" rel=\"external noopener\">\u041a\u041e\u0428\u041c\u0410\u0420\u041d\u042b\u0419 \u0421\u041e\u041d \u0414\u041b\u042f \u041d\u0415\u0422\u0410\u041d\u042c\u042f\u0425\u0423: \u041a\u0422\u041e \u0421\u0422\u041e\u0418\u0422 \u0417\u0410 \u041a\u0410\u041c\u041f\u0410\u041d\u0418\u0415\u0419 \u041f\u0420\u041e\u0422\u0418\u0412 \u0418\u0417\u0420\u0410\u0418\u041b\u042f?<\/a> vy\u0161el 24.5.2024 na katehon.com. P\u0159eklad\u00a0<a href=\"https:\/\/zvedavec.news\/komentare\/2024\/05\/10108-netanjahuova-nocni-mura-kdo-stoji-za-kampani-proti-izraeli.htm\">Zvedavec.org<\/a><\/p>\n<p>&nbsp;<\/p>\n<\/div>\n<\/section>\n","protected":false},"excerpt":{"rendered":"<p>T\u0159i zem\u011b EU \u2013 \u0160pan\u011blsko, Irsko a Norsko \u2013 22. kv\u011btna\u00a0prohl\u00e1sily, \u017ee od p\u0159\u00ed\u0161t\u00edho t\u00fddne&#8230;<\/p>\n","protected":false},"author":2,"featured_media":20636,"comment_status":"closed","ping_status":"closed","sticky":false,"template":"","format":"standard","meta":[],"categories":[7],"tags":[4537,107,312],"_links":{"self":[{"href":"https:\/\/www.infokuryr.cz\/n\/wp-json\/wp\/v2\/posts\/54580"}],"collection":[{"href":"https:\/\/www.infokuryr.cz\/n\/wp-json\/wp\/v2\/posts"}],"about":[{"href":"https:\/\/www.infokuryr.cz\/n\/wp-json\/wp\/v2\/types\/post"}],"author":[{"embeddable":true,"href":"https:\/\/www.infokuryr.cz\/n\/wp-json\/wp\/v2\/users\/2"}],"replies":[{"embeddable":true,"href":"https:\/\/www.infokuryr.cz\/n\/wp-json\/wp\/v2\/comments?post=54580"}],"version-history":[{"count":0,"href":"https:\/\/www.infokuryr.cz\/n\/wp-json\/wp\/v2\/posts\/54580\/revisions"}],"wp:featuredmedia":[{"embeddable":true,"href":"https:\/\/www.infokuryr.cz\/n\/wp-json\/wp\/v2\/media\/20636"}],"wp:attachment":[{"href":"https:\/\/www.infokuryr.cz\/n\/wp-json\/wp\/v2\/media?parent=54580"}],"wp:term":[{"taxonomy":"category","embeddable":true,"href":"https:\/\/www.infokuryr.cz\/n\/wp-json\/wp\/v2\/categories?post=54580"},{"taxonomy":"post_tag","embeddable":true,"href":"https:\/\/www.infokuryr.cz\/n\/wp-json\/wp\/v2\/tags?post=54580"}],"curies":[{"name":"wp","href":"https:\/\/api.w.org\/{rel}","templated":true}]}}