{"id":54574,"date":"2024-05-27T00:47:40","date_gmt":"2024-05-26T22:47:40","guid":{"rendered":"https:\/\/www.infokuryr.cz\/n\/?p=54574"},"modified":"2024-05-26T15:53:25","modified_gmt":"2024-05-26T13:53:25","slug":"gruzinske-urady-naridily-diplomatum-aby-omezili-kontakty-se-zapadem","status":"publish","type":"post","link":"https:\/\/www.infokuryr.cz\/n\/2024\/05\/27\/gruzinske-urady-naridily-diplomatum-aby-omezili-kontakty-se-zapadem\/","title":{"rendered":"Gruz\u00ednsk\u00e9 \u00fa\u0159ady na\u0159\u00eddily diplomat\u016fm, aby omezili kontakty se Z\u00e1padem"},"content":{"rendered":"<div id=\"fb-root\"><\/div>\n<p><strong>Gruz\u00ednsk\u00fd premi\u00e9r Irakli Kobachidze na\u0159\u00eddil tamn\u00edmu ministerstvu zahrani\u010dn\u00edch v\u011bc\u00ed omezit kontakty se Z\u00e1padem. Informuje o tom televizn\u00ed kan\u00e1l Formula. Podle publikace Kobachidze ozn\u00e1mil sv\u00e9 pokyny na setk\u00e1n\u00ed s diplomaty 24. kv\u011btna.<\/strong><\/p>\n<p>Gruz\u00ednsk\u00fd premi\u00e9r z\u00e1rove\u0148 obvinil prezidentku zem\u011b Salome Zurabi\u0161viliovou. Irakli Kobachidze ozna\u010dil hlavu st\u00e1tu za zr\u00e1dce vlasti.<\/p>\n<div class=\"quote\">\n<p>Jednota lidu a jimi zvolen\u00e1 vl\u00e1da a smyslupln\u00e9 kroky n\u00e1m daly v posledn\u00edch dvou letech mo\u017enost udr\u017eet v zemi m\u00edr i p\u0159es existen\u010dn\u00ed hrozby a r\u016fzn\u00e9 zrady, v\u010detn\u011b zrady prezidentky. Ned\u00e1vn\u00e1 historie Gruzie a procesy v modern\u00edm sv\u011bt\u011b n\u00e1m obzvl\u00e1\u0161t\u011b jasn\u011b uk\u00e1zaly, \u017ee suverenita je nej\u00fa\u010dinn\u011bj\u0161\u00ed z\u00e1rukou bezpe\u010dnosti zem\u011b.\u201c \u0159ekl Irakli Kobakhidze.<\/p>\n<p>P\u0159ipome\u0148me, \u017ee pot\u00e9, co gruz\u00ednsk\u00fd parlament p\u0159ijal z\u00e1kon o zahrani\u010dn\u00edch agentech, prob\u011bhly v Tbilisi masov\u00e9 protesty, kter\u00fdch se \u00fa\u010dastnili zahrani\u010dn\u00ed diplomat\u00e9. A Spojen\u00e9 st\u00e1ty ozn\u00e1mily sv\u016fj z\u00e1m\u011br radik\u00e1ln\u011b p\u0159ehodnotit sv\u00e9 vztahy s Gruzi\u00ed.<\/p>\n<p>Na tomto pozad\u00ed prezidentka zem\u011b Salome Zurabi\u0161viliov\u00e1 ozn\u00e1mila, \u017ee bude vetovat z\u00e1kon o zahrani\u010dn\u00edch agentech p\u0159ijat\u00fd parlamentem. Z\u00e1stupci poslaneck\u00e9ho sboru ale zd\u016fraznili, \u017ee maj\u00ed mechanismy, jak prezidentsk\u00e9 veto p\u0159ekonat. Odpov\u00eddaj\u00edc\u00ed procedura v gruz\u00ednsk\u00e9m parlamentu by m\u011bla za\u010d\u00edt 27. kv\u011btna.<\/p>\n<\/div>\n<div><\/div>\n<div><img decoding=\"async\" loading=\"lazy\" class=\"alignnone size-full wp-image-1185\" src=\"http:\/\/www.infokuryr.cz\/n\/wp-content\/uploads\/2021\/04\/kuryr-podpis.png\" alt=\"\" width=\"84\" height=\"24\" \/><\/div>\n<div><\/div>\n<div><\/div>\n","protected":false},"excerpt":{"rendered":"<p>Gruz\u00ednsk\u00fd premi\u00e9r Irakli Kobachidze na\u0159\u00eddil tamn\u00edmu ministerstvu zahrani\u010dn\u00edch v\u011bc\u00ed omezit kontakty se Z\u00e1padem. Informuje o&#8230;<\/p>\n","protected":false},"author":2,"featured_media":54575,"comment_status":"closed","ping_status":"closed","sticky":false,"template":"","format":"standard","meta":[],"categories":[7],"tags":[1375,381,7353,365],"_links":{"self":[{"href":"https:\/\/www.infokuryr.cz\/n\/wp-json\/wp\/v2\/posts\/54574"}],"collection":[{"href":"https:\/\/www.infokuryr.cz\/n\/wp-json\/wp\/v2\/posts"}],"about":[{"href":"https:\/\/www.infokuryr.cz\/n\/wp-json\/wp\/v2\/types\/post"}],"author":[{"embeddable":true,"href":"https:\/\/www.infokuryr.cz\/n\/wp-json\/wp\/v2\/users\/2"}],"replies":[{"embeddable":true,"href":"https:\/\/www.infokuryr.cz\/n\/wp-json\/wp\/v2\/comments?post=54574"}],"version-history":[{"count":1,"href":"https:\/\/www.infokuryr.cz\/n\/wp-json\/wp\/v2\/posts\/54574\/revisions"}],"predecessor-version":[{"id":54576,"href":"https:\/\/www.infokuryr.cz\/n\/wp-json\/wp\/v2\/posts\/54574\/revisions\/54576"}],"wp:featuredmedia":[{"embeddable":true,"href":"https:\/\/www.infokuryr.cz\/n\/wp-json\/wp\/v2\/media\/54575"}],"wp:attachment":[{"href":"https:\/\/www.infokuryr.cz\/n\/wp-json\/wp\/v2\/media?parent=54574"}],"wp:term":[{"taxonomy":"category","embeddable":true,"href":"https:\/\/www.infokuryr.cz\/n\/wp-json\/wp\/v2\/categories?post=54574"},{"taxonomy":"post_tag","embeddable":true,"href":"https:\/\/www.infokuryr.cz\/n\/wp-json\/wp\/v2\/tags?post=54574"}],"curies":[{"name":"wp","href":"https:\/\/api.w.org\/{rel}","templated":true}]}}