{"id":54560,"date":"2024-05-27T00:42:28","date_gmt":"2024-05-26T22:42:28","guid":{"rendered":"https:\/\/www.infokuryr.cz\/n\/?p=54560"},"modified":"2024-05-26T15:06:35","modified_gmt":"2024-05-26T13:06:35","slug":"sokujici-deti-jako-komercni-zbozi","status":"publish","type":"post","link":"https:\/\/www.infokuryr.cz\/n\/2024\/05\/27\/sokujici-deti-jako-komercni-zbozi\/","title":{"rendered":"\u0160okuj\u00edc\u00ed: D\u011bti jako &#8222;komer\u010dn\u00ed zbo\u017e\u00ed!&#8220;"},"content":{"rendered":"<div id=\"fb-root\"><\/div>\n<p><strong><span>D\u011bti jako \u201ezbo\u017e\u00ed\u201c, obchoduje se s nimi jako s citrony. To, co doslova vypad\u00e1, \u017ee poch\u00e1z\u00ed ze zr\u00e1dn\u00e9 mysli \u0161\u00edlence, se ji\u017e d\u00e1vno stalo skute\u010dnost\u00ed. Nap\u0159\u00edklad na Ukrajin\u011b, v \u010c\u00edn\u011b nebo Srbsku. D\u011bti mohou b\u00fdt neleg\u00e1ln\u011b adoptov\u00e1ny, tedy \u201eprod\u00e1ny\u201c a \u201ekoupeny\u201c za 14 000 a\u017e 60 000 eur. Neuv\u011b\u0159iteln\u00e9 p\u00e1tr\u00e1n\u00ed po stop\u00e1ch v odporn\u00e9m podnik\u00e1n\u00ed, kter\u00e9 zahrnuje ty nejmen\u0161\u00ed z nejmen\u0161\u00edch&#8230;<\/span><\/strong><\/p>\n<p><span>Ji\u017e v kv\u011btnu 2020\u00a0<\/span><em><span>Daily Mail<\/span><\/em><span>\u00a0psal s titulkem :\u00a0<\/span><a href=\"https:\/\/www.die-tagespost.de\/politik\/in-der-ukraine-werde-babys-zur-abholware-art-208527\" target=\"_blank\" rel=\"noreferrer noopener\"><span>\u201eNa Ukrajin\u011b jsou odeb\u00edr\u00e1na miminka.\u201c<\/span><\/a><span>\u00a0Doprovodn\u00fd \u010dl\u00e1nek uv\u00e1d\u00ed: \u201eObr\u00e1zky p\u0159ipom\u00ednaly tov\u00e1rnu na miminka:\u00a0<\/span><strong><span>des\u00edtky novorozenc\u016f, kte\u0159\u00ed se narodili n\u00e1hradn\u00edm matk\u00e1m na Ukrajin\u011b. posledn\u00edch p\u00e1r m\u011bs\u00edc\u016f le\u017eeli v \u0159ad\u00e1ch v postel\u00edch a k\u0159i\u010deli.<\/span><\/strong><span>\u00a0Pe\u010dovatel\u00e9 \u010dekaj\u00ed, a\u017e si bezejmenn\u00e1 miminka vyzvednou jejich rodi\u010de ze zahrani\u010d\u00ed, ale to moment\u00e1ln\u011b nen\u00ed mo\u017en\u00e9 kv\u016fli omezen\u00edm Corona. Tak\u017ee tato miminka \u2013 v sou\u010dasnosti je jich pr\u00fd v\u00edce ne\u017e 100 \u2013 le\u017e\u00ed bez poskvrnky od matek, kter\u00e9 je porodily, bez vztahu k d\u00e1rc\u016fm vaj\u00ed\u010dek a spermatu, z nich\u017e jsou geneticky odvozeny, placen\u00e9 ciz\u00edmi rodi\u010di, kte\u0159\u00ed nemaj\u00ed povolen vstup do zem\u011b \u2013 tak\u0159\u00edkaj\u00edc p\u0159ipraven\u00e9 k vyzvednut\u00ed.\u201c<\/span><\/p>\n<p><span>Mezin\u00e1rodn\u011b inzerovan\u00e1 \u201evysn\u011bn\u00e1 d\u011btsk\u00e1 klinika\u201c\u00a0<\/span><em><span>BioTexCom<\/span><\/em><span> umo\u017e\u0148uje, aby tyto d\u011bti byly k dispozici \u201ek vyzvednut\u00ed\u201c. Chud\u00e1 Ukrajina je jednou z p\u0159edn\u00edch zem\u00ed, pokud jde o n\u00e1hradn\u00ed mate\u0159stv\u00ed.<\/span><\/p>\n<p><em><span>A Daily Mail<\/span><\/em><span>\u00a0pokra\u010duje\u00a0: \u201eUkrajina je tak\u00e9 zn\u00e1m\u00e1 zvl\u00e1\u0161t\u011b ned\u016fstojn\u00fdmi nab\u00eddkami od podnikav\u00fdch soukrom\u00fdch klinik: \u201aExistuj\u00ed pau\u0161\u00e1ln\u00ed nab\u00eddky a\u017e do v\u00fd\u0161e 60 000 eur se \u201a100procentn\u00ed z\u00e1rukou d\u00edt\u011bte\u2018, co\u017e neznamen\u00e1 nic jin\u00e9ho, \u200b\u200bne\u017e \u017ee ob\u011b jsou n\u00e1hradn\u00ed matka a d\u00e1rkyn\u011b vaj\u00ed\u010dek \u2013 pokud je pot\u0159eba \u2013 mohou b\u00fdt vym\u011bn\u011bni, dokud t\u011bhotenstv\u00ed nevydr\u017e\u00ed a nenarod\u00ed se d\u00edt\u011b.\u201c Podle toho jsou n\u00e1hradn\u00ed matky v jak\u00e9msi inkub\u00e1toru odosobn\u011bny. Hlavn\u00ed je, \u017ee zvon\u00ed pokladna.<\/span><\/p>\n<p><span>D\u00edt\u011b se st\u00e1v\u00e1 zbo\u017e\u00edm, kter\u00e9 lze obchodovat a nakupovat za pen\u00edze.\u00a0<\/span><strong><span>Objedn\u00e1vaj\u00edc\u00ed rodi\u010de plat\u00ed, agentury vyd\u011bl\u00e1vaj\u00ed a n\u00e1hradn\u00ed matky dost\u00e1vaj\u00ed sv\u00e9 almu\u017eny.<\/span><\/strong><span>\u00a0\u201eAni s t\u011blem \u017eeny, ani s narozen\u00edm d\u00edt\u011bte nelze obchodovat formou v\u00fdroby a sm\u011bny zbo\u017e\u00ed bez hrub\u00e9ho poru\u0161en\u00ed pr\u00e1v jednotlivce. \u017deny nejsou porodn\u00ed stroje, d\u011bti nejsou zbo\u017e\u00ed.&#8220;<\/span><\/p>\n<p><span>V srpnu 2021, dobr\u00fdch \u0161est m\u011bs\u00edc\u016f p\u0159ed ukrajinsko-rusk\u00fdm konfliktem, byla v ukrajinsk\u00e9m hlavn\u00edm m\u011bst\u011b Kyjev\u011b zru\u0161ena bezohledn\u00e1 skupina obchoduj\u00edc\u00ed s d\u011btmi. Pachatel\u00e9 prod\u00e1vali novorozence do Evropy prost\u0159ednictv\u00edm n\u00e1hradn\u00edch matek a fingovan\u00fdch man\u017eelstv\u00ed. Existoval pro to skute\u010dn\u00fd \u201eseznam z\u00e1kazn\u00edk\u016f\u201c. Zpo\u010d\u00e1tku gang l\u00e1kal zoufal\u00e9 \u017eeny z chud\u00fdch asijsk\u00fdch region\u016f, aby se za m\u00e1lo pen\u011bz nechaly \u201enaimpregnovat\u201c a dohodly se na fingovan\u00e9m man\u017eelstv\u00ed se slam\u011bn\u00fdm mu\u017eem v c\u00edlov\u00e9 zemi. Jakmile se d\u00edt\u011b narodilo, byla vyd\u00e1na pln\u00e1 moc na jm\u00e9no biologick\u00e9 matky a fale\u0161n\u00e9 man\u017eelky, aby domn\u011bl\u00fd biologick\u00fd otec a man\u017eel mohli d\u00edt\u011b odv\u00e9zt do zahrani\u010d\u00ed.<\/span><\/p>\n<p><span>Cena za miminko byla stanovena na ekvivalent 60 000 eur. Jen ukrajinsk\u00e9 \u00fa\u0159ady ve spolupr\u00e1ci s Interpolem dok\u00e1zaly jasn\u011b prok\u00e1zat \u0161estn\u00e1ct p\u0159\u00edpad\u016f tohoto zr\u00e1dn\u00e9ho obchodov\u00e1n\u00ed s d\u011btmi. Mezi p\u011bti hlavn\u00edmi podez\u0159el\u00fdmi byl i renomovan\u00fd gynekolog.\u00a0<\/span><a href=\"https:\/\/www.krone.at\/2487984?sc_src=email_961798&amp;sc_lid=90365722&amp;sc_uid=giJcAqdQah&amp;sc_llid=124809&amp;sc_eh=60da2d6f3d9fca111\" target=\"_blank\" rel=\"noreferrer noopener\"><span>Zabaven\u00e9 dokumenty uk\u00e1zaly, \u017ee obchodn\u00edci s miminky ji\u017e m\u011bli kolem 160 \u201ep\u0159edobjedn\u00e1vek\u201c z cel\u00e9 Evropy.<\/span><\/a><\/p>\n<h3 id=\"h-china-transaktionen-mit-schnappchen-babys\" class=\"wp-block-heading\"><span style=\"font-size: 18pt;\">\u010c\u00edna: \u201eTransakce\u201c s \u201ev\u00fdhodn\u00fdmi\u201c miminky<\/span><\/h3>\n<p><span>Jakkoli to zn\u00ed perfidn\u011b, miminka z \u010c\u00edny jsou mnohem \u201elevn\u011bj\u0161\u00ed\u201c ve srovn\u00e1n\u00ed s cenami na Ukrajin\u011b\u00a0<\/span><a href=\"https:\/\/www.epochtimes.de\/politik\/ausland\/aufgedeckt-14-000-euro-fuer-ein-baby-in-china-a3598771.html\" target=\"_blank\" rel=\"noreferrer noopener\"><span>V z\u00e1\u0159\u00ed 2021 se na ve\u0159ejnost dostal \u010d\u00ednsk\u00fd \u010dern\u00fd trh s obchodem a prodejem novorozenc\u016f pod z\u00e1minkou adopce.<\/span><\/a><span>\u00a0Existovala takzvan\u00e1 \u201eskupina WeChat\u201c pro obchodov\u00e1n\u00ed s d\u011btmi, do kter\u00e9 se p\u0159ipojil podez\u0159el\u00fd kupec. Ov\u0161em a\u017e po zdlouhav\u00e9m tajn\u00e9m vy\u0161et\u0159ov\u00e1n\u00ed a p\u0159es prost\u0159edn\u00edka. Skupina se skl\u00e1dala z p\u0159ibli\u017en\u011b 100 \u010dlen\u016f z r\u016fzn\u00fdch m\u011bst a provinci\u00ed v \u010c\u00edn\u011b. D\u00edky speci\u00e1ln\u00edmu syst\u00e9mu rozpozn\u00e1v\u00e1n\u00ed slov se skupina z bezpe\u010dnostn\u00edch d\u016fvod\u016f mohla znovu a znovu rozpadnout a znovu se vyno\u0159it.<\/span><\/p>\n<p><em><span>Nap\u0159\u00edklad jm\u00e9no bao<\/span><\/em><span>\u00a0znamenalo\u00a0d\u00edt\u011b\u00a0, latinsk\u00e9 p\u00edsmeno\u00a0<em>S<\/em>\u00a0pro\u00a0<em>adopci<\/em>\u00a0a\u00a0<\/span><em><span>L<\/span><\/em><span>\u00a0pro\u00a0p\u0159ijet\u00ed\u00a0<em>k adopci\u00a0<\/em><em>.<\/em>\u00a0Nebo jin\u00fdmi slovy pro\u00a0<em>prodej<\/em>\u00a0a\u00a0<em>n\u00e1kup<\/em>\u00a0. \u0160ifrovan\u00e9 chatov\u00e9 zpr\u00e1vy pak byly pou\u017eity ke komunikaci, zda je d\u00edt\u011b k dispozici. Cena: ekvivalent 14 000 eur. Ale pouze hotovost. Zdrav\u00ed mal\u00e9ho d\u00edt\u011bte bylo dokonce\u00a0<em>zaru\u010deno<\/em> \u201e\u010distou genetickou histori\u00ed\u201c . Rodn\u00e9 listy by pro tyto transakce nem\u011bly b\u00fdt nutn\u00e9, proto\u017ee je lze pozd\u011bji \u201esnadno z\u00edskat\u201c. V p\u0159\u00edpad\u011b pot\u0159eby bylo po\u017eadov\u00e1no dal\u0161\u00edch 500 eur. Jeden v\u0161ak musel b\u00fdt vystaven p\u0159i porodu, aby rodi\u010dka mohla pou\u017e\u00edt identitu kupuj\u00edc\u00edho k registraci d\u00edt\u011bte.<\/span><\/p>\n<p><span>A takhle dopadly tyto neuv\u011b\u0159iteln\u011b ned\u016fstojn\u00e9 a nelidsk\u00e9 \u201eobchody\u201c: T\u011bhotn\u00e1 \u017eena je (obvykle) r\u00e1no p\u0159ijata na porodn\u00ed s\u00e1l nemocnice. Po porodu se o novorozence t\u0159i dny staraj\u00ed sestry a vy\u0161et\u0159uj\u00ed ho na nemoci a deformity. Po dokon\u010den\u00ed vy\u0161et\u0159en\u00ed m\u016f\u017ee b\u00fdt d\u00edt\u011b propu\u0161t\u011bno. Sestry p\u0159edaj\u00ed novorozence p\u0159\u00edmo zprost\u0159edkovateli.<\/span><\/p>\n<p><span>Po zaplacen\u00ed je miminko p\u0159ed\u00e1no kupuj\u00edc\u00edmu spolu s \u201esouhlasn\u00fdm prohl\u00e1\u0161en\u00edm k adopci\u201c podepsan\u00fdm rodi\u010dkou \u2013 \u201etransakce\u201c je dokon\u010dena! Vztahy s m\u00edstn\u00edmi nemocnicemi, l\u00e9ka\u0159i a sestrami umo\u017enily zajistit \u201ehladk\u00fd pr\u016fb\u011bh\u201c. Kupuj\u00edc\u00ed dostali tip, aby p\u0159edst\u00edrali t\u011bhotenstv\u00ed m\u011bs\u00edce p\u0159edem, aby nevzbudili pozornost, kdy\u017e se n\u00e1hle stanou matkou\/otcem.<\/span><\/p>\n<h3 id=\"h-serbien-das-perfide-geschaft-mit-scheinbar-toten-babys\" class=\"wp-block-heading\"><span style=\"font-size: 18pt;\">Srbsko: Proradn\u00fd obchod se zjevn\u011b \u201emrtv\u00fdmi\u201c d\u011btmi<\/span><\/h3>\n<p><span>V roce 2001 vy\u0161lo najevo obchodov\u00e1n\u00ed s d\u011btmi v Srbsku v 70. a 80. letech 20. stolet\u00ed, ale dosud nebylo zcela vy\u0159e\u0161eno. Z\u00fa\u010dastnili se l\u00e9ka\u0159i, porodn\u00ed asistentky i st\u00e1tn\u00ed \u00fa\u0159edn\u00edci. Novorozenci byli nel\u00edtostn\u011b odcizeni z porodnic pot\u00e9, co matky nesm\u011bly sv\u00e9 d\u011bti kojit kv\u016fli \u00fadajn\u00fdm zdravotn\u00edm probl\u00e9m\u016fm. O den nebo dva pozd\u011bji byli informov\u00e1ni, \u017ee jejich potomek zem\u0159el.<\/span><\/p>\n<p><span>Nesm\u011bli v\u0161ak poh\u0159b\u00edt vlastn\u00ed d\u011bti. O n\u011bco pozd\u011bji byly matky propu\u0161t\u011bny z nemocnice bez z\u00e1konem po\u017eadovan\u00fdch dokument\u016f, zat\u00edmco jejich \u017eiv\u00e9 d\u011bti byly prod\u00e1ny bohat\u00fdm lidem bez potomk\u016f a cizinc\u016fm. Obchod s mal\u00fdmi d\u011btmi po desetilet\u00ed vzkv\u00e9tal v Bosn\u011b a Hercegovin\u011b, zejm\u00e9na v Tuzle a okol\u00ed, d\u00e1le v Makedonii a p\u0159edev\u0161\u00edm v Srbsku.<\/span><\/p>\n<p><span>A\u017e v roce 2001 se srbsk\u00e9 matky dostaly na ve\u0159ejnost se sv\u00fdm hrozn\u00fdm podez\u0159en\u00edm. Dokumenty v nemocnic\u00edch a registra\u010dn\u00ed knihy poukazovaly na neuv\u011b\u0159iteln\u00e9 zlo\u010diny. D\u00e1le byly zm\u00ednky o af\u00e9\u0159e miminka dopln\u011bny \u00fadaji ze h\u0159bitov\u016f, proto\u017ee &#8211; jak ji\u017e bylo nazna\u010deno &#8211; tam nebylo ofici\u00e1ln\u011b poh\u0159beno ani jedno z domn\u011ble zesnul\u00fdch d\u011bt\u00ed.<\/span><\/p>\n<p><span>V souladu s t\u00edm matky doufaly, \u017ee jejich d\u011bti jsou st\u00e1le na\u017eivu. Pustili se tedy do boje proti instituc\u00edm a matouc\u00edm adop\u010dn\u00edm p\u0159edpis\u016fm a jednotlivc\u016fm.<\/span><\/p>\n<p><span>V Srbsku nyn\u00ed existuje p\u011bt rodi\u010dovsk\u00fdch sdru\u017een\u00ed, kter\u00e1 hledaj\u00ed unesen\u00e9 d\u011bti. Bohu\u017eel jsou mezi sebou \u010dasto v rozporu a na soci\u00e1ln\u00edch s\u00edt\u00edch a v m\u00e9di\u00edch se h\u00e1daj\u00ed, i kdy\u017e ve skute\u010dnosti sleduj\u00ed stejn\u00e9 c\u00edle. Pod tlakem Rady Evropy, na kterou se rodi\u010de obr\u00e1tili, se srbsk\u00fd st\u00e1t n\u011bkolikr\u00e1t pokusil schv\u00e1lit z\u00e1kony t\u00fdkaj\u00edc\u00ed se kr\u00e1de\u017e\u00ed d\u011bt\u00ed. Vl\u00e1da dokonce z\u0159\u00eddila komisi, kter\u00e1 m\u00e1 vy\u0161et\u0159ovat p\u0159\u00edpady poh\u0159e\u0161ovan\u00fdch miminek.<\/span><\/p>\n<p><span>Zat\u00edmco n\u011bkte\u0159\u00ed rodi\u010de iniciativu v\u00edtaj\u00ed a zd\u016fraz\u0148uj\u00ed, \u017ee srbsk\u00e1 vl\u00e1da m\u00e1 skute\u010dn\u00fd z\u00e1jem na jej\u00edm objasn\u011bn\u00ed, jin\u00ed nev\u011b\u0159\u00ed st\u00e1tu ani nov\u011b vznikl\u00e9 komisi. Sp\u00ed\u0161e prov\u00e1d\u011bj\u00ed sv\u00e1 vlastn\u00ed vy\u0161et\u0159ov\u00e1n\u00ed a pracuj\u00ed na internacionalizaci af\u00e9ry s d\u00edt\u011btem.<\/span><\/p>\n<p><a href=\"https:\/\/www.kosmo.at\/der-handel-mit-babys-ein-verbrechen-ohne-strafe\/\"><span>V \u0159\u00edjnu 2019\u00a0<\/span><\/a><span><a href=\"https:\/\/www.kosmo.at\/der-handel-mit-babys-ein-verbrechen-ohne-strafe\/\"><em>mluvili<\/em><\/a><a href=\"https:\/\/www.kosmo.at\/der-handel-mit-babys-ein-verbrechen-ohne-strafe\/\">\u00a0novin\u00e1\u0159i z \u010dasopisu Kosmo\u00a0<\/a><\/span><a href=\"https:\/\/www.kosmo.at\/der-handel-mit-babys-ein-verbrechen-ohne-strafe\/\" target=\"_blank\" rel=\"noreferrer noopener\"><span>s\u00a0<\/span><\/a><span><a href=\"https:\/\/www.kosmo.at\/der-handel-mit-babys-ein-verbrechen-ohne-strafe\/\">n\u011bkter\u00fdmi rodi\u010di t\u011bchto ukraden\u00fdch miminek.<\/a>\u00a0Jejich zpr\u00e1vy, kter\u00e9 bych r\u00e1d reprodukoval v \u00faryvc\u00edch n\u00ed\u017ee pro dokumentaci, potvrzuj\u00ed, \u017ee obchod s d\u011btmi byl v tehdej\u0161\u00edm syst\u00e9mu skute\u010dn\u011b \u201edob\u0159e zaveden\u00fd\u201c a \u017ee se nedalo v\u011b\u0159it \u201epoctivosti\u201c vl\u00e1dy. Nemocnice tvrdily, \u017ee p\u0159\u00edslu\u0161n\u00e9 archivy se staly ob\u011bt\u00ed \u0161kod zp\u016fsoben\u00fdch vodou, a proto byly zni\u010deny.<\/span><\/p>\n<p><span>Ana Peji\u0107 z Rumy, tajemnice Sdru\u017een\u00ed rodi\u010d\u016f poh\u0159e\u0161ovan\u00fdch d\u011bt\u00ed Vojvodiny, se domn\u00edv\u00e1, \u017ee pachatel\u00e9 ne\u010dekali, \u017ee po tolika letech za\u010dnou po ukraden\u00fdch d\u011btech p\u00e1trat. Ani by se jejich zlo\u010din nedostal na ve\u0159ejnost. &#8222;Bohu\u017eel n\u00e1\u0161 probl\u00e9m je v tom, \u017ee st\u00e1t nechce vyjasnit af\u00e9ru s miminky.&#8220;<\/span><\/p>\n<p><span>Faktem v\u0161ak je, \u017ee t\u00e9m\u011b\u0159 v\u0161em matk\u00e1m, kter\u00e9 po\u017e\u00e1daly o dokumenty, bylo \u0159e\u010deno, \u017ee archivy byly po\u0161kozen\u00e9 vodou, co\u017e byla le\u017e a d\u016fkaz, \u017ee \u00fanosy d\u011bt\u00ed byly provedeny z jedin\u00e9ho centra. \u201eDokonce i nemocnice, kter\u00e9 uchov\u00e1vaj\u00ed sv\u00e9 dokumenty v podkrov\u00ed, tvrdily, \u017ee povodn\u011b v\u0161echno zni\u010dily, proto\u017ee se jim z\u0159\u00edtily st\u0159e\u0161n\u00ed ta\u0161ky,\u201c \u0159\u00edk\u00e1 Ana Peji\u0107: \u201eV\u0161em bylo na\u0159\u00edzeno vypr\u00e1v\u011bt stejn\u00fd p\u0159\u00edb\u011bh. Je jasn\u00e9, \u017ee dokumenty byly skryty a zadr\u017eeny, stejn\u011b jako dnes. Ale i z t\u011bch n\u011bkolika dokument\u016f bylo vid\u011bt, jak jsou drz\u00e9 a jak moc se s t\u011bmito pap\u00edry manipulovalo. Do v\u00fdpis\u016f byla uvedena nespr\u00e1vn\u00e1 data narozen\u00ed, nespr\u00e1vn\u00fd \u010das narozen\u00ed a nespr\u00e1vn\u00e1 v\u00e1ha miminek. Ne\u010dekali, \u017ee to jednoho dne n\u011bkdo bude hledat a porovn\u00e1vat se skute\u010dn\u00fdmi daty.\u201c<\/span><\/p>\n<p><span>A Ana Peji\u0107 pokra\u010dovala: \u201eS t\u00edmto typem zlo\u010dinu je t\u0159eba zach\u00e1zet jako s obchodov\u00e1n\u00edm s lidmi. Abychom tento podvod prok\u00e1zali, hledali jsme tak\u00e9 v\u0161echny dokumenty pro d\u011bti, kter\u00e9 jsou zdrav\u00e9 a \u0161\u0165astn\u00e9 a vyr\u016fstaly se sv\u00fdmi rodi\u010di. Nikde zde k takov\u00e9 manipulaci nedoch\u00e1zelo, existuje dokonce informace o tom, kolik jednor\u00e1zov\u00fdch rukavic bylo pou\u017eito na jedno d\u00edt\u011b. Dokumentace k t\u011bmto d\u011btem je naprosto kompletn\u00ed, voda nikdy nic nezni\u010dila. Na\u0161e sdru\u017een\u00ed kontaktuje mnoho zasv\u011bcen\u00fdch: porodn\u00ed asistentky, taxik\u00e1\u0159i, soused\u00e9 (\u2026) Jejich vyj\u00e1d\u0159en\u00ed jsou pro n\u00e1s velmi cenn\u00e1. Mlad\u00ed lid\u00e9, kter\u00fdm bylo \u0159e\u010deno, \u017ee byli adoptov\u00e1ni, se tak\u00e9 hl\u00e1s\u00ed a hledaj\u00ed sv\u00e9 rodi\u010de. Tato cesta je jednodu\u0161\u0161\u00ed ne\u017e p\u00e1tr\u00e1n\u00ed matek po jejich ukraden\u00fdch d\u011btech.&#8220;<\/span><\/p>\n<p><span>Dal\u0161\u00ed p\u0159\u00edklad manipulace: Ofici\u00e1ln\u00ed dokumenty uv\u00e1d\u011bly, \u017ee \u201echlapec\u201c, kter\u00fd se ned\u00e1vno narodil matce, zem\u0159el. Doty\u010dn\u00e1 maminka porodila \u201eholku\u201c!<\/span><\/p>\n<p><span>Rada Evropy vyzvala Srbsko, aby zavedlo registr DNA. Matky se v\u0161ak ob\u00e1vaj\u00ed, \u017ee by to nebylo p\u0159\u00edli\u0161 u\u017eite\u010dn\u00e9, proto\u017ee ke kr\u00e1de\u017ei jejich d\u011bt\u00ed do\u0161lo p\u0159i zm\u011bn\u011b rodinn\u00e9ho stavu.<\/span><\/p>\n<p><span>Jedna takto \u201eokraden\u00e1\u201c matka \u0159\u00edk\u00e1: \u201eM\u016fj p\u0159\u00edpad se stal 24. srpna 1988 ve Sremsk\u00e9 Mitrovici, kdy\u017e jsem m\u011bla druh\u00e9 d\u00edt\u011b. Bylo to norm\u00e1ln\u00ed t\u011bhotenstv\u00ed, p\u0159i kter\u00e9m jsem chodila na pravideln\u00e9 kontroly a d\u00e1vala si pozor na ka\u017edou mali\u010dkost. Trochu jsem se b\u00e1la a tak jsem na radu l\u00e9ka\u0159e \u0161la do porodnice, i kdy\u017e jsem je\u0161t\u011b nerodila. T\u0159i dny jsem le\u017eela na nepohodln\u00e9m porodn\u00edm s\u00e1le, tr\u00e1pila m\u011b neust\u00e1l\u00e1 vy\u0161et\u0159en\u00ed a posledn\u00ed den mi praskla voda.<\/span><\/p>\n<p><span>P\u0159esto\u017ee mi doktor \u0159ekl, \u017ee po\u010dk\u00e1me na p\u0159irozen\u00fd porod, odpoledne mi \u0159ekli, \u017ee budou d\u011blat c\u00edsa\u0159sk\u00fd \u0159ez, proto\u017ee miminku pr\u00fd slab\u011b tlu\u010de srd\u00ed\u010dko, a j\u00e1 mu v\u011b\u0159ila. Probudil jsem se na traumatologick\u00e9m pokoji, kde mi l\u00e9ka\u0159 \u0159ekl, \u017ee m\u00e1m 2350 gramovou hol\u010di\u010dku, kter\u00e1 je v inkub\u00e1toru, ale je s n\u00ed v\u0161e v po\u0159\u00e1dku. To byla st\u0159eda a bylo mi \u0159e\u010deno, \u017ee budu moci vid\u011bt sv\u00e9 d\u00edt\u011b v p\u00e1tek, a\u017e se uzdrav\u00edm.<\/span><\/p>\n<p><span>Matka pokra\u010dovala: \u201eKdy\u017e byl kone\u010dn\u011b p\u00e1tek, p\u0159i\u0161el do m\u00e9ho pokoje doktor a \u0159ekl, \u017ee mi bohu\u017eel zem\u0159elo d\u00edt\u011b. \u0160la jsem dom\u016f s propou\u0161t\u011bc\u00edm dopisem, \u017ee jsem porodila a \u017ee d\u00edt\u011b zem\u0159elo. Nedostal jsem \u017e\u00e1dn\u00e9 dokumenty pro d\u00edt\u011b, ale myslel jsem si, \u017ee je to v po\u0159\u00e1dku, tak jsem se neptal (\u2026) Matrik\u00e1\u0159 mi nejprve \u0159ekl, \u017ee moje d\u00edt\u011b nen\u00ed zaps\u00e1no v knih\u00e1ch, a j\u00e1 si myslel, \u017ee to nen\u00ed t nemohl b\u00fdt registrov\u00e1n, proto\u017ee zem\u0159el. O n\u011bco pozd\u011bji byl nalezen z\u00e1znam, \u017ee zem\u0159el chlape\u010dek, ale j\u00e1 jsem porodila d\u00edvku. To pro m\u011b byl jist\u00fd sign\u00e1l, \u017ee bych m\u011bl za\u010d\u00edt vy\u0161et\u0159ovat.\u201c<\/span><\/p>\n<p><span>A d\u00e1le: \u201eM\u016fj l\u00e9ka\u0159 si p\u00edsemn\u011b vy\u017e\u00e1dal pitvu, d\u00edt\u011b bylo p\u0159evezeno na patologii, ale tam se jeho stopa ztratila. Pr\u00fd to byla sobota, kdy nefungovala patologie, ale to je le\u017e, byl p\u00e1tek. My v\u0161echny matky \u00fadajn\u011b zesnul\u00fdch miminek ve Sremsk\u00e9 Mitrovici jsme dostaly stejn\u00fd p\u0159\u00edkaz na h\u0159bitov pod stejn\u00fdm \u010d\u00edslem 17-25\/25 p\u0159ev\u00e9zt zesnul\u00e9 miminko z nemocnice na h\u0159bitov a doru\u010dit stejn\u00fd p\u0159\u00edkaz soukrom\u00e9 firm\u011b, a. rakev a vybaven\u00ed. S\u00e1m jsem si prohl\u00ed\u017eel knihy poh\u0159ben\u00fdch, ale moje d\u00edt\u011b se v nich nevyskytuje. M\u00e1m o tom tak\u00e9 p\u00edsemn\u00e9 potvrzen\u00ed (\u2026) D\u011bti, kter\u00e9 podle jejich tvrzen\u00ed p\u0159es noc zem\u0159ely, byly ukradeny jist\u00fdmi l\u00e9ka\u0159i, kte\u0159\u00ed byli pod tlakem; spolupracovat s polici\u00ed, arm\u00e1dou a st\u00e1tem. Museli to ud\u011blat, proto\u017ee takov\u00fd byl syst\u00e9m a oni se museli pod\u0159\u00eddit.\u201c<\/span><\/p>\n<p><em><span>Radi\u0161a Pavlovi\u0107, \u010dlen St\u00e1tn\u00ed komise pro poh\u0159e\u0161ovan\u00e1 miminka a p\u0159edseda Sdru\u017een\u00ed za pravdu a spravedlnost pro miminka<\/span><\/em><span>\u00a0, informuje o dal\u0161\u00edm p\u0159\u00edpadu\u00a0: \u201eByli jsme s man\u017eelkou Mirjanou nesm\u00edrn\u011b \u0161\u0165astn\u00ed, kdy\u017e jsme zjistili, \u017ee m\u00e1 dvoj\u010data. Samoz\u0159ejm\u011b jsme se b\u00e1li, kdy\u017e m\u011bla p\u0159ed\u010dasn\u00e9 porodn\u00ed bolesti, ale doufali jsme v to nejlep\u0161\u00ed, kdy\u017e porodila prvn\u00edho syna a o p\u011bt minut pozd\u011bji druh\u00e9ho syna o p\u011bt minut pozd\u011bji v Kragujevaci v 15:10 (\u2026) Kluci se narodila pro \u00fadajn\u00e9 d\u00fdchac\u00ed pot\u00ed\u017ee p\u0159evezena na d\u011btsk\u00e9 odd\u011blen\u00ed, a kdy\u017e jsem za n\u00ed p\u0159i\u0161el, nebylo mi to umo\u017en\u011bno, tak jsem se vr\u00e1til dom\u016f do Gru\u017ei. O n\u011bco pozd\u011bji jsem dostal telegram o smrti jednoho d\u00edt\u011bte a druh\u00fd den mi jin\u00fd telegram ozn\u00e1mil, \u017ee zem\u0159el i m\u016fj druh\u00fd syn.<\/span><\/p>\n<p><span>Radi\u0161a Pavlovi\u0107 d\u00e1le \u0159\u00edk\u00e1 n\u011bco neuv\u011b\u0159iteln\u00e9ho: \u201ePo obdr\u017een\u00ed telegram\u016f jsem \u0161el na patologick\u00e9 odd\u011blen\u00ed vyzvednout d\u011btsk\u00e1 t\u011bla. Tam m\u011b patolog p\u0159esv\u011bd\u010dil, \u017ee je nemus\u00edm vyzved\u00e1vat, ale kdy\u017e jsem na tom trvala, \u0159ekl, \u017ee pitva zat\u00edm nebyla a \u017ee m\u00e1m j\u00edt na matriku nahl\u00e1sit narozen\u00ed a \u00famrt\u00ed d\u011bt\u00ed. Kdy\u017e jsem se po p\u016fl hodin\u011b vr\u00e1til, vzali m\u011b do pokoje, kde v lednici le\u017eela mrtv\u00e1 miminka. V \u0161upl\u00edku byly dv\u011b, o kter\u00fdch mi bylo \u0159e\u010deno, \u017ee jsou to moje d\u011bti. Byla jsem mlad\u00e1 a v\u011b\u0159ila jsem doktor\u016fm, tak jsem si d\u011bti vzala dom\u016f bez ofici\u00e1ln\u00ed identifikace. Podle na\u0161ich zvyklost\u00ed jsme otev\u0159eli rakev a uvnit\u0159 na\u0161li tmavovlas\u00e9 a blon\u010fat\u00e9 miminko. Sklon\u011bni bolest\u00ed jsme ji poh\u0159bili.&#8220;<\/span><\/p>\n<p><span>Kdy\u017e ale vyjde najevo af\u00e9ra s miminkem, Pavlovi\u0107ovy pochybnosti se prohloub\u00ed. Ub\u011bhnou cel\u00e9 t\u0159i roky, ne\u017e kone\u010dn\u011b uvid\u00ed l\u00e9ka\u0159sk\u00e9 dokumenty v klinick\u00e9m centru. Doklady z d\u011btsk\u00e9ho odd\u011blen\u00ed pr\u00fd ale zni\u010dila povode\u0148. Kdy\u017e pobou\u0159en\u00fd otec vyhro\u017euje, \u017ee zorganizuje protest p\u0159ed klinikou, pap\u00edry se jako z\u00e1zrakem najdou b\u011bhem pouh\u00fdch osmi minut. Ukazuje se, \u017ee informace jsou nespr\u00e1vn\u00e9. V potvrzen\u00edch o \u00famrt\u00ed d\u011bt\u00ed tak\u00e9 nejsou \u017e\u00e1dn\u00e9 informace o l\u00e9ka\u0159i, kter\u00fd diagnostikoval smrt. D\u00e1le je ve v\u00fdpisech z matriky narozen\u00fdch uvedeno, \u017ee jedno d\u00edt\u011b se narodilo v listopadu a druh\u00e9 v lednu 1988, p\u0159esto\u017ee \u0161lo o dvoj\u010data!<\/span><\/p>\n<p><span>Radi\u0161a Pavlovi\u0107: \u201eKv\u016fli tomu v\u0161emu jsem ka\u017ed\u00fd den zavolala jednomu z gynekolog\u016f, kter\u00fd tam byl u porodu, a zeptala se ho, kde m\u00e1m d\u011bti. Pot\u00e9, co mi jednoho dne po telefonu vyhro\u017eovali smrt\u00ed, jsem podal trestn\u00ed ozn\u00e1men\u00ed na toho, kdo mi vyhro\u017eoval, ale tak\u00e9 na gynekologa v Kragujevaci a nezn\u00e1mou osobu, kter\u00e1 se pod\u00edlela na \u00fanosu m\u00fdch d\u011bt\u00ed. Tak\u00e9 jsem po\u017eadoval, aby bylo zah\u00e1jeno ofici\u00e1ln\u00ed vy\u0161et\u0159ov\u00e1n\u00ed a aby mi bylo ud\u011bleno povolen\u00ed otev\u0159\u00edt hrob a odebrat vzorek DNA z t\u011bl, kter\u00e1 mi byla p\u0159ed\u00e1na.\u201c<\/span><\/p>\n<p><span>Pavlovi\u0107 se nechce vzd\u00e1t, dokud nezn\u00e1 pravdu o sv\u00fdch d\u011btech. Nezastav\u00ed ho ani dal\u0161\u00ed v\u00fdhr\u016f\u017eky v\u016f\u010di n\u011bmu a jeho rodin\u011b, ani pokusy o zinscenov\u00e1n\u00ed dopravn\u00edch nehod. Nyn\u00ed dost\u00e1v\u00e1 policejn\u00ed ochranu. \u201eV\u00edm,\u201c \u0159\u00edk\u00e1, \u201e\u017ee pachatel\u00e9 jsou odpadl\u00edci ze st\u00e1tn\u00ed bezpe\u010dnosti a dal\u0161\u00edch instituc\u00ed. Vl\u00e1dn\u00ed komise, kter\u00e1 vznikla z iniciativy sdru\u017een\u00ed, kter\u00e9mu p\u0159edsed\u00e1m, m\u00e1 kapacitu na to, aby af\u00e9ru baby kone\u010dn\u011b pro\u0161et\u0159ila, ale to znamen\u00e1, \u017ee chceme odpov\u011b\u010f i na ot\u00e1zku, zda existuj\u00ed \u00fadajn\u00e9 kontrakty na v\u00fdvoz Srbsk\u00e9 produkty Byly tam miminka nebo doch\u00e1zelo k manipulac\u00edm. St\u00e1t nakonec zaujal stanovisko, \u017ee to v\u0161e pro\u0161et\u0159\u00ed a \u017ee v t\u011bchto p\u0159\u00edpadech neexistuje \u017e\u00e1dn\u00e1 proml\u010dec\u00ed lh\u016fta.\u201c<\/span><\/p>\n<p><em><span>Kosmo<\/span><\/em><span>\u00a0dokonce umo\u017e\u0148uje takto \u201eukraden\u00e9\u201c d\u00edt\u011b mluvit. Chlapci z t\u00e9 doby je dnes n\u011bco p\u0159es \u010dty\u0159icet. Mladjan Radivojevi\u010d \u017eije se svou \u017eenou Milicou a t\u0159emi d\u011btmi ve vesnici Donji Adrovac nedaleko Aleksinacu. \u201eNarodila jsem se v Kru\u0161evaci a byla jsem v \u0161est\u00e9 t\u0159\u00edd\u011b, kdy\u017e mi d\u011bti ve \u0161kole \u0159ekly, \u017ee jsem adoptovan\u00e1, co\u017e potvrdila moje matka Verica Radivojevi\u0107. 14 let se ne\u00fasp\u011b\u0161n\u011b l\u00e9\u010dila se sterilitou a pot\u00e9 vstoupila do procesu adopce. Vzhledem k tomu, \u017ee bl\u00edzk\u00fd p\u0159\u00edbuzn\u00fd m\u00e9ho otce nebo adoptivn\u00ed otec pracoval pro st\u00e1tn\u00ed bezpe\u010dnost, moji rodi\u010de na sebe nenechali dlouho \u010dekat.<\/span><\/p>\n<p><span>\u00da\u0159edn\u00edci z Alek\u0161inacsk\u00e9ho centra soci\u00e1ln\u00ed pr\u00e1ce m\u011b brzy vzali k sob\u011b dom\u016f zabalen\u00e9ho do nemocni\u010dn\u00ed deky a \u0159ekli, \u017ee kdy\u017e se jim nebudu l\u00edbit, mohou m\u011b vym\u011bnit. Byly mi t\u0159i m\u011bs\u00edce a kv\u016fli neust\u00e1l\u00e9mu poleh\u00e1v\u00e1n\u00ed jsem nem\u011bl na hlav\u011b v\u016fbec \u017e\u00e1dn\u00e9 vlasy. M\u00fdm adoptivn\u00edm rodi\u010d\u016fm \u0159ekli, \u017ee moje rodn\u00e1 matka byla velmi mlad\u00e1 a \u017ee hned po narozen\u00ed utekla z nemocnice. Pot\u00e9 jsem se na ni roky zlobil a neust\u00e1le p\u0159em\u00fd\u0161lel, jak to mohla ud\u011blat.\u201c<\/span><\/p>\n<p><span>Ale jednoho dne, kdy je Mladjan Radivojevi\u010d s\u00e1m otcem, chce na n\u00e1vrh sv\u00e9 \u017eeny hledat a poznat sv\u00e9 biologick\u00e9 rodi\u010de, aby se nemohlo st\u00e1t, \u017ee se jeho vlastn\u00ed d\u011bti z neznalosti provdaj\u00ed za pokrevn\u00edho p\u0159\u00edbuzn\u00e9ho.<\/span><\/p>\n<p><span>\u201eA tam za\u010d\u00edn\u00e1 ten hrozn\u00fd p\u0159\u00edb\u011bh,\u201c \u0159ekl Mladjan Radivojevi\u010d. \u201eKdy\u017e jsme nemohli z\u00edskat po\u017eadovan\u00e9 dokumenty, obr\u00e1tili jsme se na Radi\u0161u Pavlovi\u0107e (\u2026) Teprve po jeho z\u00e1sahu jsem dostal v\u00fdpis z matriky narozen\u00fdch a u\u010dinil hrozn\u00fd objev. Na prvn\u00ed pohled bylo jasn\u00e9, \u017ee doklad je fale\u0161n\u00fd.\u201c \u00dadaje o matce se neshodovaly, \u00fadaje o rodinn\u00e9m stavu a p\u0159\u00edtomnosti otce byly smaz\u00e1ny. Podpis rodi\u010dky neexistuje na jedin\u00e9m dokumentu. \u00dadaje uveden\u00e9 matrikou v matri\u010dn\u00ed knize narozen\u00fdch se neshoduj\u00ed s v\u00fdpisy z nemocnice.<\/span><\/p>\n<p><span>Kdy\u017e se Radivojevi\u010d vyd\u00e1 hledat svou matku, uk\u00e1\u017ee se, \u017ee ani ona, ani jeho biologick\u00fd otec ani jejich man\u017eelstv\u00ed nejsou nikde registrov\u00e1ni.<\/span><\/p>\n<p><span>\u201eDal\u0161\u00ed vy\u0161et\u0159ov\u00e1n\u00ed n\u00e1s zavedlo do Centra soci\u00e1ln\u00ed pr\u00e1ce Alek\u0161inac, kde \u0159editel po mnoha v\u00fdmluv\u00e1ch p\u0159iznal, \u017ee pro m\u011b neexistuje \u017e\u00e1dn\u00fd spis. St\u00e1le existuje 28 chyb\u011bj\u00edc\u00edch soubor\u016f o adopc\u00edch mezi lety 1975 a 1985.<\/span><\/p>\n<p><span>Marko Marki\u0107 Ivi\u0107, majitel restaurace v N\u011bmecku, se n\u00e1hodou zaplete do \u201ep\u0159\u00edb\u011bhu obchodov\u00e1n\u00ed s d\u011btmi\u201c, jak jej popisuje. Jednoho dne v roce 1988 jede do Bugojna za sv\u00fdm nevlastn\u00edm otcem. \u201eAle m\u00edsto toho, aby se v\u011bnoval sv\u00e9mu podnik\u00e1n\u00ed, p\u0159edstavil m\u011b mu\u017ei, kter\u00fd se p\u0159edstavil jako Dragan, povol\u00e1n\u00edm pr\u00e1vn\u00edk. \u0158ekl mi, \u017ee adoptoval d\u00edt\u011b a \u017ee mu to ud\u011blalo radost, a pak mi navrhl, abych se v B\u011blehrad\u011b setkal s lidmi, kte\u0159\u00ed by mi tak\u00e9 mohli pomoci. Okam\u017eit\u011b zd\u016fraznil, \u017ee mus\u00edm zaplatit 10 000 n\u011bmeck\u00fdch marek za miminko a 15 000 za dvoj\u010data, co\u017e jsem p\u0159ijal, proto\u017ee jsem si myslel, \u017ee pen\u00edze p\u016fjdou na p\u00e9\u010di o sirotky. Z vd\u011b\u010dnosti jsem Draganovi sl\u00edbil tis\u00edc marek za d\u00edt\u011b a dva tis\u00edce za dvoj\u010data.\u201c<\/span><\/p>\n<p><span>Ale v\u011bci se vyv\u00edjej\u00ed jinak. Ivi\u0107 o\u010dek\u00e1v\u00e1, \u017ee proces pr\u00e1vn\u00edho p\u0159ijet\u00ed bude trvat t\u0159i roky. \u201ePrvn\u00ed pochybnost ve mn\u011b vyvstala, kdy\u017e jsem byl p\u0159evezen do nemocnice, proto\u017ee jsem p\u0159edpokl\u00e1dal, \u017ee d\u011bti jsou adoptov\u00e1ny z d\u011btsk\u00e9ho domova. Doktor Dragan m\u011b hned sezn\u00e1mil s t\u00edm, \u017ee pen\u00edze, kter\u00e9 zaplat\u00edm, p\u016fjdou do sirot\u010dince, i kdy\u017e jsem tu\u0161il, \u017ee se n\u011bkdo tak\u00e9 osobn\u011b o p\u00e1r tis\u00edcovkou z t\u00e9 sumy obohat\u00ed. To je sou\u010d\u00e1st na\u0161\u00ed mentality. Doktor tvrdil, \u017ee vid\u00edm necht\u011bn\u00e9 d\u011bti nezletil\u00fdch a student\u016f z vnitrozem\u00ed, a st\u011b\u017eoval si, \u017ee jsou obvykle um\u00edst\u011bny v domovech a mus\u00ed \u010dekat, kdo v\u00ed jak dlouho, na rodi\u010de.\u201c<\/span><\/p>\n<p><span>Na tomto m\u00edst\u011b je zaj\u00edmav\u00e9 poznamenat, \u017ee existuj\u00ed tak\u00e9 nezletil\u00ed a studenti, kter\u00fdm se narod\u00ed necht\u011bn\u00e9 d\u011bti, kter\u00e9 lze \u201eprodat d\u00e1l\u201c. Bu\u010f bez registrace, nebo s nepravdiv\u00fdmi \u00fadaji.<\/span><\/p>\n<p><span>Marko Marki\u0107 Ivi\u0107 pokra\u010doval: \u201ePtal jsem se, jak budou d\u011bti zaznamen\u00e1ny v novin\u00e1ch, a on bez p\u0159em\u00fd\u0161len\u00ed odpov\u011bd\u011bl, \u017ee v\u0161ude nap\u00ed\u0161ou, \u017ee je porodila moje \u017eena. Dal mi t\u0159i mo\u017enosti: okam\u017eit\u011b vz\u00edt d\u00edt\u011b, vr\u00e1tit se s man\u017eelkou a pak vz\u00edt d\u00edt\u011b s sebou, nebo \u0159\u00edct rodin\u011b, \u017ee je t\u011bhotn\u00e1, a vr\u00e1tit se za dev\u011bt m\u011bs\u00edc\u016f. Zaru\u010dil mi, \u017ee v rodn\u00e9m list\u011b bude uvedeno, \u017ee jsme s man\u017eelkou biologick\u00fdmi rodi\u010di d\u00edt\u011bte.\u201c A: \u201ePo tomto rozhovoru, p\u0159i kter\u00e9m jsem m\u011bl velk\u00e9 pochybnosti, mi sestra p\u0159inesla \u017eupan a s doktorem jsme odjeli do porodnice. odd\u011blen\u00ed. Kdy\u017e jsme \u0161li do prvn\u00edho nebo druh\u00e9ho patra (\u2026), doktor mi \u0159ekl, abych polo\u017eil ruku na postel \u017eeny, kter\u00e1 vypadala trochu jako moje \u017eena. V pokoji jsem uvid\u011bl d\u00edvku, kter\u00e1 opravdu vypadala jako Ana, a polo\u017eil jsem ruku na jej\u00ed postel. Potom m\u011b zavedl do pokoje s d\u011btmi.&#8220;<\/span><\/p>\n<p><span>D\u00e1le: \u201eZastavil jsem se u d\u00edt\u011bte, jeho dlouh\u00e9 \u0159asy m\u011b vt\u00e1hly dovnit\u0159. Byla to and\u011bl, taky jsem mu to \u0159ekl. Odpov\u011bd\u011bl, \u017ee je to samotn\u00e9 d\u00edt\u011b rod\u00edc\u00ed \u017eeny, na jej\u00ed\u017e postel jsem polo\u017eil ruku. A pak t\u0159ikr\u00e1t zopakoval: &#8222;Ivi\u0107 vyber!&#8220; Tam jsem se zastavil. Jak si m\u00e1m vybrat miminko? Vid\u011bl jsem, \u017ee to nen\u00ed porodnice jen pro studenty, ale \u017ee jsou tu i star\u0161\u00ed \u017eeny. Projel mnou mr\u00e1z, c\u00edtil jsem tlak na hrudi a tajil se mi dech, konfrontov\u00e1n s podez\u0159en\u00edm, \u017ee n\u011bco nen\u00ed v po\u0159\u00e1dku. \u0158ekl jsem tedy doktorovi, \u017ee si nejprve mus\u00edm promluvit se svou \u017eenou.<\/span><\/p>\n<p><span>Nakonec se v\u0161ak Marko Marki\u0107 Ivi\u0107 a jeho man\u017eelka zdr\u017e\u00ed neleg\u00e1ln\u00edho \u201ekupov\u00e1n\u00ed miminek\u201c a jdou na ve\u0159ejnost. \u201eNapsal jsem prohl\u00e1\u0161en\u00ed o t\u00e9to ud\u00e1losti, nechal jsem to potvrdit not\u00e1\u0159em v B\u011blehrad\u011b a p\u0159edal jsem je st\u00e1tn\u00edmu zastupitelstv\u00ed. Zat\u00edm m\u011b nikdo nevyzval k vyj\u00e1d\u0159en\u00ed. Pokud m\u011b zavolaj\u00ed, samoz\u0159ejm\u011b p\u016fjdu a v\u0161e \u0159eknu v nad\u011bji, \u017ee m\u016fj p\u0159\u00edpad pom\u016f\u017ee vy\u0159e\u0161it af\u00e9ru unesen\u00fdch d\u011bt\u00ed.\u201c<\/span><\/p>\n<p><span>\u010casopis\u00a0<\/span><em><span>Kosmo<\/span><\/em><span>\u00a0d\u00e1le v \u0159\u00edjnu 2019 uvedl, \u017ee od roku 2002 do toho roku bylo srbsk\u00fdm st\u00e1tn\u00edm z\u00e1stupc\u016fm pod\u00e1no v\u00edce ne\u017e 900 ozn\u00e1men\u00ed a prob\u00edh\u00e1 165 p\u0159edb\u011b\u017en\u00fdch vy\u0161et\u0159ov\u00e1n\u00ed mo\u017en\u00e9ho \u201ezmizen\u00ed\u201c miminek. Existuje podez\u0159en\u00ed, \u017ee n\u011bkolik tis\u00edc miminek zmizelo z porodnic v Srbsku, tedy byly \u201eukradeny\u201c a n\u00e1sledn\u011b prod\u00e1ny.<\/span><\/p>\n<p><span>Podobn\u00e9 p\u0159\u00edpady obchodov\u00e1n\u00ed s d\u011btmi jsou hl\u00e1\u0161eny tak\u00e9 nap\u0159\u00edklad na Filip\u00edn\u00e1ch, v Thajsku, Nig\u00e9rii a Indii. Vyjmenovat je zde v\u0161echny by v\u0161ak p\u0159esahovalo r\u00e1mec tohoto \u010dl\u00e1nku. V\u0161echny jsou v\u0161ak podobn\u00e9 jedn\u00e9 v\u011bci: nelidsk\u00fd, zr\u00e1dn\u00fd obchod s \u201ekomoditn\u00edm\u201c d\u00edt\u011btem!<\/span><\/p>\n<p><strong><em>Autor Guido Grandt\u00a0<\/em>\u00a0<\/strong><em>(\u00a0<a href=\"https:\/\/gugramediaverlag.wordpress.com\/\" target=\"_blank\" rel=\"noreferrer noopener\">gugramediaverlag<\/a>\u00a0)<\/em><\/p>\n<p>&nbsp;<\/p>\n","protected":false},"excerpt":{"rendered":"<p>D\u011bti jako \u201ezbo\u017e\u00ed\u201c, obchoduje se s nimi jako s citrony. To, co doslova vypad\u00e1, \u017ee&#8230;<\/p>\n","protected":false},"author":2,"featured_media":54561,"comment_status":"closed","ping_status":"closed","sticky":false,"template":"","format":"standard","meta":[],"categories":[7],"tags":[245,369,5477],"_links":{"self":[{"href":"https:\/\/www.infokuryr.cz\/n\/wp-json\/wp\/v2\/posts\/54560"}],"collection":[{"href":"https:\/\/www.infokuryr.cz\/n\/wp-json\/wp\/v2\/posts"}],"about":[{"href":"https:\/\/www.infokuryr.cz\/n\/wp-json\/wp\/v2\/types\/post"}],"author":[{"embeddable":true,"href":"https:\/\/www.infokuryr.cz\/n\/wp-json\/wp\/v2\/users\/2"}],"replies":[{"embeddable":true,"href":"https:\/\/www.infokuryr.cz\/n\/wp-json\/wp\/v2\/comments?post=54560"}],"version-history":[{"count":1,"href":"https:\/\/www.infokuryr.cz\/n\/wp-json\/wp\/v2\/posts\/54560\/revisions"}],"predecessor-version":[{"id":54562,"href":"https:\/\/www.infokuryr.cz\/n\/wp-json\/wp\/v2\/posts\/54560\/revisions\/54562"}],"wp:featuredmedia":[{"embeddable":true,"href":"https:\/\/www.infokuryr.cz\/n\/wp-json\/wp\/v2\/media\/54561"}],"wp:attachment":[{"href":"https:\/\/www.infokuryr.cz\/n\/wp-json\/wp\/v2\/media?parent=54560"}],"wp:term":[{"taxonomy":"category","embeddable":true,"href":"https:\/\/www.infokuryr.cz\/n\/wp-json\/wp\/v2\/categories?post=54560"},{"taxonomy":"post_tag","embeddable":true,"href":"https:\/\/www.infokuryr.cz\/n\/wp-json\/wp\/v2\/tags?post=54560"}],"curies":[{"name":"wp","href":"https:\/\/api.w.org\/{rel}","templated":true}]}}