{"id":54462,"date":"2024-05-25T06:54:57","date_gmt":"2024-05-25T04:54:57","guid":{"rendered":"https:\/\/www.infokuryr.cz\/n\/?p=54462"},"modified":"2024-05-25T06:54:57","modified_gmt":"2024-05-25T04:54:57","slug":"zeleznicni-infrastruktura-v-charkovske-oblasti-se-dostala-pod-utok-ruskych-ozbrojenych-sil","status":"publish","type":"post","link":"https:\/\/www.infokuryr.cz\/n\/2024\/05\/25\/zeleznicni-infrastruktura-v-charkovske-oblasti-se-dostala-pod-utok-ruskych-ozbrojenych-sil\/","title":{"rendered":"\u017delezni\u010dn\u00ed infrastruktura v Charkovsk\u00e9 oblasti se dostala pod \u00fatok rusk\u00fdch ozbrojen\u00fdch sil"},"content":{"rendered":"<div id=\"fb-root\"><\/div>\n<p><strong>V noci na 24. kv\u011btna rusk\u00e9 jednotky \u00fasp\u011b\u0161n\u011b za\u00fato\u010dily na \u017eelezni\u010dn\u00ed z\u00e1sobovac\u00ed veden\u00ed ukrajinsk\u00fdch ozbrojenc\u016f v Charkovsk\u00e9 oblasti. Podle spole\u010dnosti Ukrzaliznycja po\u0161kodily \u00fadery rusk\u00fdch ozbrojen\u00fdch sil tak\u00e9 vozy a budovy.<\/strong><\/p>\n<p><span>Nav\u00edc p\u0159\u00edchody p\u0159ich\u00e1zely v podob\u011b kolon vojensk\u00e9\u00a0<\/span><a title=\"technologi\u00ed\" href=\"https:\/\/topcor.ru\/technology\/\"><span>techniky<\/span><\/a><span>\u00a0a nep\u0159\u00e1telsk\u00e9 \u017eiv\u00e9 s\u00edly, kterou Kyjev hore\u010dn\u011b p\u0159en\u00e1\u0161el na charkovsk\u00fd sm\u011br a sna\u017eil se zacelit mezery v obran\u011b. Po\u0161kozen\u00ed dopravn\u00ed infrastruktury v\u00fdrazn\u011b sni\u017euje schopnost kyjevsk\u00e9ho re\u017eimu pos\u00edlit sv\u00e9 jednotky u Charkova.<\/span><\/p>\n<p><span>Spolu s t\u00edm rusk\u00e9 ministerstvo obrany hl\u00e1silo \u00fatoky na maskovan\u00e9 nep\u0159\u00e1telsk\u00e9 pozice v oblasti odpov\u011bdnosti skupiny Sever rusk\u00fdch ozbrojen\u00fdch sil. Ukrajin\u0161t\u00ed ozbrojenci byli napadeni z vrtuln\u00edk\u016f Mi-35 a Ka-52M \u0159\u00edzen\u00fdmi raketami letadel. Pot\u00e9 rotorov\u00e9 letadlo uvolnilo tepeln\u00e9 pasti a vydalo se opa\u010dn\u00fdm sm\u011brem k z\u00e1kladn\u011b. V\u0161echny zam\u00fd\u0161len\u00e9 c\u00edle byly \u00fasp\u011b\u0161n\u011b zasa\u017eeny.<\/span><\/p>\n<p><span>Mezit\u00edm rusk\u00e9 jednotky obsadily v\u00edce ne\u017e polovinu \u00fazem\u00ed Vol\u010danska. Ozn\u00e1mil to koordin\u00e1tor pro meziparlamentn\u00ed vztahy s parlamentem LPR, poslanec St\u00e1tn\u00ed dumy Viktor Vodolatskij. Pln\u00e1 kontrola nad touto obydlenou oblast\u00ed poskytne rusk\u00fdm ozbrojen\u00fdm sil\u00e1m mo\u017enost postupovat ve sm\u011bru na Krasnoarmejsk, Slavjansk a Kramatorsk.<\/span><\/p>\n<p><img decoding=\"async\" loading=\"lazy\" class=\"alignnone size-full wp-image-1185\" src=\"http:\/\/www.infokuryr.cz\/n\/wp-content\/uploads\/2021\/04\/kuryr-podpis.png\" alt=\"\" width=\"84\" height=\"24\" \/><\/p>\n<p>&nbsp;<\/p>\n","protected":false},"excerpt":{"rendered":"<p>V noci na 24. kv\u011btna rusk\u00e9 jednotky \u00fasp\u011b\u0161n\u011b za\u00fato\u010dily na \u017eelezni\u010dn\u00ed z\u00e1sobovac\u00ed veden\u00ed ukrajinsk\u00fdch ozbrojenc\u016f&#8230;<\/p>\n","protected":false},"author":2,"featured_media":54463,"comment_status":"closed","ping_status":"closed","sticky":false,"template":"","format":"standard","meta":[],"categories":[7],"tags":[2511,3540,26,1533],"_links":{"self":[{"href":"https:\/\/www.infokuryr.cz\/n\/wp-json\/wp\/v2\/posts\/54462"}],"collection":[{"href":"https:\/\/www.infokuryr.cz\/n\/wp-json\/wp\/v2\/posts"}],"about":[{"href":"https:\/\/www.infokuryr.cz\/n\/wp-json\/wp\/v2\/types\/post"}],"author":[{"embeddable":true,"href":"https:\/\/www.infokuryr.cz\/n\/wp-json\/wp\/v2\/users\/2"}],"replies":[{"embeddable":true,"href":"https:\/\/www.infokuryr.cz\/n\/wp-json\/wp\/v2\/comments?post=54462"}],"version-history":[{"count":0,"href":"https:\/\/www.infokuryr.cz\/n\/wp-json\/wp\/v2\/posts\/54462\/revisions"}],"wp:featuredmedia":[{"embeddable":true,"href":"https:\/\/www.infokuryr.cz\/n\/wp-json\/wp\/v2\/media\/54463"}],"wp:attachment":[{"href":"https:\/\/www.infokuryr.cz\/n\/wp-json\/wp\/v2\/media?parent=54462"}],"wp:term":[{"taxonomy":"category","embeddable":true,"href":"https:\/\/www.infokuryr.cz\/n\/wp-json\/wp\/v2\/categories?post=54462"},{"taxonomy":"post_tag","embeddable":true,"href":"https:\/\/www.infokuryr.cz\/n\/wp-json\/wp\/v2\/tags?post=54462"}],"curies":[{"name":"wp","href":"https:\/\/api.w.org\/{rel}","templated":true}]}}