{"id":5446,"date":"2021-10-18T03:17:11","date_gmt":"2021-10-18T01:17:11","guid":{"rendered":"http:\/\/www.infokuryr.cz\/n\/?p=5446"},"modified":"2021-10-18T03:17:11","modified_gmt":"2021-10-18T01:17:11","slug":"kapverdy-vydaly-usa-venezuelskeho-diplomata","status":"publish","type":"post","link":"https:\/\/www.infokuryr.cz\/n\/2021\/10\/18\/kapverdy-vydaly-usa-venezuelskeho-diplomata\/","title":{"rendered":"Kapverdy vydaly USA venezuelsk\u00e9ho diplomata"},"content":{"rendered":"<div id=\"fb-root\"><\/div>\n<p>Vl\u00e1da Kapverdsk\u00fdch ostrov\u016f vydala venezuelsk\u00e9ho diplomata Alexe Saaba, kter\u00fd byl zadr\u017een na \u017e\u00e1dost USA v roce 2020, informuje rozhlasov\u00e1 stanice Caracol.<\/p>\n<p>\u201eP\u0159ibli\u017en\u011b v 16:00 m\u00edstn\u00edho \u010dasu odlet\u011bl Alex Saab z Kapverdsk\u00fdch ostrov\u016f do USA, kde m\u00e1 b\u00fdt postaven p\u0159ed soud na Florid\u011b,\u201c uv\u00e1d\u00ed se v \u010dl\u00e1nku na webu rozhlasov\u00e9 stanice.<\/p>\n<p>Saab byl v \u010dervenci 2019 za\u0159azen do sank\u010dn\u00edho seznamu USA jako organiz\u00e1tor \u201erozs\u00e1hl\u00e9 korup\u010dn\u00ed s\u00edt\u011b\u201c v z\u00e1jmu venezuelsk\u00e9ho prezidenta Nicol\u00e1se Madura. Rok pot\u00e9 byl Saab zadr\u017een na \u017e\u00e1dost USA na Kapverd\u00e1ch, kde letadlo, kter\u00fdm let\u011bl do \u00cdr\u00e1nu, p\u0159ist\u00e1lo za \u00fa\u010delem natankov\u00e1n\u00ed. \u00dastavn\u00ed soud Kapverdsk\u00fdch ostrov\u016f zam\u00edtl odvol\u00e1n\u00ed Saabov\u00fdch obh\u00e1jc\u016f, \u010d\u00edm\u017e potvrdil jeho extradici do USA.<\/p>\n<p>Obhajoba trvala na tom, \u017ee extradice do USA Alexe Saaba, kter\u00fd m\u00e1 diplomatickou imunitu, je poru\u0161en\u00edm V\u00edde\u0148sk\u00e9 konvence. Krom\u011b toho USA a Kapverdy nemaj\u00ed dvoustrannou smlouvu o extradici.<\/p>\n<p>Venezuelsk\u00e1 vl\u00e1da po\u017e\u00e1dala Kapverdy, aby propustily Saaba na svobodu, a prohl\u00e1sila, \u017ee zast\u00e1v\u00e1 post zvl\u00e1\u0161tn\u00edho vyslance Caracasu v Africk\u00e9m svazu. Podle zpr\u00e1vy kolumbijsk\u00fdch m\u00e9di\u00ed disponuje Saab z\u0159ejm\u011b informacemi o tajn\u00fdch dohod\u00e1ch venezuelsk\u00e9 vl\u00e1dy s Tureckem, \u00cdr\u00e1nem a Ruskem, kter\u00e9 se, podle n\u00e1zoru USA, dot\u00fdkaj\u00ed jejich z\u00e1jm\u016f v dan\u00e9m regionu.<\/p>\n<p>Rusk\u00e9 ministerstvo zahrani\u010dn\u00edch v\u011bc\u00ed ozna\u010dilo situaci kolem Saaba za \u201edonebevolaj\u00edc\u00ed\u201c a poznamenalo, \u017ee se ve Washingtonu rozhodli \u201edos\u00e1hnout nov\u00e9 \u00farovn\u011b\u201c vytvo\u0159en\u00edm zhoubn\u00e9ho precedentu extradice zplnomocn\u011bn\u00e9 osoby s diplomatick\u00fdm statutem.<\/p>\n<p><a href=\"https:\/\/cz.sputniknews.com\/20211017\/kapverdy-vydaly-usa-venezuelskeho-diplomata-16199110.html\">ZDROJ<\/a><\/p>\n<p>&nbsp;<\/p>\n","protected":false},"excerpt":{"rendered":"<p>Vl\u00e1da Kapverdsk\u00fdch ostrov\u016f vydala venezuelsk\u00e9ho diplomata Alexe Saaba, kter\u00fd byl zadr\u017een na \u017e\u00e1dost USA v&#8230;<\/p>\n","protected":false},"author":2,"featured_media":1482,"comment_status":"closed","ping_status":"closed","sticky":false,"template":"","format":"standard","meta":[],"categories":[7],"tags":[37,181],"_links":{"self":[{"href":"https:\/\/www.infokuryr.cz\/n\/wp-json\/wp\/v2\/posts\/5446"}],"collection":[{"href":"https:\/\/www.infokuryr.cz\/n\/wp-json\/wp\/v2\/posts"}],"about":[{"href":"https:\/\/www.infokuryr.cz\/n\/wp-json\/wp\/v2\/types\/post"}],"author":[{"embeddable":true,"href":"https:\/\/www.infokuryr.cz\/n\/wp-json\/wp\/v2\/users\/2"}],"replies":[{"embeddable":true,"href":"https:\/\/www.infokuryr.cz\/n\/wp-json\/wp\/v2\/comments?post=5446"}],"version-history":[{"count":0,"href":"https:\/\/www.infokuryr.cz\/n\/wp-json\/wp\/v2\/posts\/5446\/revisions"}],"wp:featuredmedia":[{"embeddable":true,"href":"https:\/\/www.infokuryr.cz\/n\/wp-json\/wp\/v2\/media\/1482"}],"wp:attachment":[{"href":"https:\/\/www.infokuryr.cz\/n\/wp-json\/wp\/v2\/media?parent=5446"}],"wp:term":[{"taxonomy":"category","embeddable":true,"href":"https:\/\/www.infokuryr.cz\/n\/wp-json\/wp\/v2\/categories?post=5446"},{"taxonomy":"post_tag","embeddable":true,"href":"https:\/\/www.infokuryr.cz\/n\/wp-json\/wp\/v2\/tags?post=5446"}],"curies":[{"name":"wp","href":"https:\/\/api.w.org\/{rel}","templated":true}]}}