{"id":54443,"date":"2024-05-25T00:46:21","date_gmt":"2024-05-24T22:46:21","guid":{"rendered":"https:\/\/www.infokuryr.cz\/n\/?p=54443"},"modified":"2024-05-24T18:23:13","modified_gmt":"2024-05-24T16:23:13","slug":"eva-hrindova-ach-ta-rakovina","status":"publish","type":"post","link":"https:\/\/www.infokuryr.cz\/n\/2024\/05\/25\/eva-hrindova-ach-ta-rakovina\/","title":{"rendered":"Eva Hrindov\u00e1: Ach ta rakovina"},"content":{"rendered":"<div id=\"fb-root\"><\/div>\n<p><strong>Podle posledn\u00edch ofici\u00e1ln\u00edch \u00fadaj\u016f za\u010dal prudce r\u016fst po\u010det diagnostikovan\u00fdch rakovin na 100 000 obyvatel. Jist\u011b je na m\u00edst\u011b se nad strm\u00fdm r\u016fstem k\u0159ivky zamyslet.<\/strong><\/p>\n<div id=\"obrazky\">\n<div class=\"field field-name-field-obrazek field-type-image field-label-hidden\">\n<div class=\"field-items\">\n<div class=\"field-item even\"><img decoding=\"async\" loading=\"lazy\" class=\"aligncenter\" src=\"https:\/\/www.evahrindova.cz\/sites\/default\/files\/444213420_3732392820359096_2084764590607390913_n.jpg\" alt=\"\" width=\"673\" height=\"502\" \/><\/div>\n<\/div>\n<\/div>\n<\/div>\n<div class=\"cleardiv\"><\/div>\n<div class=\"cleardiv\">Rakovina je nejv\u00edc podporovan\u00e1 nemoc \u2013 samoz\u0159ejm\u011b ohledn\u011b v\u00fdzkumu. Investuje se do zkoum\u00e1n\u00ed v\u0161eho mo\u017en\u00e9ho okolo rakoviny asi nejv\u00edc. M\u011bla by to b\u00fdt nejprob\u00e1dan\u011bj\u0161\u00ed nemoc. Kdesi jsem ale vid\u011bla graf, kter\u00fd odhaloval zaj\u00edmavou souvislost \u2013 mno\u017estv\u00ed pen\u011bz investovan\u00fdch do v\u00fdzkumu rakoviny nem\u00e1 vliv na jej\u00ed \u010detnost. Stejn\u011b jako nem\u00e1 vliv to, \u017ee st\u00e1le m\u00e9n\u011b lid\u00ed kou\u0159\u00ed, ale rakoviny plic st\u00e1le p\u0159ib\u00fdv\u00e1.<\/div>\n<div class=\"text\">\n<div class=\"field field-name-body field-type-text-with-summary field-label-hidden\">\n<div class=\"field-items\">\n<div class=\"field-item even\">\n<p>Cel\u00e9 to na m\u011b p\u016fsob\u00ed velmi podivn\u011b. Jako by ten v\u00fdzkum m\u00edjel prav\u00e9 p\u0159\u00ed\u010diny vzniku rakoviny. Mo\u017en\u00e1 je cel\u00e1 koncepce v\u00fdzkumu zam\u011b\u0159ena nespr\u00e1vn\u00fdm sm\u011brem. Proto\u017ee je evidentn\u00ed, \u017ee se v\u011bdci a l\u00e9ka\u0159i pot\u00e1c\u00ed ve slep\u00fdch uli\u010dk\u00e1ch. Mo\u017en\u00e1 jsou p\u0159\u00ed\u010diny rakoviny i jinde ne\u017e v\u00a0kou\u0159en\u00ed a v\u00a0nezdrav\u00e9m \u017eivotn\u00edm stylu. Mo\u017en\u00e1 prevence rakoviny netkv\u00ed jen a pouze v\u00a0pravideln\u00fdch prohl\u00eddk\u00e1ch, kter\u00e9 p\u0159\u00edpadnou rakovinu m\u016f\u017ee odhalit v\u00a0\u010dasn\u00e9m st\u00e1diu. To nen\u00ed prevence, to je jen v\u010dasn\u00e1 diagnostika \u2013 na vznik nemoci takov\u00e1 prohl\u00eddka p\u0159ece nem\u00e1 \u017e\u00e1dn\u00fd omezuj\u00edc\u00ed vliv.<\/p>\n<p>To jsou v\u0161echno ot\u00e1zky, kter\u00e9 je relevantn\u00ed pokl\u00e1dat. Nem\u00e1m ale pocit, \u017ee by medic\u00ednsk\u00e1 obec takov\u00e9 ot\u00e1zky kladla. Pokud uvid\u00edme l\u00e9ka\u0159e nebo v\u011bdce, kter\u00fd m\u00e1 pochybnosti o zvolen\u00fdch cest\u00e1ch a p\u0159\u00edstupu k\u00a0nahl\u00ed\u017een\u00ed na rakovinu, v\u011bt\u0161inou brzy dostane bludn\u00fd balvan nebo se pot\u00e1c\u00ed prakticky v\u00a0re\u017eimu utajen\u00ed n\u011bkde na okraji\u00a0v\u011bdy a zdravotnick\u00e9ho syst\u00e9mu.<\/p>\n<p>Kdy\u017e se pod\u00edv\u00e1me na posledn\u00ed graf, m\u016f\u017eeme z\u00a0k\u0159ivky mnoh\u00e9 odvodit jen pou\u017eit\u00edm rozumu. Vid\u00edme m\u00edrn\u00fd n\u00e1r\u016fst, kter\u00fd se v\u00a0covidov\u00fdch letech zastavil a vid\u00edme m\u00edrn\u00fd pokles. Je to logick\u00e9, lid\u00e9 nemohli chodit k\u00a0l\u00e9ka\u0159\u016fm a bylo tak diagnostikov\u00e1no m\u00e9n\u011b p\u0159\u00edpad\u016f. Po covidu ale k\u0159ivka za\u010dala strm\u011b r\u016fst. Ka\u017ed\u00e9ho napadne, co se mohlo asi st\u00e1t? Narostl po\u010det l\u00e9ka\u0159\u016f a pracovi\u0161\u0165, kter\u00e9 prov\u00e1d\u011bj\u00ed diagnostiku?\u00a0 Asi t\u011b\u017eko, proto\u017ee neust\u00e1le sly\u0161\u00edme o probl\u00e9mech, st\u00e1vk\u00e1ch, v\u00fdpov\u011bd\u00edch. V\u00a0tom\u00a0to asi nebude.<\/p>\n<p>Tak u\u017e zb\u00fdvaj\u00ed jen dv\u011b mo\u017enosti. Bu\u010f jsou lid\u00e9 po covidu v\u00edc vystra\u0161en\u00ed a chod\u00ed \u010dast\u011bji k\u00a0l\u00e9ka\u0159i, v\u00edce se pozoruj\u00ed, maj\u00ed v\u011bt\u0161\u00ed strach, a i celkov\u00e1 spole\u010densk\u00e1 situace nahr\u00e1v\u00e1 obav\u00e1m a v\u011bt\u0161\u00edm celospole\u010densk\u00fdm negativn\u00edm obav\u00e1m. Nebo se stalo n\u011bco, co skokov\u011b mohlo zdravotn\u00ed stav lid\u00ed zhor\u0161it. Tady p\u0159ipad\u00e1 do \u00favahy jedin\u00e1 v\u011bc, kter\u00e1 zvn\u011bj\u0161ku zat\u00ed\u017eila imunitn\u00ed syst\u00e9m lid\u00ed v\u00a0ur\u010dit\u00e9m obdob\u00ed. O\u010dkov\u00e1n\u00ed mRNA vakc\u00ednami.<\/p>\n<p>Skute\u010dn\u00e1 v\u011bda by se za\u010dala t\u011bmito souvislostmi zab\u00fdvat. Skute\u010dn\u00e1 v\u011bda by prozkoum\u00e1vala V\u0160ECHNY souvislosti a hledala by cesty, kter\u00e9 by vedly k\u00a0pochopen\u00ed V\u0160ECH princip\u016f a p\u0159\u00ed\u010din vzniku rakoviny. Proto\u017ee by\u0165 se neust\u00e1le mnoz\u00ed oh\u00e1n\u00ed modern\u00ed v\u011bdou jako n\u00e1bo\u017eensk\u00fdm dogmatem, ve skute\u010dnosti jsme se ohledn\u011b zkoum\u00e1n\u00ed rakoviny neposunuli nikam,\u00a0co\u017e dokl\u00e1daj\u00ed v\u0161echna dostupn\u00e1 \u010d\u00edsla a statistiky.<\/p>\n<p>Jsme tedy sv\u011bdky neust\u00e1l\u00e9ho h\u00e1zen\u00ed cihel do studny a \u00fadivu nad t\u00edm, \u017ee cihla neplave na hladin\u011b. A tak tam hod\u00edme dal\u0161\u00ed a dal\u0161\u00ed a smutn\u011b pozorujeme, jak cihla pad\u00e1 ke dnu a oproti na\u0161im p\u0159edpoklad\u016fm st\u00e1le neplave a neplave. My dnes vyhled\u00e1v\u00e1me rakovinu a l\u00e9\u010d\u00edme ji ne v\u017edy spolehliv\u00fdmi zp\u016fsoby, m\u00edsto toho, abychom zkoumali p\u0159\u00ed\u010diny VZNIKU nemoci. Sna\u017e\u00edme se n\u00e1dory zab\u00edjet agresivn\u00ed chemi\u00ed a nezab\u00fdv\u00e1me se t\u00edm, \u017ee mnoz\u00ed takovou l\u00e9\u010dbu nemaj\u00ed \u0161anci p\u0159e\u017e\u00edt.\u00a0Ohledn\u011b skute\u010dn\u00e9 prevence se ned\u011bl\u00e1 NIC.<\/p>\n<p>Kdo m\u00e1 mozek v\u00a0hlav\u011b a nen\u00ed omezen finan\u010dn\u00ed zainteresovanost\u00ed na v\u00fdzkumu nebo l\u00e9\u010db\u011b, mus\u00ed to vid\u011bt. Je nutn\u00e9 hledat cesty, kter\u00e9 z\u00a0r\u016fzn\u00fdch d\u016fvod\u016f v\u011bda opom\u00edj\u00ed. Cesty posilov\u00e1n\u00ed imunity, pr\u00e1ce s\u00a0emocemi, vliv chemie v\u00a0l\u00e9c\u00edch, vakc\u00edn\u00e1ch a potravin\u00e1ch.<\/p>\n<p>M\u00edsto toho uvid\u00edme, jak si nad grafem se strmou k\u0159ivkou zase odpov\u011bdn\u00ed sednou a dohodnou se, \u017ee se bude d\u011blat v\u00edce diagnostiky, podpo\u0159\u00ed se v\u00fdzkum (kter\u00fd zat\u00edm na po\u010det onemocn\u011bn\u00ed nem\u011bl \u017e\u00e1dn\u00fd vliv) a do lid\u00ed se zase \u201enapere\u201c v\u00edce chemie. Vliv mRNA vakc\u00edn nikdo zkoumat nebude, proto\u017ee to by na\u0161tvalo mocn\u00e9 farmaceutick\u00e9 firmy.<\/p>\n<p>Jak jinak si to setrv\u00e1v\u00e1n\u00ed ve slep\u00fdch uli\u010dk\u00e1ch vysv\u011btlit?<\/p>\n<p><a href=\"https:\/\/www.evahrindova.cz\/ach-ta-rkaovina\">Eva Hrindov\u00e1<\/a><\/p>\n<p><a href=\"https:\/\/stranapro.cz\/\"><img decoding=\"async\" loading=\"lazy\" class=\"wp-image-53371 aligncenter\" src=\"http:\/\/www.infokuryr.cz\/n\/wp-content\/uploads\/2024\/05\/pro-6-volby-300x169.jpg\" alt=\"\" width=\"850\" height=\"479\" srcset=\"https:\/\/www.infokuryr.cz\/n\/wp-content\/uploads\/2024\/05\/pro-6-volby-300x169.jpg 300w, https:\/\/www.infokuryr.cz\/n\/wp-content\/uploads\/2024\/05\/pro-6-volby.jpg 785w\" sizes=\"(max-width: 850px) 100vw, 850px\" \/><\/a><\/p>\n<\/div>\n<p>&nbsp;<\/p>\n<\/div>\n<\/div>\n<\/div>\n","protected":false},"excerpt":{"rendered":"<p>Podle posledn\u00edch ofici\u00e1ln\u00edch \u00fadaj\u016f za\u010dal prudce r\u016fst po\u010det diagnostikovan\u00fdch rakovin na 100 000 obyvatel. Jist\u011b&#8230;<\/p>\n","protected":false},"author":2,"featured_media":8138,"comment_status":"closed","ping_status":"closed","sticky":false,"template":"","format":"standard","meta":[],"categories":[6],"tags":[1503,694,1366,96,651],"_links":{"self":[{"href":"https:\/\/www.infokuryr.cz\/n\/wp-json\/wp\/v2\/posts\/54443"}],"collection":[{"href":"https:\/\/www.infokuryr.cz\/n\/wp-json\/wp\/v2\/posts"}],"about":[{"href":"https:\/\/www.infokuryr.cz\/n\/wp-json\/wp\/v2\/types\/post"}],"author":[{"embeddable":true,"href":"https:\/\/www.infokuryr.cz\/n\/wp-json\/wp\/v2\/users\/2"}],"replies":[{"embeddable":true,"href":"https:\/\/www.infokuryr.cz\/n\/wp-json\/wp\/v2\/comments?post=54443"}],"version-history":[{"count":0,"href":"https:\/\/www.infokuryr.cz\/n\/wp-json\/wp\/v2\/posts\/54443\/revisions"}],"wp:featuredmedia":[{"embeddable":true,"href":"https:\/\/www.infokuryr.cz\/n\/wp-json\/wp\/v2\/media\/8138"}],"wp:attachment":[{"href":"https:\/\/www.infokuryr.cz\/n\/wp-json\/wp\/v2\/media?parent=54443"}],"wp:term":[{"taxonomy":"category","embeddable":true,"href":"https:\/\/www.infokuryr.cz\/n\/wp-json\/wp\/v2\/categories?post=54443"},{"taxonomy":"post_tag","embeddable":true,"href":"https:\/\/www.infokuryr.cz\/n\/wp-json\/wp\/v2\/tags?post=54443"}],"curies":[{"name":"wp","href":"https:\/\/api.w.org\/{rel}","templated":true}]}}