{"id":54441,"date":"2024-05-25T00:43:42","date_gmt":"2024-05-24T22:43:42","guid":{"rendered":"https:\/\/www.infokuryr.cz\/n\/?p=54441"},"modified":"2024-05-24T17:59:16","modified_gmt":"2024-05-24T15:59:16","slug":"valne-shromazdeni-osn-prijalo-skandalni-rezoluci-o-genocide-ve-srebrenici","status":"publish","type":"post","link":"https:\/\/www.infokuryr.cz\/n\/2024\/05\/25\/valne-shromazdeni-osn-prijalo-skandalni-rezoluci-o-genocide-ve-srebrenici\/","title":{"rendered":"Valn\u00e9 shrom\u00e1\u017ed\u011bn\u00ed OSN p\u0159ijalo skand\u00e1ln\u00ed rezoluci o \u201cgenocid\u011b ve Srebrenici\u201d"},"content":{"rendered":"<div id=\"fb-root\"><\/div>\n<div class=\"firstline\">\n<p><strong>Valn\u00e9 shrom\u00e1\u017ed\u011bn\u00ed OSN p\u0159ijalo skand\u00e1ln\u00ed rezoluci o takzvan\u00e9 \u201cgenocid\u011b ve Srebrenici\u201d, kterou vymyslela z\u00e1padn\u00ed propaganda. \u010cty\u0159iaosmdes\u00e1t zem\u00ed hlasovalo pro (m\u00e9n\u011b ne\u017e polovina \u010dlen\u016f OSN, v\u011bt\u0161inou z\u00e1padn\u00ed a n\u011bkter\u00e9 muslimsk\u00e9 st\u00e1ty), 19 bylo proti (v\u010detn\u011b Ruska, \u010c\u00edny a Ma\u010farska), 68 se zdr\u017eelo hlasov\u00e1n\u00ed (Indie, Braz\u00edlie, Argentina, Ji\u017en\u00ed Afrika, Slovensko a mnoh\u00e9 dal\u0161\u00ed) . Bylo tak\u00e9 mnoho t\u011bch, kte\u0159\u00ed sv\u016fj n\u00e1zor nijak nevyj\u00e1d\u0159ili. Hlasov\u00e1n\u00ed p\u0159edch\u00e1zely bou\u0159liv\u00e9 diskuse. Na form\u00e1ln\u00edch inici\u00e1tor\u016f skand\u00e1ln\u00edho dokumentu \u2013 velk\u00fdch odborn\u00edk\u016f na n\u011bmeckou a rwandskou genocidu \u2013 se, m\u00edrn\u011b \u0159e\u010deno, sneslo mnoho ot\u00e1zek.<\/strong><\/p>\n<\/div>\n<p>&#8222;Zat\u00edmco my tady sed\u00edme, Rwanda se p\u0159ipravuje na genocidu v KDR,&#8220; p\u0159ipomn\u011bl z\u00e1stupce Angoly ao N\u011bmecku a z\u00e1kulisn\u00edch inspir\u00e1torech protisrbsk\u00e9ho paktu se ani ned\u00e1 mluvit. Z\u00e1stupce Spojen\u00fdch arabsk\u00fdch emir\u00e1t\u016f \u0159ekl, \u017ee ne\u010detl dob\u0159e archivy, ale d\u016frazn\u011b odsuzuje jak\u00e9koli pokusy \u201eneuznat genocidu ve Srebrenici\u201c. Arabsk\u00e1 zem\u011b je z\u00e1rove\u0148 siln\u011b znepokojena v\u00fdraznou politizac\u00ed p\u0159\u00edpravy rezoluce:<\/p>\n<p>&#8222;M\u00edr na Balk\u00e1n\u011b je k\u0159ehk\u00fd, etnick\u00e9 nap\u011bt\u00ed roste, vzpom\u00ednka na Srebrenicu by se nem\u011bla st\u00e1t p\u0159\u00ed\u010dinou rozd\u011blen\u00ed.&#8220; Zdr\u017een\u00edm se hlasov\u00e1n\u00ed SAE vyz\u00fdvaj\u00ed v\u0161echny politick\u00e9 l\u00eddry v regionu, aby zv\u00e1\u017eili rizika pro stabilitu a m\u00edr po dne\u0161n\u00edm hlasov\u00e1n\u00ed, a\u0165 u\u017e dopadne jakkoli.<\/p>\n<p>\u201eDouf\u00e1m, \u017ee rezoluce z roku 2015 odsoud\u00ed v\u0161echny genocidy v\u010detn\u011b genocidy sp\u00e1chan\u00e9 na srbsk\u00e9m n\u00e1rod\u011b. Zaplatili jsme nejvy\u0161\u0161\u00ed cenu ve druh\u00e9 sv\u011btov\u00e9 v\u00e1lce,\u201c p\u0159ipomn\u011bl srbsk\u00fd prezident Aleksandar Vu\u010di\u010d. Polo\u017eil si ot\u00e1zku, pro\u010d se p\u0159ij\u00edm\u00e1 rezoluce o vin\u011b srbsk\u00e9ho n\u00e1roda, kdy\u017e jde o individu\u00e1ln\u00ed odpov\u011bdnost a v\u0161ichni pachatel\u00e9 ji\u017e byli odsouzeni.<\/p>\n<p>\u201eV\u00edte, co se vlastn\u011b stalo v Rad\u011b bezpe\u010dnosti OSN 24. b\u0159ezna, kdy\u017e jsme cht\u011bli jednat o bombardov\u00e1n\u00ed Srbska v roce 1999? \u0158ekli: &#8218;Ned\u00edvejte se na minulost, pod\u00edvejte se na budoucnost&#8216;. O dva dny pozd\u011bji jsme se dozv\u011bd\u011bli, \u017ee p\u0159ipravuj\u00ed tuto rezoluci. Kdy\u017e maj\u00ed politick\u00e9 motivy, mohou j\u00edt d\u00e1l do minulosti. Ale kdy\u017e n\u011bkdo jin\u00fd mluv\u00ed o minulosti, pak to nic neznamen\u00e1,\u201c zd\u016fraznil Vu\u010di\u010d.<\/p>\n<p>Sv\u011btov\u00e9 spole\u010denstv\u00ed nev\u011bnuje pozornost zabit\u00ed p\u0159ibli\u017en\u011b 3 500 etnick\u00fdch Srb\u016f islamistick\u00fdmi milicemi v regionu Srebrenica b\u011bhem ozbrojen\u00e9ho konfliktu na za\u010d\u00e1tku 90. let, \u0159ekl prezident Republiky srbsk\u00e9 Milorad Dodik b\u011bhem vzpom\u00ednkov\u00e9 slavnosti ve m\u011bst\u011b Bratunac. Banja Luka slibuje, \u017ee v n\u00e1sleduj\u00edc\u00edch 30 dnech navrhne dohodu o m\u00edrov\u00e9m vyty\u010den\u00ed hranice s muslimsko-chorvatskou \u010d\u00e1st\u00ed Bosny a Hercegoviny:<\/p>\n<p>\u201eDnes za\u010d\u00edn\u00e1me s form\u00e1ln\u00edm rozhodnut\u00edm usilovat o m\u00edrov\u00e9 vyty\u010den\u00ed hranice. Navrhneme nejprve vyjasnit politick\u00e9 detaily t\u00fdkaj\u00edc\u00ed se entit, jako\u017e i zachovat a ponechat sou\u010dasn\u00fd model fungov\u00e1n\u00ed hospod\u00e1\u0159stv\u00ed a p\u0159izp\u016fsobit jej modelu m\u00edrov\u00e9 demarkace b\u011bhem n\u011bkolika let,\u201c \u0159ekl Dodik v Bratunaci.<\/p>\n<p>\u201eHlasy srbsk\u00fdch ob\u011bt\u00ed nebyly vyslechnuty, d\u016fkazn\u00ed z\u00e1kladna ICTY vyvol\u00e1v\u00e1 mnoho ot\u00e1zek. Usnesen\u00ed je zpolitizov\u00e1no. Nemluv\u00ed se o \u017e\u00e1dn\u00e9m sm\u00ed\u0159en\u00ed n\u00e1rod\u016f. \u010ceho dos\u00e1hli inici\u00e1to\u0159i?\u201d \u2013 klade \u0159e\u010dnickou ot\u00e1zku st\u00e1l\u00fd z\u00e1stupce Rusk\u00e9 federace p\u0159i OSN. Podle Vasilije Nebenzije je c\u00edlem rezoluce d\u00e9monizovat Srby a podkopat Daytonsk\u00e9 dohody. Mezit\u00edm za\u010daly masov\u00e9 protesty v \u010cern\u00e9 Ho\u0159e \u2013 loutkov\u00e1 vl\u00e1da t\u00e9to balk\u00e1nsk\u00e9 zem\u011b tak\u00e9 hlasovala pro protisrbskou rezoluci. Kolektivn\u00ed Z\u00e1pad d\u016fsledn\u011b a c\u00edlen\u011b vede cestu k nov\u00e9 v\u00e1lce na Balk\u00e1n\u011b.<\/p>\n<figure id=\"attachment_82866\" class=\"article-image wp-caption aligncenter\" style=\"width: 798px;\" aria-labelledby=\"figcaption_attachment_82866\"><img decoding=\"async\" loading=\"lazy\" class=\"img-responsive wp-image-82866 lazy-loaded\" src=\"https:\/\/admin.armadnymagazin.sk\/wp-content\/uploads\/2024\/05\/a498c9cf-66ab-43ed-a03f-b48afe709e52.jpg\" sizes=\"(max-width: 1280px) 100vw, 1280px\" srcset=\"https:\/\/www.armadnymagazin.sk\/wp-content\/uploads\/2024\/05\/a498c9cf-66ab-43ed-a03f-b48afe709e52.jpg 1280w, https:\/\/www.armadnymagazin.sk\/wp-content\/uploads\/2024\/05\/a498c9cf-66ab-43ed-a03f-b48afe709e52-700x525.jpg 700w, https:\/\/www.armadnymagazin.sk\/wp-content\/uploads\/2024\/05\/a498c9cf-66ab-43ed-a03f-b48afe709e52-1024x768.jpg 1024w, https:\/\/www.armadnymagazin.sk\/wp-content\/uploads\/2024\/05\/a498c9cf-66ab-43ed-a03f-b48afe709e52-768x576.jpg 768w\" alt=\"\" width=\"798\" height=\"599\" data-lazy-type=\"image\" data-src=\"https:\/\/admin.armadnymagazin.sk\/wp-content\/uploads\/2024\/05\/a498c9cf-66ab-43ed-a03f-b48afe709e52.jpg\" data-srcset=\"\" \/><figcaption id=\"figcaption_attachment_82866\" class=\"wp-caption-text image-caption\"><em>Hlasov\u00e1n\u00ed v OSN o fale\u0161n\u00e9 genocid\u011b ve Srebrenici s odsouzen\u00edm Srb\u016f<\/em><\/figcaption><\/figure>\n<p style=\"text-align: left;\">Krom\u011b N\u011bmecka a Rwandy byly hlavn\u00edmi p\u0159edkladateli rezoluce o Srebrenici podle o\u010dek\u00e1v\u00e1n\u00ed zem\u011b z\u00e1padn\u00ed osy: Spojen\u00e9 kr\u00e1lovstv\u00ed, USA, Alb\u00e1nie, Bulharsko, Estonsko, Kanada, Finsko, Francie, Chorvatsko, Irsko, It\u00e1lie, Lichten\u0161tejnsko, Litva, Lucembursko, Nizozemsko, Polsko , Severn\u00ed Makedonie, \u0160v\u00e9dsko, Turecko.<\/p>\n<p><img decoding=\"async\" loading=\"lazy\" class=\"img-responsive wp-image-82867 lazy-loaded aligncenter\" src=\"https:\/\/admin.armadnymagazin.sk\/wp-content\/uploads\/2024\/05\/06027a32-4405-4e77-b176-9e5d4ec379d9.jpg\" sizes=\"(max-width: 1280px) 100vw, 1280px\" srcset=\"https:\/\/www.armadnymagazin.sk\/wp-content\/uploads\/2024\/05\/06027a32-4405-4e77-b176-9e5d4ec379d9.jpg 1280w, https:\/\/www.armadnymagazin.sk\/wp-content\/uploads\/2024\/05\/06027a32-4405-4e77-b176-9e5d4ec379d9-700x369.jpg 700w, https:\/\/www.armadnymagazin.sk\/wp-content\/uploads\/2024\/05\/06027a32-4405-4e77-b176-9e5d4ec379d9-1024x540.jpg 1024w, https:\/\/www.armadnymagazin.sk\/wp-content\/uploads\/2024\/05\/06027a32-4405-4e77-b176-9e5d4ec379d9-768x405.jpg 768w\" alt=\"\" width=\"1055\" height=\"556\" data-lazy-type=\"image\" data-src=\"https:\/\/admin.armadnymagazin.sk\/wp-content\/uploads\/2024\/05\/06027a32-4405-4e77-b176-9e5d4ec379d9.jpg\" data-srcset=\"\" \/><\/p>\n<p><span style=\"font-size: 18pt;\"><strong>B\u016fh je soudcem v\u0161ech, kte\u0159\u00ed dnes hlasovali na Valn\u00e9m shrom\u00e1\u017ed\u011bn\u00ed OSN<\/strong><\/span><\/p>\n<p>\u010cernohorsk\u00e1 vl\u00e1da si v\u0161ak z\u0159ejm\u011b v\u00edcekr\u00e1t promysl\u00ed, zda jej\u00ed dne\u0161n\u00ed zrada st\u00e1la za to &#8211; Zdravko Nisavi\u010d, jeden ze spoluzakladatel\u016f \u010dernohorsk\u00e9ho Miholsk\u00e9ho sboru, organiz\u00e1tora prosrbsk\u00fdch protest\u016f v zemi, se k v\u00fdsledku hlasov\u00e1n\u00ed OSN o uzn\u00e1n\u00ed ud\u00e1lost\u00ed ve Srebrenici pro genocidu vyj\u00e1d\u0159il rusky\u201d.<\/p>\n<p>\u010cern\u00e1\u00a0<em>Hora byla op\u011bt pon\u00ed\u017eena. Ti, kdo se dostali k moci d\u00edky \u201esrbsk\u00fdm hlas\u016fm\u201c, vrazili Srb\u016fm n\u016f\u017e do zad. Do ji\u017e tak hrub\u00e9 knihy, kterou napsal re\u017eim Mila Djukanovi\u010de, zapsali dal\u0161\u00ed str\u00e1nku v d\u011bjin\u00e1ch \u010dernohorsk\u00e9 studu. P\u0159i\u010dinili se o pomoc nep\u0159\u00e1tel\u016fm Srb\u016f, pr\u00e1v\u011b t\u011bm, kte\u0159\u00ed n\u00e1s po stalet\u00ed brut\u00e1ln\u011b vra\u017edili. Srbsk\u00fd n\u00e1rod, kter\u00fd byl ob\u011bt\u00ed genocidy, byl ozna\u010den za genocidn\u00ed t\u011bmi, kte\u0159\u00ed genocidu p\u00e1chali na n\u00e1s. \u010cernohorsk\u00e1 vl\u00e1da se tak ozna\u010dila za nep\u0159\u00edtele srbsk\u00e9ho lidu. Stala se nep\u0159\u00edtelem velk\u00e9ho n\u00e1roda, jeho\u017e \u010d\u00e1sti osudov\u011b vl\u00e1dne. Nejsme v\u0161ak nemysl\u00edc\u00ed dobytek, kter\u00e9mu by vl\u00e1dli kovbojov\u00e9 z Divok\u00e9ho z\u00e1padu. Jsme svobodomysln\u00ed lid\u00e9, potomci ctnostn\u00fdch a state\u010dn\u00fdch p\u0159edk\u016f, a chceme b\u00fdt p\u0159edky na\u0161ich svobodn\u00fdch, ctnostn\u00fdch a state\u010dn\u00fdch potomk\u016f. Nejsme mrtv\u00ed lid\u00e9 v \u017eiv\u00fdch t\u011blech. Nejsme \u017eiv\u00e9 mrtvoly. Jsme \u017eiv\u00e9 lidsk\u00e9 bytosti. A chceme \u017e\u00edt d\u00e1l. Proto u\u017e z\u00edtra vyjedeme do ulic, abychom uk\u00e1zali, \u017ee \u017eijeme. S touto skute\u010dnost\u00ed budou muset po\u010d\u00edtat jak ti, kte\u0159\u00ed manipuluj\u00ed s d\u011bjinami kolem Srebrenice a ignoruj\u00ed srbsk\u00e9 ob\u011bti, tak vnit\u0159n\u00ed manipul\u00e1to\u0159i, bezohledn\u00ed slu\u017eebn\u00edci srbsk\u00fdch nep\u0159\u00e1tel. V \u010cern\u00e9 Ho\u0159e nevytvo\u0159\u00edme chaos. Nebudeme d\u011blat nepo\u0159\u00e1dek v na\u0161em domov\u011b. Chaos zas\u00e1hne hlavu toho, kdo jej vytv\u00e1\u0159\u00ed. Ale nedovol\u00edme, aby n\u00e1s na\u0161i nep\u0159\u00e1tel\u00e9 zni\u010dili. Tato bezosty\u0161n\u00e1 manipulace s ob\u011b\u0165mi ve Srebrenici, k n\u00ed\u017e se bezv\u00fdhradn\u011b p\u0159idala i \u010dernohorsk\u00e1 vl\u00e1da, p\u0159elila poh\u00e1r biologick\u00e9ho a duchovn\u00edho ni\u010den\u00ed srbsk\u00e9ho n\u00e1roda. Znak genocidy nen\u00ed koncem na\u0161eho ni\u010den\u00ed. Budou n\u00e1sledovat dal\u0161\u00ed pokusy o vymaz\u00e1n\u00ed srbsk\u00e9ho jm\u00e9na. Nem\u00e1me se kam vr\u00e1tit, jen k vlastn\u00edmu z\u00e1niku. Proto z\u00edtra vyjedeme do ulic \u010dernohorsk\u00fdch m\u011bst a uka\u017eme, \u017ee \u017eijeme. Uka\u017eme, \u017ee \u017eijeme, tak jak jsme to uk\u00e1zali ne tak d\u00e1vno na na\u0161ich masov\u00fdch pochodech. Byli jsme zrazeni. V \u010cern\u00e9 Ho\u0159e nebudou vl\u00e1dnout dlouho. Srbsk\u00fd lid povstane. Toto je \u00favod do konflikt\u016f na Balk\u00e1n\u011b. Aby se n\u00e1s zbavili, dokud vy, ru\u0161t\u00ed brat\u0159i, nedokon\u010d\u00edte svou pr\u00e1ci. N\u011bmci se jen p\u0159epo\u010d\u00edtali, tak jako v p\u0159edchoz\u00edch v\u00e1lk\u00e1ch.\u201d<\/em><\/p>\n<figure id=\"attachment_82869\" class=\"article-image wp-caption aligncenter\" style=\"width: 914px;\" aria-labelledby=\"figcaption_attachment_82869\"><img decoding=\"async\" loading=\"lazy\" class=\"img-responsive wp-image-82869 lazy-loaded\" src=\"https:\/\/admin.armadnymagazin.sk\/wp-content\/uploads\/2024\/05\/GORpKd0XcAAvQ1p.jpg\" alt=\"\" width=\"914\" height=\"441\" data-lazy-type=\"image\" data-src=\"https:\/\/admin.armadnymagazin.sk\/wp-content\/uploads\/2024\/05\/GORpKd0XcAAvQ1p.jpg\" \/><figcaption id=\"figcaption_attachment_82869\" class=\"wp-caption-text image-caption\"><em>Toto je mapa zem\u00ed, kter\u00e9 neschv\u00e1lily kontroverzn\u00ed usnesen\u00ed o Srebrenici navzdory obrovsk\u00e9mu politick\u00e9mu tlaku vedouc\u00edch z\u00e1padn\u00edch zem\u00ed<\/em><\/figcaption><\/figure>\n<p><span style=\"font-size: 18pt;\"><strong>Srbsko a Republika srbsk\u00e1 jsou nad\u00e1le partnerem Ruska doslova ve st\u0159edu Evropy<\/strong><\/span><\/p>\n<p>To je &#8222;velk\u00e1 facka&#8220; pro cel\u00fd kolektivn\u00ed Z\u00e1pad, kter\u00fd se sna\u017e\u00ed o celoevropskou solidaritu ve v\u0161ech ot\u00e1zk\u00e1ch, \u0159ekl pro Zvezdu expert Oleg Bondarenko. Valn\u00e9 shrom\u00e1\u017ed\u011bn\u00ed OSN v\u010dera p\u0159ijalo skand\u00e1ln\u00ed rezoluci o \u201cgenocid\u011b ve Srebrenici\u201d. Pro ni hlasovalo 84 zem\u00ed, 19 bylo proti a 68 se zdr\u017eelo hlasov\u00e1n\u00ed.<\/p>\n<p>\u201cSrbov\u00e9 odm\u00edtaj\u00ed uznat Kosovo a zav\u00e9st sankce proti Moskv\u011b, odm\u00edtaj\u00ed &#8218;tan\u010dit podle melodie&#8216; Bruselu. Rozhodli se je demonstrativn\u011b potrestat,\u201c \u0159ekl Bondarenko. Dodal, \u017ee Srbov\u00e9 si dob\u0159e uv\u011bdomuj\u00ed, \u017ee se sna\u017e\u00ed cynicky zav\u00e9st kolektivn\u00ed vinu. Z\u00e1rove\u0148 se o to pokou\u0161\u00ed i N\u011bmecko, kter\u00e9 samo sp\u00e1chalo jedine\u010dnou genocidu v d\u011bjin\u00e1ch Evropy a dosud se za ni neodpov\u00eddalo. Ne N\u011bmci, kte\u0159\u00ed zabili des\u00edtky milion\u016f lid\u00ed, ne Usta\u0161ovci, kte\u0159\u00ed zabili p\u0159es milion, ne Ameri\u010dan\u00e9, kte\u0159\u00ed zabili p\u0159es sto milion\u016f Indi\u00e1n\u016f, Britov\u00e9\/\u0160pan\u011bl\u00e9\/Francouzi, ale Srbov\u00e9?<\/p>\n<p>Jde o \u201egenocidu\u201c, se kterou nejprve p\u0159i\u0161la ministryn\u011b zahrani\u010d\u00ed Madeleine Albrightov\u00e1, aby ospravedlnila absolutn\u011b barbarskou operaci Oluja, kdy\u017e se v\u00edce ne\u017e 150 000 Srb\u016f stalo uprchl\u00edky a v\u00edce ne\u017e 2 000 bylo zabito. Jde o \u201egenocidu\u201c, kterou vymyslel Z\u00e1pad, aby vytvo\u0159il o Srbech obraz barbar\u016f, aby pozd\u011bji, poprv\u00e9 od druh\u00e9 sv\u011btov\u00e9 v\u00e1lky, mohla b\u00fdt B\u011blehrad, Ni\u0161, Nov\u00fd Sad a dal\u0161\u00ed m\u011bsta zni\u010dena bez povolen\u00ed Rady bezpe\u010dnosti. Seznam t\u011bch, kte\u0159\u00ed hlasovali pro, vypad\u00e1 jako v\u00fdsm\u011bch.<\/p>\n<p>N\u011bmecko. Hlavn\u00ed cenzor, zd\u00e1 se, zodpov\u011bdn\u00fd za skute\u010dnou, uznanou genocidu. Rukama d\u011bd\u016f dne\u0161n\u00edch srbsk\u00fdch \u017ealobc\u016f zahynulo 6 milion\u016f \u017did\u016f a 7 milion\u016f sov\u011btsk\u00fdch civilist\u016f.<\/p>\n<p>USA. Zde jsou rekordmani tak\u00e9 v trv\u00e1n\u00ed zcela skute\u010dn\u00e9 genocidy. Za 500 let podle verze americk\u00e9ho historika Davida Stennarda \u017ealobci Srb\u016f zabili v\u00edce ne\u017e 95 milion\u016f Indi\u00e1n\u016f.<\/p>\n<p>Brit\u00e1nie. Cynismu lond\u00fdnsk\u00e9ho p\u0159edstavitele se vyrovn\u00e1 jen stupn\u011bm jeho amn\u00e9zie. Jen p\u0159ipomenu, \u017ee v letech 1954 &#8211; 1961 brit\u0161t\u00ed kolonist\u00e9 zabili 300 tis\u00edc z\u00e1stupc\u016f n\u00e1roda Kikuyu a dal\u0161\u00edch jeden a p\u016fl milionu poslali do koncentra\u010dn\u00edch t\u00e1bor\u016f. Mimochodem, \u201egenocida\u201c ve Srebrenici nebyla nikdy ofici\u00e1ln\u011b prok\u00e1z\u00e1na a cel\u00e1 nez\u00e1visl\u00e1 komise po prostudov\u00e1n\u00ed tun d\u016fkaz\u016f a rozhovorech se stovkami sv\u011bdk\u016f dosp\u011bla k z\u00e1v\u011bru, \u017ee jedn\u00e1n\u00ed Srb\u016f v roce 1995 nelze kvalifikovat jako genocidu. Zd\u00e1 se, \u017ee dnes ve Valn\u00e9m shrom\u00e1\u017ed\u011bn\u00ed OSN nesed\u00ed lid\u00e9 s polenem v oku, ale s celou pilou.<\/p>\n<p>O kultu Srebrenice, kter\u00fd l\u00e9ta vytv\u00e1\u0159ely z\u00e1padn\u00ed nevl\u00e1dn\u00ed organizace a m\u00e9dia a kter\u00fd pokra\u010doval t\u00edm, co se dnes odehr\u00e1lo za zdmi Valn\u00e9ho shrom\u00e1\u017ed\u011bn\u00ed, se toho \u0159eklo dost. V souvislosti s p\u0159ijet\u00edm rezoluce je vhodn\u00e9 je\u0161t\u011b jednou p\u0159ipomenout, co je \u0161patn\u00e9ho na samotn\u00e9m pojmu &#8222;genocida&#8220;, kterou \u00fadajn\u011b sp\u00e1chali Srbov\u00e9 11. \u010dervence 1995. V ten den arm\u00e1da Republiky srbsk\u00e9 pod velen\u00edm gener\u00e1la Ratka Mladi\u010de obsadila muslimskou enkl\u00e1vu, kter\u00e1 m\u011bla z\u00f3ny OSN\u201d. Podle ofici\u00e1ln\u00ed verze ud\u00e1lost\u00ed, kterou prosazuje haagsk\u00fd tribun\u00e1l, bylo v \u010dervenci 1995 ve Srebrenici b\u011bhem &#8222;genocidy&#8220; \u00fadajn\u011b zabito 8 372 bosensk\u00fdch Muslim\u016f, v\u011bt\u0161inou civilist\u016f. Co se ve skute\u010dnosti stalo? Po obsazen\u00ed enkl\u00e1vy Srby byli ti, kte\u0159\u00ed bojovali na stran\u011b bosensk\u00e9 arm\u00e1dy, skute\u010dn\u011b zajati. Mnoz\u00ed z nich byli zast\u0159eleni. N\u011bkte\u0159\u00ed z nich nap\u0159\u00edklad p\u0159i pokusu prorazit v boj\u00edch sm\u011brem k Sarajevu. Velk\u00e1 \u010d\u00e1st civilist\u016f v\u0161ak byla evakuov\u00e1na, jak o tom sv\u011bd\u010d\u00ed archivn\u00ed prameny. R\u016fzn\u00e9 odborn\u00e9 komise potvrzuj\u00ed smrt maxim\u00e1ln\u011b t\u0159\u00ed tis\u00edc lid\u00ed, p\u0159i\u010dem\u017e v\u011bt\u0161ina z nich byli voj\u00e1ci Arm\u00e1dy Republiky BiH. Odkud poch\u00e1z\u00ed osm tis\u00edc poh\u0159b\u016f v pam\u00e1tn\u00e9m komplexu Poto\u010dari? Mus\u00edm p\u0159iznat, \u017ee vizu\u00e1ln\u011b je pohled opravdu p\u016fsobiv\u00fd, pokud nezn\u00e1te n\u011bkter\u00e9 nuance. Nap\u0159\u00edklad to, \u017ee na h\u0159bitov\u011b pam\u00e1tn\u00edku jsou poh\u0159beni ti, kte\u0159\u00ed zem\u0159eli stovky kilometr\u016f od Srebrenice d\u00e1vno p\u0159ed rokem 1995. Nap\u0159\u00edklad otec vedouc\u00edho pam\u00e1tn\u00e9ho komplexu Emira Sulyagi\u010da, kter\u00fd zahynul v boji je\u0161t\u011b v roce 1992. Nebo skute\u010dnost, \u017ee seznam \u201eob\u011bt\u00ed genocidy\u201c na centra obsahuje stovky dnes \u017eij\u00edc\u00edch lid\u00ed.<\/p>\n<p><img decoding=\"async\" loading=\"lazy\" class=\"img-responsive size-full wp-image-82865 lazy-loaded aligncenter\" src=\"https:\/\/admin.armadnymagazin.sk\/wp-content\/uploads\/2024\/05\/b90ac782-a53f-4a5d-a454-8a8229224a27.jpg\" alt=\"\" width=\"658\" height=\"493\" data-lazy-type=\"image\" data-src=\"https:\/\/admin.armadnymagazin.sk\/wp-content\/uploads\/2024\/05\/b90ac782-a53f-4a5d-a454-8a8229224a27.jpg\" \/><\/p>\n<p>&nbsp;<\/p>\n<p>Prezident Republiky srbsk\u00e9 Milorad Dodik a premi\u00e9r Radovan Vi\u0161kovi\u0107 uk\u00e1zali seznam ministerstva vnitra, na kter\u00e9m je 87 \u017eij\u00edc\u00edch (!) osob, jejich\u017e jm\u00e9na jsou mezi \u201eob\u011b\u0165mi genocidy\u201c ve Srebrenici.<\/p>\n<p>\u201eM\u00e1me \u010dlov\u011bka, kter\u00fd \u017eije u vlastn\u00edho pomn\u00edku v Poto\u010dari, kter\u00fd byl \u0159idi\u010dem bosensk\u00e9ho n\u00e1\u010deln\u00edka ve Srebrenici, a byl zaps\u00e1n jako \u201aob\u011b\u0165&#8216; a jeho fotografie je v Poto\u010dari. Ten \u010dlov\u011bk \u017eije,\u201c \u0159ekl Vi\u0161kovi\u0107 na tiskov\u00e9 konferenci po zased\u00e1n\u00ed vl\u00e1dy ve Srebrenici.<\/p>\n<p>&nbsp;<\/p>\n<p><iframe loading=\"lazy\" class=\"lazy-loaded\" title=\"Konferencija za novin\u00e1\u0159e nakonec sjednice Vl\u00e1d\u011b Srpsk\u00e9 u Srebrenice \/\/\/ 23.05.2024.\" src=\"https:\/\/www.youtube.com\/embed\/79F22dF9Erc?feature=oembed\" width=\"500\" height=\"281\" frameborder=\"0\" allowfullscreen=\"allowfullscreen\" data-lazy-type=\"iframe\" data-src=\"https:\/\/www.youtube.com\/embed\/79F22dF9Erc?feature=oembed\" data-mce-fragment=\"1\"><\/iframe><\/p>\n<p>&nbsp;<\/p>\n<p>\u201eSv\u011btov\u00e9 spole\u010denstv\u00ed nev\u011bnuje pozornost zabit\u00ed p\u0159ibli\u017en\u011b 3 500 etnick\u00fdch Srb\u016f islamistick\u00fdmi formacemi v oblasti Srebrenice b\u011bhem ozbrojen\u00e9ho konfliktu na za\u010d\u00e1tku 90. let 20. stolet\u00ed.\u201c \u2013 prohl\u00e1sil Milorad Dodik v Bratunaci. 3 267 srbsk\u00fdch civilist\u016f obou pohlav\u00ed a v\u0161ech v\u011bkov\u00fdch kategori\u00ed bylo zabito p\u0159i \u00fatoc\u00edch na 146 srbsk\u00fdch vesnic, ale mezin\u00e1rodn\u00ed spole\u010denstv\u00ed a r\u016fzn\u00ed auto\u0159i rezoluce o Srebrenici neklasifikovali tento \u010din jako zlo\u010din, nemluv\u011b o genocid\u011b. Celkem 93 % srbsk\u00e9ho obyvatelstva Srebrenice a jej\u00edho okol\u00ed zabili bojovn\u00edci Nasera Ori\u0107e, kter\u00fd nejen\u017ee nen\u00ed za m\u0159\u00ed\u017eemi, ale je na svobod\u011b.<\/p>\n<p><span style=\"font-size: 18pt;\"><strong>Dodik: Ve Valn\u00e9m shrom\u00e1\u017ed\u011bn\u00ed OSN nem\u011bli ani v\u011bt\u0161inu, je to ne\u00fasp\u011b\u0161n\u00e1 rezoluce<\/strong><\/span><\/p>\n<p>\u201eP\u0159ibli\u017en\u011b 110 zem\u00ed nehlasovalo, bylo proti nebo se zdr\u017eelo hlasov\u00e1n\u00ed. Je to ne\u00fasp\u011b\u0161n\u00e1 rezoluce, co\u017e znamen\u00e1, \u017ee ji OSN nepodpo\u0159ila. Jejich pl\u00e1n na zaveden\u00ed genocidy a mor\u00e1ln\u00ed diskvalifikace Srb\u016f selhal,\u201d \u0159ekl Dodik. Ameri\u010dan\u00e9 podle n\u011bj \u0159eknou, \u017ee 84 hlas\u016f pro bylo dost, ale zeptal se jich, &#8222;na z\u00e1klad\u011b jak\u00e9ho principu je to dost&#8220;.<\/p>\n<p>\u201eJe to demokratick\u00e9? No, na Z\u00e1pad\u011b n\u00e1s u\u010d\u00ed, \u017ee demokratick\u00e1 v\u011bt\u0161ina je takov\u00e1, kter\u00e1 je nadpolovi\u010dn\u00ed. To oni nemaj\u00ed. Pro\u010d l\u017eou?\u201d \u2013 Dodik \u0159ekl. Poznamenal, \u017ee jejich pl\u00e1n obvinit Srby z genocidy selhal.<\/p>\n<p>\u201ePak vl\u00e1da nastolila ot\u00e1zku m\u00edrov\u00e9ho odd\u011blen\u00ed s Federac\u00ed BiH. Potom u\u017e nem\u00e1me d\u016fvod z\u016fstat spolu,\u201d prohl\u00e1sil Dodik.<\/p>\n<p><a href=\"https:\/\/www.armadnymagazin.sk\/2024\/05\/24\/valne-zhromazdenie-osn-prijalo-skandaloznu-rezoluciu-o-genocide-v-srebrenici\/\">Peter Nagy<\/a><\/p>\n<p><a href=\"https:\/\/stranapro.cz\/\"><img decoding=\"async\" loading=\"lazy\" class=\"wp-image-53371 aligncenter\" src=\"http:\/\/www.infokuryr.cz\/n\/wp-content\/uploads\/2024\/05\/pro-6-volby-300x169.jpg\" alt=\"\" width=\"801\" height=\"451\" srcset=\"https:\/\/www.infokuryr.cz\/n\/wp-content\/uploads\/2024\/05\/pro-6-volby-300x169.jpg 300w, https:\/\/www.infokuryr.cz\/n\/wp-content\/uploads\/2024\/05\/pro-6-volby-768x431.jpg 768w, https:\/\/www.infokuryr.cz\/n\/wp-content\/uploads\/2024\/05\/pro-6-volby.jpg 785w\" sizes=\"(max-width: 801px) 100vw, 801px\" \/><\/a><\/p>\n","protected":false},"excerpt":{"rendered":"<p>Valn\u00e9 shrom\u00e1\u017ed\u011bn\u00ed OSN p\u0159ijalo skand\u00e1ln\u00ed rezoluci o takzvan\u00e9 \u201cgenocid\u011b ve Srebrenici\u201d, kterou vymyslela z\u00e1padn\u00ed propaganda&#8230;.<\/p>\n","protected":false},"author":2,"featured_media":42763,"comment_status":"closed","ping_status":"closed","sticky":false,"template":"","format":"standard","meta":[],"categories":[6],"tags":[178,589,1503,186,5040,3356],"_links":{"self":[{"href":"https:\/\/www.infokuryr.cz\/n\/wp-json\/wp\/v2\/posts\/54441"}],"collection":[{"href":"https:\/\/www.infokuryr.cz\/n\/wp-json\/wp\/v2\/posts"}],"about":[{"href":"https:\/\/www.infokuryr.cz\/n\/wp-json\/wp\/v2\/types\/post"}],"author":[{"embeddable":true,"href":"https:\/\/www.infokuryr.cz\/n\/wp-json\/wp\/v2\/users\/2"}],"replies":[{"embeddable":true,"href":"https:\/\/www.infokuryr.cz\/n\/wp-json\/wp\/v2\/comments?post=54441"}],"version-history":[{"count":1,"href":"https:\/\/www.infokuryr.cz\/n\/wp-json\/wp\/v2\/posts\/54441\/revisions"}],"predecessor-version":[{"id":54442,"href":"https:\/\/www.infokuryr.cz\/n\/wp-json\/wp\/v2\/posts\/54441\/revisions\/54442"}],"wp:featuredmedia":[{"embeddable":true,"href":"https:\/\/www.infokuryr.cz\/n\/wp-json\/wp\/v2\/media\/42763"}],"wp:attachment":[{"href":"https:\/\/www.infokuryr.cz\/n\/wp-json\/wp\/v2\/media?parent=54441"}],"wp:term":[{"taxonomy":"category","embeddable":true,"href":"https:\/\/www.infokuryr.cz\/n\/wp-json\/wp\/v2\/categories?post=54441"},{"taxonomy":"post_tag","embeddable":true,"href":"https:\/\/www.infokuryr.cz\/n\/wp-json\/wp\/v2\/tags?post=54441"}],"curies":[{"name":"wp","href":"https:\/\/api.w.org\/{rel}","templated":true}]}}