{"id":54440,"date":"2024-05-25T00:39:40","date_gmt":"2024-05-24T22:39:40","guid":{"rendered":"https:\/\/www.infokuryr.cz\/n\/?p=54440"},"modified":"2024-05-24T17:38:55","modified_gmt":"2024-05-24T15:38:55","slug":"jiri-vyvadil-sazka-na-netanjahua-se-bidenovi-muze-vymstit","status":"publish","type":"post","link":"https:\/\/www.infokuryr.cz\/n\/2024\/05\/25\/jiri-vyvadil-sazka-na-netanjahua-se-bidenovi-muze-vymstit\/","title":{"rendered":"Ji\u0159\u00ed Vyvadil: S\u00e1zka na Netanjahua se Bidenovi m\u016f\u017ee vymst\u00edt\u2026"},"content":{"rendered":"<div id=\"fb-root\"><\/div>\n<p><strong>Jestli\u017ee jsem naposledy citoval z nez\u00e1visl\u00e9ho ukrajinsk\u00e9ho Port\u00e1lu Strana U.A p\u0159i anal\u00fdze toho, co se d\u011bje v Gruzii, dnes vyu\u017eiji \u010dl\u00e1nku port\u00e1lu Newsweak, kter\u00fd je samoz\u0159ejm\u011b sou\u010d\u00e1st\u00ed americk\u00e9ho mainstremu, ale \u0159ekl \u0159ekl bych p\u0159ijateln\u00e9ho. Newsweak popsal past do kter\u00e9 se dostal prezident Biden svou bezpodm\u00edne\u010dnou podporou jest\u0159\u00e1b\u00edho kursu Izraele v Gaze.<\/strong><\/p>\n<p>Jin\u00e1 zem\u011b, jin\u00fd mrav. Zat\u00edmco na\u0161e m\u00e9dia n\u00e1s od r\u00e1na do ve\u010dera krm\u00ed u\u017e nepo\u017eivatelnou krm\u00ed Ukrajiny a jsou z\u0159ejm\u011b p\u0159ipraveny v\u00a0tom pokra\u010dovat mo\u017en\u00e1 je\u0161t\u011b t\u0159eba n\u011bkolik let, pokud v\u00e1lka neskon\u010d\u00ed \u2013 sp\u00ed\u0161e to vypad\u00e1 na \u00a0\u2013 kapitulac\u00ed Ukrajiny, v\u00a0USA se t\u00e9ma Ukrajiny se st\u00e1v\u00e1 volebn\u011b nezaj\u00edmav\u00e9. Port\u00e1l Newsweak p\u0159in\u00e1\u0161\u00ed zasv\u011bcenou analyzu, jak naopak v\u00e1lka v\u00a0Gaze m\u016f\u017ee st\u00e1t sou\u010dasn\u00e9ho prezidenta jeho post.<\/p>\n<p>\u0160patn\u00e1 zpr\u00e1va pro Bidena : Gaza stav\u00ed zahrani\u010dn\u00ed politiku do centra voleb<\/p>\n<p>Daniel Bush, korespondent v B\u00edl\u00e9m dom\u011b<\/p>\n<p>Ameri\u010dan\u00e9 nebojuj\u00ed v zahrani\u010d\u00ed na Ukrajin\u011b nebo v Gaze, jako kdysi ve Vietnamu a Ir\u00e1ku. Rostouc\u00ed protesty proti americk\u00e9\u00a0vojensk\u00e9\u00a0podpo\u0159e Izraele v\u0161ak zv\u00fd\u0161ily pravd\u011bpodobnost, \u017ee se rok 2024 m\u016f\u017ee p\u0159ipojit k rok\u016fm 2004 a 1968 jako vz\u00e1cn\u00e9 volby ovlivn\u011bn\u00e9 zahrani\u010dn\u00ed politikou \u2013 a d\u016fsledky by mohly st\u00e1t prezidenta\u00a0Joea Bidena\u00a0v kritick\u00fdch st\u00e1tech boji\u0161t\u011b, kter\u00e9 pot\u0159ebuje ke znovuzvolen\u00ed.<\/p>\n<p>Mlad\u00ed lid\u00e9, progresivist\u00e9, arab\u0161t\u00ed a muslim\u0161t\u00ed Ameri\u010dan\u00e9 a dal\u0161\u00ed \u2013 v\u010detn\u011b n\u011bkter\u00fdch \u017did\u016f \u2013 vyjad\u0159uj\u00edc\u00ed rozho\u0159\u010den\u00ed nad zabit\u00edm des\u00edtek tis\u00edc Palestinc\u016f v Gaze v izraelsk\u00e9 v\u00e1lce proti\u00a0Ham\u00e1su, tvo\u0159\u00ed relativn\u011b malou \u010d\u00e1st voli\u010d\u016f, i kdy\u017e si vyslou\u017eili obrovskou pozornost st\u0159ety s polici\u00ed na univerzitn\u00edch kampusech jako ozv\u011bna minul\u00fdch protest\u016f proti zahrani\u010dn\u00edm v\u00e1lk\u00e1m.<\/p>\n<p>Volby v roce 2024 v\u0161ak budou rozhodovat o t\u011bsn\u00fdch souboj\u00edch v nerozhodn\u00fdch st\u00e1tech, jako jsou Michigan, Wisconsin, Pensylv\u00e1nie a Georgia, a pokud dostatek Bidenov\u00fdch p\u0159\u00edznivc\u016f z\u016fstane doma nebo bude hlasovat pro kandid\u00e1ta t\u0159et\u00ed strany, mohlo by to b\u00fdval\u00e9ho prezidenta\u00a0Donalda Trumpa\u00a0vr\u00e1tit do B\u00edl\u00e9ho domu.<\/p>\n<p>&#8222;Prezident Biden si zde zahr\u00e1v\u00e1 s ohn\u011bm,&#8220; \u0159ekl\u00a0<em>Newsweeku<\/em>\u00a0Ahmad Abuznaid, v\u00fdkonn\u00fd \u0159editel americk\u00e9 kampan\u011b za palestinsk\u00e1 pr\u00e1va. &#8222;\u010c\u00edm v\u00edce smrti a destrukce vid\u00edme p\u0159ich\u00e1zet z Gazy, t\u00edm v\u00edce lid\u00ed toho m\u00e1 pln\u00e9 zuby a t\u00edm v\u00edce zpochyb\u0148uj\u00ed na\u0161i podporu st\u00e1tu Izrael,&#8220; \u0159ekl Abuznaid, kter\u00fd hovo\u0159il jm\u00e9nem politick\u00e9 odno\u017ee skupiny.<\/p>\n<p>\u00a8Zahrani\u010dn\u00ed politika tradi\u010dn\u011b ustupuje v americk\u00fdch volb\u00e1ch do pozad\u00ed ekonomick\u00fdm a dal\u0161\u00edm dom\u00e1c\u00edm z\u00e1jm\u016fm a pr\u016fzkumy ukazuj\u00ed, \u017ee zahrani\u010dn\u00ed politika nen\u00ed pro v\u011bt\u0161inu voli\u010d\u016f v roce 2024 na prvn\u00edm m\u00edst\u011b. Hr\u00e1la v\u0161ak v\u00fdznamnou roli ve volb\u00e1ch v roce 1968, v nich\u017e\u00a0republik\u00e1n\u00a0Richard Nixon porazil demokratick\u00e9ho rivala, kdy\u017e Ameriku zm\u00edtaly protesty na univerzit\u00e1ch proti prohlubuj\u00edc\u00edmu se anga\u017em\u00e1 demokratick\u00e9 administrativy ve Vietnamu. V roce 2004 pomohl republik\u00e1novi\u00a0Georgi W. Bushovi\u00a0ke znovuzvolen\u00ed zp\u016fsob, jak\u00fdm se vypo\u0159\u00e1dal s v\u00e1lkou proti terorismu po 11. z\u00e1\u0159\u00ed 2001, a to navzdory s\u00edl\u00edc\u00edmu protiv\u00e1le\u010dn\u00e9mu protestn\u00edmu hnut\u00ed proti Ir\u00e1ku a Afgh\u00e1nist\u00e1nu.<\/p>\n<p>P\u0159ed dnem voleb se toho m\u016f\u017ee hodn\u011b zm\u011bnit. Biden s t\u00edm, jak se v\u00e1lka protahuje, zes\u00edlil svou kritiku Izraele. Kroky, jako je jeho rozhodnut\u00ed z po\u010d\u00e1tku kv\u011btna zastavit n\u011bkter\u00e9 dod\u00e1vky zbran\u00ed do Izraele, pokud by pokra\u010doval ve velk\u00e9 ofenz\u00edv\u011b v Raf\u00e1hu, by mohly z\u00edskat zp\u011bt n\u011bkter\u00e9 voli\u010de, kter\u00e9 si v posledn\u00edch m\u011bs\u00edc\u00edch odcizil.<\/p>\n<p>&#8222;Pr\u00e1v\u011b te\u010f je to v\u0161echno o okraj\u00edch a Biden si nem\u016f\u017ee dovolit ztr\u00e1cet voli\u010de na okraji,&#8220; \u0159ekl\u00a0<em>Newsweeku<\/em>\u00a0Thomas Patterson, politolog z Harvard Kennedy School.<\/p>\n<p>&#8222;V obdob\u00ed po druh\u00e9 sv\u011btov\u00e9 v\u00e1lce hr\u00e1la zahrani\u010dn\u00ed politika v americk\u00fdch volb\u00e1ch velkou roli pouze tehdy, kdy\u017e se v\u011bci nevyv\u00edjely dob\u0159e,&#8220; dodal Patterson, a v p\u0159\u00edpad\u011b Gazy se &#8222;Biden dostal do situace, kdy nelze vyhr\u00e1t&#8220;.<\/p>\n<p><a href=\"https:\/\/www.newsweek.com\/topic\/democratic-party\">Demokratick\u00e1 strana<\/a>\u00a0si vybudovala podporu u arabsk\u00fdch a muslimsk\u00fdch Ameri\u010dan\u016f v letech po 11. z\u00e1\u0159\u00ed, kdy tehdej\u0161\u00ed prezident Bush zah\u00e1jil dv\u011b v\u00e1lky na Bl\u00edzk\u00e9m v\u00fdchod\u011b a Republik\u00e1nsk\u00e1 strana byla sv\u00e1z\u00e1na s neoliber\u00e1ln\u00ed zahrani\u010dn\u011bpolitickou agendou, kter\u00e1 upadla v nemilost, jak se v\u00e1lky protahovaly.<\/p>\n<p>Bidenova vojensk\u00e1 podpora Izraele v\u0161ak naru\u0161ila \u010d\u00e1st dobr\u00e9 v\u016fle, kterou si demokrat\u00e9 s t\u011bmito skupinami v posledn\u00edch dvou desetilet\u00edch vytvo\u0159ili, uvedli politi\u010dt\u00ed strat\u00e9gov\u00e9, historici a analytici Bl\u00edzk\u00e9ho v\u00fdchodu.<\/p>\n<p><a href=\"https:\/\/stranapro.cz\/\"><img decoding=\"async\" loading=\"lazy\" class=\"wp-image-53371 aligncenter\" src=\"http:\/\/www.infokuryr.cz\/n\/wp-content\/uploads\/2024\/05\/pro-6-volby-300x169.jpg\" alt=\"\" width=\"776\" height=\"437\" srcset=\"https:\/\/www.infokuryr.cz\/n\/wp-content\/uploads\/2024\/05\/pro-6-volby-300x169.jpg 300w, https:\/\/www.infokuryr.cz\/n\/wp-content\/uploads\/2024\/05\/pro-6-volby-768x431.jpg 768w, https:\/\/www.infokuryr.cz\/n\/wp-content\/uploads\/2024\/05\/pro-6-volby.jpg 785w\" sizes=\"(max-width: 776px) 100vw, 776px\" \/><\/a><\/p>\n<p>&#8222;V tuto chv\u00edli nen\u00ed pochyb o tom, \u017ee by to v\u00e1\u017en\u011b ovlivnilo arabsko-americk\u00e9 voli\u010de,&#8220; \u0159ekl\u00a0<em>Newsweeku<\/em>\u00a0James Zogby, prezident Arabsko-americk\u00e9ho institutu.<\/p>\n<p>Trumpova kampa\u0148 na \u017e\u00e1dost\u00a0<em>Newsweeku<\/em>\u00a0o koment\u00e1\u0159 nereagovala.<\/p>\n<p>Tyto volebn\u00ed bloky jsou mal\u00e9, ale jsou seskupeny v dostate\u010dn\u011b velk\u00e9m po\u010dtu na m\u00edstech, jako je Michigan, aby ovlivnily kl\u00ed\u010dov\u00e9 celost\u00e1tn\u00ed volby.<\/p>\n<p>Arabsko-americk\u00e1 populace v Michiganu je podle Arabsko-americk\u00e9ho institutu nejv\u011bt\u0161\u00ed procentu\u00e1ln\u00ed pod\u00edl na populaci st\u00e1tu ze v\u0161ech st\u00e1t\u016f v zemi. V prezidentsk\u00fdch volb\u00e1ch v roce 2020 bylo v Michiganu tak\u00e9 registrov\u00e1no 206 050 muslimsk\u00fdch voli\u010d\u016f, co\u017e je v\u00edce ne\u017e Bidenovo v\u00edt\u011bzstv\u00ed nad Trumpem ve st\u00e1t\u011b o 154 000 hlas\u016f. V\u00edce ne\u017e 100 000 voli\u010d\u016f v \u00fanorov\u00fdch demokratick\u00fdch prim\u00e1rk\u00e1ch v Michiganu hlasovalo &#8222;nerozhodn\u011b&#8220;, aby vyj\u00e1d\u0159ili nesouhlas s Bidenovou podporou Izraele v jeho v\u00e1lce s Ham\u00e1sem.<\/p>\n<p>A Michigan nen\u00ed s\u00e1m. Boji\u0161t\u011b st\u00e1t\u016f Wisconsin a Pensylv\u00e1nie jsou tak\u00e9 domovem arabsk\u00fdch a muslimsk\u00fdch americk\u00fdch komunit, kter\u00e9 jsou v\u011bt\u0161\u00ed ne\u017e Bidenovo t\u011bsn\u00e9 v\u00edt\u011bzstv\u00ed v t\u011bchto st\u00e1tech v posledn\u00edch volb\u00e1ch. V\u00edce ne\u017e 48 000 voli\u010d\u016f v demokratick\u00fdch prim\u00e1rk\u00e1ch ve Wisconsinu minul\u00fd m\u011bs\u00edc odevzdalo &#8222;nepou\u010den\u00e9&#8220; hlasovac\u00ed l\u00edstky jako protiv\u00e1le\u010dn\u00fd hlas, a to ve st\u00e1t\u011b, kde Biden vyhr\u00e1l o pouh\u00fdch 20 000 hlas\u016f.<\/p>\n<p>Celost\u00e1tn\u011b hlasovalo v prezidentsk\u00fdch volb\u00e1ch v roce 2020 1,5 milionu muslimsk\u00fdch Ameri\u010dan\u016f, co\u017e je podle\u00a0<a href=\"https:\/\/emgageusa.org\/wp-content\/uploads\/2022\/06\/Emgage-ImpactReport-2020-v2.4-lr-1.pdf\">zpr\u00e1vy<\/a>\u00a0o volb\u00e1ch ob\u010dansk\u00e9 skupiny Million Muslim Votes 71 procent. Tato volebn\u00ed \u00fa\u010dast nemus\u00ed v Michiganu a na dal\u0161\u00edch boji\u0161t\u00edch p\u0159\u00edli\u0161 klesnout, aby pomohla vych\u00fdlit volby ve prosp\u011bch Trumpa, uvedli strat\u00e9gov\u00e9 Demokratick\u00e9 strany a dal\u0161\u00ed.<\/p>\n<p>&#8222;Nemysl\u00edm si, \u017ee by se k n\u011bmu arab\u0161t\u00ed Ameri\u010dan\u00e9 po Gaze vraceli,&#8220; \u0159ekla\u00a0<em>Newsweeku<\/em>\u00a0Celinda Lakeov\u00e1, hlavn\u00ed v\u00fdzkumnice Bidenovy kampan\u011b v roce 2020.<\/p>\n<p>Protesty kv\u016fli Gaze v kampusech po cel\u00e9 zemi, od Kolumbijsk\u00e9 univerzity v New Yorku po USC v Los Angeles, jasn\u011b uk\u00e1zaly, \u017ee Biden \u010del\u00ed rostouc\u00edmu odporu mlad\u00fdch lid\u00ed na levici \u2013 bez ohledu na jejich rasu, etnick\u00fd p\u016fvod nebo n\u00e1bo\u017eensk\u00e9 p\u0159esv\u011bd\u010den\u00ed.<\/p>\n<p>Tento okam\u017eik p\u0159edstavuje bod obratu pro r\u016fznorodou generaci mlad\u0161\u00edch progresivist\u016f, kte\u0159\u00ed se stav\u00ed proti izraelsk\u00e9 politice v\u016f\u010di Palestinc\u016fm a kte\u0159\u00ed pova\u017euj\u00ed sou\u010dasnou v\u00e1lku za genocidu, \u0159ekl Abuznaid, \u0161\u00e9f americk\u00e9 kampan\u011b za pr\u00e1va Palestinc\u016f.<\/p>\n<p>&#8222;Podpora izraelsk\u00e9 genocidy je pr\u00e1v\u011b te\u010f neuv\u011b\u0159iteln\u011b nepopul\u00e1rn\u00ed mezi mlad\u00fdmi lidmi a barevn\u00fdmi lidmi,&#8220; \u0159ekl Abuznaid a poznamenal, \u017ee to je &#8222;z\u00e1kladna prezidenta Bidena&#8220;.<\/p>\n<p>Pr\u016fzkumy ve\u0159ejn\u00e9ho m\u00edn\u011bn\u00ed ukazuj\u00ed velk\u00fd rozd\u00edl v postoj\u00edch mezi mlad\u0161\u00edmi a star\u0161\u00edmi Ameri\u010dany k nejhor\u0161\u00edmu propuknut\u00ed n\u00e1sil\u00ed v izraelsko-palestinsk\u00e9m konfliktu za posledn\u00ed desetilet\u00ed. Ham\u00e1s zabil p\u0159i \u00fatoku 7. \u0159\u00edjna v Izraeli asi 1200 lid\u00ed a dal\u0161\u00edch 250 unesl. Izrael odpov\u011bd\u011bl vojenskou kampan\u00ed v Gaze, kter\u00e1 zabila v\u00edce ne\u017e 34 000 Palestinc\u016f, podle zdravotnick\u00e9ho \u00fa\u0159adu provozovan\u00e9ho Ham\u00e1sem, kter\u00fd nerozli\u0161uje mezi bojovn\u00edky a civilisty.<\/p>\n<p>Bb\u0159eznov\u00fd pr\u016fzkum Gallupova \u00fastavu\u00a0zjistil, \u017ee pouze 38 procent lid\u00ed ve v\u011bku 18-34 let m\u00e1 p\u0159\u00edzniv\u00fd n\u00e1zor na Izrael, ve srovn\u00e1n\u00ed se 71 procenty Ameri\u010dan\u016f star\u0161\u00edch 55 let, kte\u0159\u00ed vid\u00ed Izrael p\u0159\u00edzniv\u011b.<\/p>\n<p>Experti uvedli, \u017ee protesty v Gaze tak\u00e9 odr\u00e1\u017eej\u00ed \u0161ir\u0161\u00ed frustraci mezi mlad\u00fdmi lidmi ze v\u0161ech prost\u0159ed\u00ed, kte\u0159\u00ed cht\u011bj\u00ed, aby Bidenova administrativa \u0159e\u0161ila probl\u00e9my, jako jsou studentsk\u00e9 p\u016fj\u010dky, dluhy a dostupnost bydlen\u00ed doma, m\u00edsto aby utr\u00e1cela miliardy za v\u011bci, jako je vojensk\u00e1 pomoc Izraeli.<\/p>\n<p>Frustrace mlad\u00fdch lid\u00ed z americk\u00e9 zahrani\u010dn\u00ed politiky samoz\u0159ejm\u011b nen\u00ed ni\u010d\u00edm nov\u00fdm. Ale zat\u00edmco dne\u0161n\u00ed protesty vyvol\u00e1vaj\u00ed srovn\u00e1n\u00ed s protiv\u00e1le\u010dn\u00fdmi protesty v Ir\u00e1ku a Vietnamu, kter\u00e9 prov\u00e1zely volby v letech 2004 a 1968, odborn\u00edci tvrd\u00ed, \u017ee rok 2024 je jedine\u010dn\u00fd i z jin\u00fdch d\u016fvod\u016f, ne\u017e je skute\u010dnost, \u017ee Amerika nem\u00e1 pozemn\u00ed voj\u00e1ky bojuj\u00edc\u00ed na Bl\u00edzk\u00e9m v\u00fdchod\u011b nebo v Evrop\u011b.<\/p>\n<p>Zem\u011b je dnes mnohem v\u00edce polarizovan\u00e1 podle stranick\u00fdch lini\u00ed, ne\u017e tomu bylo b\u011bhem \u00e9ry Ir\u00e1ku a Vietnamu. Bidenovo p\u0159ijet\u00ed mezin\u00e1rodn\u00edch alianc\u00ed a Trump\u016fv izolacionismus nab\u00edz\u00ed voli\u010d\u016fm je\u0161t\u011b ost\u0159ej\u0161\u00ed volbu zahrani\u010dn\u00ed politiky ne\u017e v p\u0159edchoz\u00edch volb\u00e1ch, uvedli historici a dal\u0161\u00ed. Soci\u00e1ln\u00ed m\u00e9dia tak\u00e9 zm\u011bnila zp\u016fsob, jak\u00fdm ve\u0159ejnost vst\u0159eb\u00e1v\u00e1 informace o zahrani\u010dn\u00edch ud\u00e1lostech, a pomohla sn\u00ed\u017eit v\u011bkov\u00fd rozd\u00edl ve ve\u0159ejn\u00e9m m\u00edn\u011bn\u00ed o Gaze.<\/p>\n<p>V\u011bt\u0161ina voli\u010d\u016f se zam\u011b\u0159\u00ed na ekonomiku, imigraci, potraty a dal\u0161\u00ed ot\u00e1zky, a ne na zahrani\u010dn\u00ed politiku, \u0159ekl\u00a0<em>Newsweeku<\/em>\u00a0republik\u00e1nsk\u00fd odborn\u00edk na pr\u016fzkumy<\/p>\n<p>P\u0159esto v americk\u00e9 politice p\u0159etrv\u00e1vaj\u00ed p\u0159ipom\u00ednky minul\u00fdch inflexn\u00edch bod\u016f, \u0159ekl Zogby, \u0161\u00e9f Arabsko-americk\u00e9ho institutu.<\/p>\n<p>&#8222;Vrac\u00edm se do roku 1968,&#8220; \u0159ekl Zogby. V\u00e1lka ve Vietnamu nebyla jedin\u00fdm faktorem, kter\u00fd naklonil volby ve prosp\u011bch Richarda Nixona, &#8222;ale nem\u016f\u017eete pop\u0159\u00edt, \u017ee hr\u00e1la kl\u00ed\u010dovou roli,&#8220; \u0159ekl, a izraelsk\u00e1 v\u00e1lka v Gaze dnes vyvolala podobn\u00e9 ot\u00e1zky. Pro mlad\u00e9 progresivn\u00ed voli\u010de a dal\u0161\u00ed, kte\u0159\u00ed jsou na\u0161tvan\u00ed na Bidenovu podporu Izraele, &#8222;nen\u00ed volbou Trump nebo Biden,&#8220; \u0159ekl Zogby. &#8222;Je to: &#8218;Budu hlasovat [pro Bidena], nebo nebudu volit v\u016fbec?&#8220;<\/p>\n<p><em>J.V. Ten \u010dl\u00e1nek zcela z\u0159ejm\u011b ukazuje, jak\u00e9 z\u00e1le\u017eitosti rozhoduj\u00ed kladn\u011b \u010di z\u00e1porn\u011b, kdo se stane hlavou st\u00e1tu nejsiln\u011bj\u0161\u00edho z\u00e1padn\u00edho st\u00e1tu sv\u011bta. A to jsem nezm\u00ednil t\u00e9mata, kter\u00e9 se n\u00e1m u\u017e v\u016fbec jev\u00ed jako bizartn\u00ed, jako je spor o potraty.<\/em><\/p>\n<p><em>Nu\u017ee zat\u00edmco Biden je nejv\u00fdznamn\u011bj\u0161\u00edm prezidentem \u2013\u00a0 p\u0159edstavitelem fanatick\u00e9 odr\u016fdy liberalismu, \u010dasto iracion\u00e1ln\u00ed zelen\u00e9 politiky a militarismu a vyhrocen\u00e9ho st\u0159etu USA proti t\u011bm, kdo\u017e nesd\u00edl\u00ed jeho vid\u011bn\u00ed sv\u011bta, Donald Trump je pragmatikem, kter\u00fd p\u0159es sv\u00e9 bou\u0159liv\u00e1ck\u00e9 projevy se \u0159\u00edd\u00ed \u2013 jak \u0159\u00edk\u00e1 zdrav\u00fdm rozumem a zjevn\u011b by v\u0161e pokusil zm\u011bnit.<\/em><\/p>\n<p><em>Jeho v\u00edt\u011bzstv\u00ed By bylo ho\u0159kou, ale logickou\u00a0 prohrou nejen pro Bidena, ale nap\u0159\u00edklad i pro na\u0161eho Fialu a spol.<\/em><\/p>\n<p><em>Tak uvid\u00edme, p\u0159\u00e1tel\u00e9<\/em><\/p>\n<p><a href=\"https:\/\/vasevec.info\/clanky\/sazka-na-netanjahua-se-bidenovi-muze-vymstit\">Ji\u0159\u00ed Vyvadil<\/a><\/p>\n<p><img decoding=\"async\" loading=\"lazy\" class=\"alignnone size-medium wp-image-16474\" src=\"http:\/\/www.infokuryr.cz\/n\/wp-content\/uploads\/2022\/10\/jiri-vyvadil-300x200.jpg\" alt=\"\" width=\"300\" height=\"200\" srcset=\"https:\/\/www.infokuryr.cz\/n\/wp-content\/uploads\/2022\/10\/jiri-vyvadil-300x200.jpg 300w, https:\/\/www.infokuryr.cz\/n\/wp-content\/uploads\/2022\/10\/jiri-vyvadil-768x512.jpg 768w, https:\/\/www.infokuryr.cz\/n\/wp-content\/uploads\/2022\/10\/jiri-vyvadil.jpg 800w\" sizes=\"(max-width: 300px) 100vw, 300px\" \/><\/p>\n<p>&nbsp;<\/p>\n","protected":false},"excerpt":{"rendered":"<p>Jestli\u017ee jsem naposledy citoval z nez\u00e1visl\u00e9ho ukrajinsk\u00e9ho Port\u00e1lu Strana U.A p\u0159i anal\u00fdze toho, co se&#8230;<\/p>\n","protected":false},"author":2,"featured_media":43089,"comment_status":"closed","ping_status":"closed","sticky":false,"template":"","format":"standard","meta":[],"categories":[6],"tags":[107,1503,37,814],"_links":{"self":[{"href":"https:\/\/www.infokuryr.cz\/n\/wp-json\/wp\/v2\/posts\/54440"}],"collection":[{"href":"https:\/\/www.infokuryr.cz\/n\/wp-json\/wp\/v2\/posts"}],"about":[{"href":"https:\/\/www.infokuryr.cz\/n\/wp-json\/wp\/v2\/types\/post"}],"author":[{"embeddable":true,"href":"https:\/\/www.infokuryr.cz\/n\/wp-json\/wp\/v2\/users\/2"}],"replies":[{"embeddable":true,"href":"https:\/\/www.infokuryr.cz\/n\/wp-json\/wp\/v2\/comments?post=54440"}],"version-history":[{"count":0,"href":"https:\/\/www.infokuryr.cz\/n\/wp-json\/wp\/v2\/posts\/54440\/revisions"}],"wp:featuredmedia":[{"embeddable":true,"href":"https:\/\/www.infokuryr.cz\/n\/wp-json\/wp\/v2\/media\/43089"}],"wp:attachment":[{"href":"https:\/\/www.infokuryr.cz\/n\/wp-json\/wp\/v2\/media?parent=54440"}],"wp:term":[{"taxonomy":"category","embeddable":true,"href":"https:\/\/www.infokuryr.cz\/n\/wp-json\/wp\/v2\/categories?post=54440"},{"taxonomy":"post_tag","embeddable":true,"href":"https:\/\/www.infokuryr.cz\/n\/wp-json\/wp\/v2\/tags?post=54440"}],"curies":[{"name":"wp","href":"https:\/\/api.w.org\/{rel}","templated":true}]}}