{"id":54437,"date":"2024-05-25T00:33:46","date_gmt":"2024-05-24T22:33:46","guid":{"rendered":"https:\/\/www.infokuryr.cz\/n\/?p=54437"},"modified":"2024-05-24T17:28:51","modified_gmt":"2024-05-24T15:28:51","slug":"jindrich-kulhavy-co-bychom-zase-mohli-zdrazit","status":"publish","type":"post","link":"https:\/\/www.infokuryr.cz\/n\/2024\/05\/25\/jindrich-kulhavy-co-bychom-zase-mohli-zdrazit\/","title":{"rendered":"Jind\u0159ich Kulhav\u00fd: Co bychom zase mohli zdra\u017eit?"},"content":{"rendered":"<div id=\"fb-root\"><\/div>\n<p><span class=\"anotation\">U\u017e dlouho se zd\u00e1, \u017ee politici nemaj\u00ed nic jin\u00e9ho na pr\u00e1ci, ne\u017e posezen\u00ed nad \u00favahami, kde by se dalo je\u0161t\u011b v\u00edce p\u0159itla\u010dit na obyvatelstvo a uzmout mu dal\u0161\u00ed \u010d\u00e1st jeho v\u00fdd\u011blk\u016f. A proto\u017ee je zezadu po\u0161\u0165uchuj\u00ed nadn\u00e1rodn\u00ed korporace, banky a obchodn\u00ed \u0159et\u011bzce a vyb\u00edzej\u00ed je k\u00a0je\u0161t\u011b v\u011bt\u0161\u00ed efektivit\u011b okr\u00e1d\u00e1n\u00ed ob\u010dan\u016f, p\u0159i\u010dem\u017e jejich slu\u017eby jsou ve st\u00e1tech s\u00a0m\u00e9n\u011b schopn\u00fdmi politiky mnohem m\u00e9n\u011b kvalitn\u00ed, ale o to dra\u017e\u0161\u00ed, da\u0159\u00ed se u n\u00e1s hoblovat obyvatelstvo na skute\u010dn\u011b nejvy\u0161\u0161\u00ed \u00farovni.<\/span><\/p>\n<div id=\"pagetext\">\n<p>\u00a0 Pokud bychom tedy porovn\u00e1vali hladiny \u0161ikovnosti vl\u00e1dn\u00ed kliky k\u00a0m\u00ed\u0159e loupe\u017e\u00ed p\u0159edv\u00e1d\u011bn\u00fdch nap\u0159\u00edklad obchodn\u00edmi \u0159et\u011bzci \u010di dodavateli energi\u00ed, je evidentn\u00ed, \u017ee pr\u00e1v\u011b u n\u00e1s vl\u00e1dnou nejv\u011bt\u0161\u00ed lemplov\u00e9 sv\u011bta. A nic na tom nem\u011bn\u00ed skute\u010dnost, kterou je neuv\u011b\u0159iteln\u00e1 drzost premi\u00e9ra Fialy, kter\u00fd pr\u00e1v\u011b p\u0159edstavil svou knihu vypov\u00eddaj\u00edc\u00ed o um\u011bn\u00ed vl\u00e1dnout v\u00a0letech krize. Netu\u0161\u00edme, o \u010dem si dovoluje ps\u00e1t, proto\u017ee pokud d\u00edlo nen\u00ed v\u00a0kategorii horory, pak u\u017e m\u016f\u017ee j\u00edt jen o karikaturu politiky a za\u0159ad\u00ed se do reg\u00e1lu s\u00a0n\u00e1pisem tragikomedie. Pod\u00edv\u00e1me li se re\u00e1ln\u011b na situaci u n\u00e1s, je s\u00a0podivem, \u017ee Fiala m\u00e1 \u010das napsat i jen sms man\u017eelce, nato\u017e knihu, proto\u017ee ve skute\u010dnosti by nem\u011bl ani sp\u00e1t, kolik pr\u00e1ce tady pro op\u011btovn\u00e9 nahozen\u00ed \u010desk\u00e9 ekonomiky p\u0159ed n\u00edm je. Nebo o to nem\u00e1 z\u00e1jem, jede podle p\u0159edan\u00fdch not a v\u00a0podstat\u011b jen podepisuje to, co mu je p\u0159edlo\u017eeno, a u\u010d\u00ed se sv\u00e9 v\u0161e objas\u0148uj\u00edc\u00ed projevy \u010dp\u00edc\u00ed sebechv\u00e1lou.<\/p>\n<p><a href=\"https:\/\/stranapro.cz\/\"><img decoding=\"async\" loading=\"lazy\" class=\"wp-image-53371 aligncenter\" src=\"http:\/\/www.infokuryr.cz\/n\/wp-content\/uploads\/2024\/05\/pro-6-volby-300x169.jpg\" alt=\"\" width=\"715\" height=\"403\" srcset=\"https:\/\/www.infokuryr.cz\/n\/wp-content\/uploads\/2024\/05\/pro-6-volby-300x169.jpg 300w, https:\/\/www.infokuryr.cz\/n\/wp-content\/uploads\/2024\/05\/pro-6-volby.jpg 785w\" sizes=\"(max-width: 715px) 100vw, 715px\" \/><\/a><\/p>\n<p>Kdy\u017e to shrneme, tak se n\u00e1m vr\u00e1til vzestup inflace, pomoc\u00ed kter\u00e9 jsou systematicky likvidov\u00e1ny \u00faspory ob\u010dan\u016f \u010cesk\u00e9 republiky. Obchodn\u00ed spole\u010dnosti \u0161roubuj\u00ed ceny do z\u00e1vratn\u00fdch v\u00fd\u0161in a ,,tovar\u201c \u010dasto p\u0159ipom\u00ednaj\u00edc\u00ed odpad ze z\u00e1padoevropsk\u00fdch market\u016f dod\u00e1van\u00fd jako zbo\u017e\u00ed pro \u010desk\u00e9 spot\u0159ebitele je u\u017e skoro pozlacen\u00fd. Energie jsou v\u00a0pom\u011bru pr\u016fm\u011brn\u00e1 mzda a jejich cena na nejvy\u0161\u0161\u00ed \u00farovni na sv\u011bt\u011b, p\u0159esto\u017ee elekt\u0159inu um\u00edme vyr\u00e1b\u011bt velmi levn\u011b. P\u0159ipravuj\u00ed se dal\u0161\u00ed emisn\u00ed povolenky utv\u00e1\u0159ej\u00edc\u00ed v\u00a0bl\u00edzk\u00e9 budoucnosti ceny pohonn\u00fdch hmot a vyt\u00e1p\u011bn\u00ed dom\u00e1cnost\u00ed. Ty n\u00e1s u\u017e p\u0159itla\u010d\u00ed ke zdi natolik, \u017ee to plno \u010cech\u016f nerozd\u00fdch\u00e1. St\u00e1t se chov\u00e1 jako pir\u00e1t v\u00a0oblasti n\u00e1jm\u016f, kdy st\u00e1tn\u00ed bydlen\u00ed za\u010d\u00edn\u00e1 b\u00fdt stejn\u011b nev\u00fdhodn\u00e9, jako n\u00e1jemn\u00ed u soukromn\u00edk\u016f. To, co p\u0159edv\u00e1d\u00ed obecn\u00ed \u00fa\u0159ady v\u00a0\u0159ad\u011b m\u011bst je na defenestraci. I ve st\u00e1tn\u00edm sektoru m\u016f\u017eete za byt 2+1 mal\u00e9 metr\u00e1\u017ee platit p\u0159es 22000,- K\u010d m\u011bs\u00ed\u010dn\u011b. Syst\u00e9m, kdy st\u00e1t vytvo\u0159il r\u016fzn\u00e9 p\u0159\u00edsp\u011bvky, pro kter\u00e9 si chod\u00ed jen n\u011bkte\u0159\u00ed, zat\u00edmco jin\u00ed na n\u011b nedos\u00e1hnou a v\u00a0podstat\u011b plat\u00ed bydlen\u00ed jin\u00fdm, je zoufal\u00fd.<\/p>\n<p>O tom, jak m\u00e1me vysok\u00e9 zdan\u011bn\u00ed, kter\u00e9 n\u00e1m z\u00a0pen\u011b\u017eenek vyt\u00e1hne p\u0159es 80% toho, co ve skute\u010dnosti vyd\u011bl\u00e1me, p\u00ed\u0161eme dlouho. V\u00fd\u0161e dan\u00ed je v\u0161ak pro politiky st\u00e1le n\u00edzk\u00e1 a ka\u017ed\u00fd rok objev\u00ed n\u011bco, kde lze je\u0161t\u011b ut\u00e1hnout \u0161rouby. Vyb\u00edz\u00ed je k\u00a0tomu ekonomi\u010dt\u00ed ,,experti\u201c, kte\u0159\u00ed m\u00edsto o\u017eivov\u00e1n\u00ed pr\u016fmyslu a r\u016fstu pokra\u010duj\u00ed v\u00a0hled\u00e1n\u00ed ,,rezerv\u201c mezi ob\u010dany. P\u0159itom st\u00e1t m\u016f\u017ee bohatnout jen na vlastn\u00ed produktivit\u011b a sv\u00fdch \u00faspor\u00e1ch, nikoliv na represi. Jej\u00ed \u00fanosnost je ji\u017e n\u011bkolik dlouh\u00fdch let na hran\u011b a je s\u00a0podivem, co v\u0161e si nech\u00e1me l\u00edbit. J\u00edme drah\u00e9 shnil\u00e9 brambory, nekvalitn\u00ed maso ze zahrani\u010d\u00ed, rohl\u00edk v\u00e1\u017e\u00ed o t\u0159etinu m\u00e9n\u011b ne\u017e p\u0159ed p\u00e1r roky, stoj\u00ed ov\u0161em 3x tolik, boj\u00edme se sv\u00edtit, proto\u017ee by to zdra\u017eilo cenu n\u011bmeck\u00fdm spot\u0159ebitel\u016fm, kter\u00fdm prod\u00e1v\u00e1me nikoliv p\u0159ebytky, ale rovnou celou produkci elektr\u00e1ren, abychom si zp\u011bt koupili za draho n\u011bco zp\u011bt. A kdy\u017e u\u017e se rozhodneme si tu postavit dal\u0161\u00ed blok, tak dle n\u011bmeck\u00fdch pravidel a pot\u0159eb, aby se pro n\u00e1s mimo spl\u00e1cen\u00ed \u00fav\u011bru nic k\u00a0lep\u0161\u00edmu nezm\u011bnilo.<\/p>\n<p>Mohli bychom pokra\u010dovat d\u00e1le. \u010cesk\u00e1 republika p\u0159ipom\u00edn\u00e1 prase p\u0159ed por\u00e1\u017ekou v\u00a0dob\u00e1ch hladu. Je huben\u00e9, sp\u00ed\u0161e zb\u00edda\u010den\u00e9, p\u0159esto m\u016f\u017ee poskytnout je\u0161t\u011b trochu masa. A na zabija\u010dku se hl\u00e1s\u00ed \u0159ada host\u016f. Ka\u017ed\u00fd se chce kousek odn\u00e9st, ale \u00faklid pr\u00e1zdn\u00fdch necek z\u016fstane na n\u00e1s. Kdy\u017e to shrneme, lze konstatovat, \u017ee \u010ce\u0161i jsou n\u00e1rodem bl\u00e1zn\u016f bez \u0161petky hrdosti. Z\u00e1pad je po\u0159\u00e1d je\u0161t\u011b na hostin\u011b po\u0159\u00e1dan\u00e9 za na\u0161e pen\u00edze. Menu je sice u\u017e chud\u00e9, ale po\u0159\u00e1d pro n\u011b za solidn\u00ed pen\u00edz. A\u017e tu nezbyde v\u016fbec nic, k\u00a0\u010demu\u017e je bl\u00edzko, tedy a\u017e n\u00e1s p\u0159iprav\u00ed i o soukrom\u00fd majetek, staneme se nejen bl\u00e1zny, ale i otroky. Po\u0159\u00e1d v\u00e1m to nedoch\u00e1z\u00ed, o co v\u00a0Evropsk\u00e9 unii jde? A jak k\u00a0tomu na\u0161i politici p\u0159istupuj\u00ed? Je na n\u00e1s, abychom u\u017e \u0159ekli dost.<\/p>\n<\/div>\n<p><a href=\"https:\/\/www.inadhled.live\/uvaha-dne\/co-bychom-zase-mohli-zdrazit-\/\">Jind\u0159ich Kulhav\u00fd<\/a><\/p>\n<p><img decoding=\"async\" loading=\"lazy\" class=\"alignnone size-full wp-image-48136\" src=\"http:\/\/www.infokuryr.cz\/n\/wp-content\/uploads\/2024\/02\/kulhavy-jindrich.jpg\" alt=\"\" width=\"219\" height=\"221\" srcset=\"https:\/\/www.infokuryr.cz\/n\/wp-content\/uploads\/2024\/02\/kulhavy-jindrich.jpg 219w, https:\/\/www.infokuryr.cz\/n\/wp-content\/uploads\/2024\/02\/kulhavy-jindrich-150x150.jpg 150w\" sizes=\"(max-width: 219px) 100vw, 219px\" \/><\/p>\n<p>&nbsp;<\/p>\n","protected":false},"excerpt":{"rendered":"<p>U\u017e dlouho se zd\u00e1, \u017ee politici nemaj\u00ed nic jin\u00e9ho na pr\u00e1ci, ne\u017e posezen\u00ed nad \u00favahami,&#8230;<\/p>\n","protected":false},"author":2,"featured_media":54438,"comment_status":"closed","ping_status":"closed","sticky":false,"template":"","format":"standard","meta":[],"categories":[6],"tags":[506,236,2179,1503,122],"_links":{"self":[{"href":"https:\/\/www.infokuryr.cz\/n\/wp-json\/wp\/v2\/posts\/54437"}],"collection":[{"href":"https:\/\/www.infokuryr.cz\/n\/wp-json\/wp\/v2\/posts"}],"about":[{"href":"https:\/\/www.infokuryr.cz\/n\/wp-json\/wp\/v2\/types\/post"}],"author":[{"embeddable":true,"href":"https:\/\/www.infokuryr.cz\/n\/wp-json\/wp\/v2\/users\/2"}],"replies":[{"embeddable":true,"href":"https:\/\/www.infokuryr.cz\/n\/wp-json\/wp\/v2\/comments?post=54437"}],"version-history":[{"count":0,"href":"https:\/\/www.infokuryr.cz\/n\/wp-json\/wp\/v2\/posts\/54437\/revisions"}],"wp:featuredmedia":[{"embeddable":true,"href":"https:\/\/www.infokuryr.cz\/n\/wp-json\/wp\/v2\/media\/54438"}],"wp:attachment":[{"href":"https:\/\/www.infokuryr.cz\/n\/wp-json\/wp\/v2\/media?parent=54437"}],"wp:term":[{"taxonomy":"category","embeddable":true,"href":"https:\/\/www.infokuryr.cz\/n\/wp-json\/wp\/v2\/categories?post=54437"},{"taxonomy":"post_tag","embeddable":true,"href":"https:\/\/www.infokuryr.cz\/n\/wp-json\/wp\/v2\/tags?post=54437"}],"curies":[{"name":"wp","href":"https:\/\/api.w.org\/{rel}","templated":true}]}}