{"id":54433,"date":"2024-05-25T00:50:22","date_gmt":"2024-05-24T22:50:22","guid":{"rendered":"https:\/\/www.infokuryr.cz\/n\/?p=54433"},"modified":"2024-05-25T05:13:51","modified_gmt":"2024-05-25T03:13:51","slug":"civiliste-zabiti-pri-masivnim-utoku-raket-nato-na-krym","status":"publish","type":"post","link":"https:\/\/www.infokuryr.cz\/n\/2024\/05\/25\/civiliste-zabiti-pri-masivnim-utoku-raket-nato-na-krym\/","title":{"rendered":"Civilist\u00e9 zabiti p\u0159i masivn\u00edm \u00fatoku raket NATO na Krym"},"content":{"rendered":"<div id=\"fb-root\"><\/div>\n<p><strong>Ve\u010der 23. kv\u011btna zah\u00e1jila arm\u00e1da Ukrajiny\/NATO dal\u0161\u00ed raketov\u00fd \u00fatok na Krymsk\u00fd poloostrov. Podle m\u00edstn\u00edch zpr\u00e1v h\u0159m\u011bly exploze po cel\u00e9m poloostrov\u011b krom\u011b jeho z\u00e1padn\u00ed \u010d\u00e1sti. \u00datok byl pravd\u011bpodobn\u011b zah\u00e1jen ukrajinsk\u00fdmi drony a americk\u00fdmi raketami ATACMS nebo francouzsko-britsk\u00fdmi st\u0159elami Storm Shadow. \u00datok si bohu\u017eel vy\u017e\u00e1dal civiln\u00ed ob\u011bti.<\/strong><\/p>\n<p>Podle zdroj\u016f z monitoringu bylo spat\u0159eno nejm\u00e9n\u011b 16 raket m\u00ed\u0159\u00edc\u00edch na Krym. N\u011bkter\u00e9 z nich byly vypu\u0161t\u011bny z Od\u011bsk\u00e9 oblasti. Z Chersonsk\u00e9 oblasti byly tak\u00e9 vypu\u0161t\u011bny asi \u010dty\u0159i UAV.<\/p>\n<p>Mezit\u00edm na obloze nad \u010cern\u00fdm mo\u0159em krou\u017e\u00ed pr\u016fzkumn\u00fd dron MQ-8 Reaper americk\u00e9ho letectva.<\/p>\n<p>Zhruba ve 22 hodin m\u00edstn\u00edho \u010dasu byly hl\u00e1\u0161eny v\u00fdbuchy v oblasti hlavn\u00edho m\u011bsta Krymsk\u00e9 republiky \u2013 Simferopolu, d\u00e1le v ji\u017en\u00edch m\u011bstech Jalta a Alu\u0161ta, na severu v D\u017eankoji a na z\u00e1pad\u011b v Jevpatorii. V Sevastopolu zazn\u011bly sir\u00e9ny. V okrese Simferopol na Krymu je sly\u0161et nejm\u00e9n\u011b 20 v\u00fdbuch\u016f. Pravd\u011bpodobn\u011b detonace kazetov\u00fdch st\u0159el ATACMS. Podle p\u0159edb\u011b\u017en\u00fdch zpr\u00e1v byly v oblasti Alu\u0161ta sest\u0159eleny ukrajinsk\u00e9 drony.<\/p>\n<p>V\u011bt\u0161ina v\u00fdbuch\u016f byla pravd\u011bpodobn\u011b v\u00fdsledkem operac\u00ed rusk\u00fdch sil protivzdu\u0161n\u00e9 obrany. M\u00edstn\u00ed zdroje potvrdily zachycen\u00ed n\u011bkolika c\u00edl\u016f v oblasti. Ofici\u00e1ln\u00ed zpr\u00e1va rusk\u00e9ho ministerstva obrany pravd\u011bpodobn\u011b odhal\u00ed dal\u0161\u00ed podrobnosti r\u00e1no 24. kv\u011btna.<\/p>\n<p>M\u00edstn\u00ed \u00fa\u0159ady st\u00e1vky potvrdily. \u0160\u00e9f Krymu ozn\u00e1mil, \u017ee v d\u016fsledku \u00fatoku v okrese Simferopol byli zabiti dva civiln\u00ed p\u0159ihl\u00ed\u017eej\u00edc\u00ed. \u00da\u0159edn\u00edk tak\u00e9 potvrdil st\u00e1vku v oblasti Alushta, kde bylo \u00fadajn\u011b zni\u010deno pr\u00e1zdn\u00e9 za\u0159\u00edzen\u00ed. Na m\u00edst\u011b jsou rozm\u00edst\u011bny pohotovostn\u00ed slu\u017eby.<\/p>\n<p>Video z Alushty potvrdilo \u00fadery v hornat\u00e9 oblasti na v\u00fdchodn\u00edm okraji Alushty. Soud\u011b podle otev\u0159en\u00fdch zdroj\u016f v oblasti nejsou \u017e\u00e1dn\u00e9 st\u00e1l\u00e9 vojensk\u00e9 objekty.<\/p>\n<div style=\"width: 640px;\" class=\"wp-video\"><!--[if lt IE 9]><script>document.createElement('video');<\/script><![endif]-->\n<video class=\"wp-video-shortcode\" id=\"video-54433-1\" width=\"640\" height=\"854\" preload=\"metadata\" controls=\"controls\"><source type=\"video\/mp4\" src=\"http:\/\/www.infokuryr.cz\/n\/wp-content\/uploads\/2024\/05\/alushta.mp4?_=1\" \/><a href=\"http:\/\/www.infokuryr.cz\/n\/wp-content\/uploads\/2024\/05\/alushta.mp4\">http:\/\/www.infokuryr.cz\/n\/wp-content\/uploads\/2024\/05\/alushta.mp4<\/a><\/video><\/div>\n<p>&nbsp;<\/p>\n<p>Rusk\u00e1 arm\u00e1da u\u017e podle p\u0159edb\u011b\u017en\u00fdch zpr\u00e1v zahajuje odvetn\u00e9 \u00fadery na c\u00edle v Od\u011bsk\u00e9 oblasti, odkud byly rakety odp\u00e1leny sm\u011brem na Krym. Na Ukrajinu pr\u00fd m\u00ed\u0159\u00ed nadzvukov\u00e9 st\u0159ely Onyx komplex\u016f Bastion-P a balistick\u00e9 st\u0159ely Iskander.<\/p>\n<p><img decoding=\"async\" loading=\"lazy\" class=\"alignnone size-full wp-image-1185\" src=\"http:\/\/www.infokuryr.cz\/n\/wp-content\/uploads\/2021\/04\/kuryr-podpis.png\" alt=\"\" width=\"84\" height=\"24\" \/><\/p>\n<p>&nbsp;<\/p>\n","protected":false},"excerpt":{"rendered":"<p>Ve\u010der 23. kv\u011btna zah\u00e1jila arm\u00e1da Ukrajiny\/NATO dal\u0161\u00ed raketov\u00fd \u00fatok na Krymsk\u00fd poloostrov. Podle m\u00edstn\u00edch zpr\u00e1v&#8230;<\/p>\n","protected":false},"author":2,"featured_media":19671,"comment_status":"closed","ping_status":"closed","sticky":false,"template":"","format":"standard","meta":[],"categories":[7],"tags":[751,39,349,26,889],"_links":{"self":[{"href":"https:\/\/www.infokuryr.cz\/n\/wp-json\/wp\/v2\/posts\/54433"}],"collection":[{"href":"https:\/\/www.infokuryr.cz\/n\/wp-json\/wp\/v2\/posts"}],"about":[{"href":"https:\/\/www.infokuryr.cz\/n\/wp-json\/wp\/v2\/types\/post"}],"author":[{"embeddable":true,"href":"https:\/\/www.infokuryr.cz\/n\/wp-json\/wp\/v2\/users\/2"}],"replies":[{"embeddable":true,"href":"https:\/\/www.infokuryr.cz\/n\/wp-json\/wp\/v2\/comments?post=54433"}],"version-history":[{"count":0,"href":"https:\/\/www.infokuryr.cz\/n\/wp-json\/wp\/v2\/posts\/54433\/revisions"}],"wp:featuredmedia":[{"embeddable":true,"href":"https:\/\/www.infokuryr.cz\/n\/wp-json\/wp\/v2\/media\/19671"}],"wp:attachment":[{"href":"https:\/\/www.infokuryr.cz\/n\/wp-json\/wp\/v2\/media?parent=54433"}],"wp:term":[{"taxonomy":"category","embeddable":true,"href":"https:\/\/www.infokuryr.cz\/n\/wp-json\/wp\/v2\/categories?post=54433"},{"taxonomy":"post_tag","embeddable":true,"href":"https:\/\/www.infokuryr.cz\/n\/wp-json\/wp\/v2\/tags?post=54433"}],"curies":[{"name":"wp","href":"https:\/\/api.w.org\/{rel}","templated":true}]}}