{"id":54416,"date":"2024-05-25T00:40:35","date_gmt":"2024-05-24T22:40:35","guid":{"rendered":"https:\/\/www.infokuryr.cz\/n\/?p=54416"},"modified":"2024-05-24T16:21:08","modified_gmt":"2024-05-24T14:21:08","slug":"seth-ferris-cina-nikdy-nezapomina-pomsta-muze-byt-peklo","status":"publish","type":"post","link":"https:\/\/www.infokuryr.cz\/n\/2024\/05\/25\/seth-ferris-cina-nikdy-nezapomina-pomsta-muze-byt-peklo\/","title":{"rendered":"Seth Ferris: \u010c\u00edna nikdy nezapom\u00edn\u00e1: &#8222;Pomsta m\u016f\u017ee b\u00fdt PEKLO!&#8220;"},"content":{"rendered":"<div id=\"fb-root\"><\/div>\n<div class=\"elementor-element elementor-element-1fb4c2c elementor-widget elementor-widget-theme-post-content\" data-id=\"1fb4c2c\" data-element_type=\"widget\" data-widget_type=\"theme-post-content.default\">\n<div class=\"elementor-widget-container\">\n<p><span style=\"font-size: 14pt;\"><strong>\u010c\u00ednsk\u00e1 n\u00e1v\u0161t\u011bva B\u011blehradu k 25. v\u00fdro\u010d\u00ed bombardov\u00e1n\u00ed jej\u00ed ambas\u00e1dy, spojen\u00e1 s chladn\u00fdm projevem ministra zahrani\u010d\u00ed USA p\u0159i jeho p\u0159\u00edjezdu do \u010c\u00edny, by m\u011bla vyslat jasn\u00fd vzkaz USA. Zda jsou elity ve Washingtonu dostate\u010dn\u011b chytr\u00e9, aby jim rozum\u011bly, je jin\u00e1 ot\u00e1zka.<\/strong><\/span><\/p>\n<p><span>Americk\u00fd ministr zahrani\u010d\u00ed Anthony Blinken p\u0159ilet\u011bl do \u010c\u00edny a byl p\u0159iv\u00edt\u00e1n bez tradi\u010dn\u00edho \u010derven\u00e9ho koberce, kdy\u017e vystupoval z letadla. Na vrcholu hierarchie \u00fa\u0159edn\u00edk\u016f, kte\u0159\u00ed p\u0159ijali Blinkena, byl Chen Jining, p\u0159edseda v\u00fdboru \u0160anghajsk\u00e9 strany a \u010dlen politbyra. Jeliko\u017e je Blinken ministrem zahrani\u010d\u00ed USA, m\u011bl ho podle protokolu p\u0159ijmout alespo\u0148 \u010d\u00ednsk\u00fd ministr zahrani\u010d\u00ed Wang Yi, kter\u00fd byl n\u00e1padn\u00fd jeho nep\u0159\u00edtomnost\u00ed.<\/span><\/p>\n<p><span>Za zm\u00ednku tak\u00e9 stoj\u00ed, \u017ee USA, a zejm\u00e9na Blinken, pohrozily \u010c\u00edn\u011b sankcemi kv\u016fli jej\u00edm \u00fazk\u00fdm vazb\u00e1m s Ruskem, co\u017e rozhodn\u011b nep\u016fjde dob\u0159e s \u010c\u00ed\u0148any, kte\u0159\u00ed jak\u00e9koli sankce neschv\u00e1len\u00e9 Radou bezpe\u010dnosti OSN pova\u017euj\u00ed za protipr\u00e1vn\u00ed.<\/span><\/p>\n<p><span>Od za\u010d\u00e1tku rusk\u00e9ho SMO na Ukrajin\u011b USA zvedly p\u0159\u00edzrak \u010d\u00ednsk\u00fdch prodej\u016f zbran\u00ed do Ruska, ani\u017e by to prok\u00e1zalo. Nyn\u00ed se zd\u00e1, \u017ee se zam\u011b\u0159uj\u00ed na ve\u0161ker\u00fd \u010d\u00ednsk\u00fd v\u00fdvoz pod v\u0161eobecn\u00fdm pojmem \u201edvoj\u00ed pou\u017eit\u00ed\u201c, co\u017e m\u016f\u017ee znamenat t\u00e9m\u011b\u0159 cokoli vzhledem k dosavadn\u00edm v\u00fdsledk\u016fm americk\u00fdch sankc\u00ed.<\/span><\/p>\n<p><span>V\u00fdsledky takov\u00fdch represivn\u00edch opat\u0159en\u00ed jsou katastrof\u00e1ln\u00ed, zvl\u00e1\u0161t\u011b kdy\u017e se pod\u00edv\u00e1me na p\u0159\u00edpad Ir\u00e1ku, kde sankce na zbo\u017e\u00ed \u201edvoj\u00edho u\u017eit\u00ed\u201c, jako jsou zdravotnick\u00e9 pot\u0159eby a potraviny, \u00fadajn\u011b zabily a\u017e p\u016fl milionu d\u011bt\u00ed. USA se samoz\u0159ejm\u011b sna\u017e\u00ed tvrdit, \u017ee tato \u010d\u00edsla jsou \u201ep\u0159ehnan\u00e1\u201c, ani\u017e by to dokl\u00e1daly skute\u010dn\u00fdmi d\u016fkazy.<\/span><\/p>\n<p><span>Dal\u0161\u00edm d\u016fkazem skute\u010dn\u00e9 povahy takov\u00fdch sankc\u00ed je jejich uplatn\u011bn\u00ed na Rhodesii, pot\u00e9 na n\u00e1stupnick\u00fd st\u00e1t Zimbabwe a tak\u00e9 na \u00cdr\u00e1n a nyn\u00ed na Rusko. Jsou v\u00e1le\u010dnou zbran\u00ed, i kdy\u017e ekonomickou, ale nyn\u00ed se za\u010d\u00edn\u00e1 obracet proti sv\u00e9mu prim\u00e1rn\u00edmu u\u017eivateli.<\/span><\/p>\n<p><span>Net\u0159eba dod\u00e1vat, \u017ee pochybuji, \u017ee \u010c\u00ed\u0148an\u00e9 v brzk\u00e9 dob\u011b zm\u011bn\u00ed kurz, proto\u017ee rozv\u00edjej\u00edc\u00ed se obchod \u010c\u00edny s Ruskem, kter\u00fd v roce 2023 p\u0159ekro\u010dil sv\u016fj c\u00edl 200 miliard dolar\u016f o masivn\u00edch 40 miliard dolar\u016f, pomohl ekonomice r\u016fst v\u00fdrazn\u011b nad o\u010dek\u00e1v\u00e1n\u00ed a dos\u00e1hl v roce 2023 5,4 %. pouze prvn\u00ed \u010dtvrtlet\u00ed roku 2024.<\/span><\/p>\n<p><span>\u010c\u00edna \u0161\u0165astn\u011b uko\u0159istila export energie z Ruska, kter\u00fd EU hloup\u011b odm\u00edtla a zak\u00e1zala, a pomohla tak pos\u00edlit jej\u00ed st\u00e1le rostouc\u00ed pr\u016fmyslovou s\u00edlu. \u010c\u00ed\u0148an\u00e9 na opl\u00e1tku kryj\u00ed dovozn\u00ed mezery do Ruska zp\u016fsoben\u00e9 sankcemi USA a EU a udr\u017euj\u00ed ruskou ekonomiku v chodu pomoc\u00ed obr\u00e1b\u011bc\u00edch stroj\u016f, po\u010d\u00edta\u010dov\u00fdch \u010dip\u016f a dal\u0161\u00edho pr\u016fmyslov\u00e9ho zbo\u017e\u00ed.<\/span><\/p>\n<p><span style=\"font-size: 18pt;\"><strong>V reakci na hrozby sankc\u00ed USA mluv\u010d\u00ed \u010d\u00ednsk\u00e9ho ministerstva zahrani\u010d\u00ed Wang Wenbin zopakoval postoj \u010c\u00edny, kter\u00fd stoj\u00ed za to citovat v pln\u00e9m rozsahu:<\/strong><\/span><\/p>\n<p><em><span>\u201eSpojen\u00e9 st\u00e1ty pokra\u010duj\u00ed v neopodstatn\u011bn\u00fdch obvin\u011bn\u00edch proti norm\u00e1ln\u00edm obchodn\u00edm a ekonomick\u00fdm v\u00fdm\u011bn\u00e1m mezi \u010c\u00ednou a Ruskem a z\u00e1rove\u0148 p\u0159ij\u00edmaj\u00ed z\u00e1kon, kter\u00fd poskytuje Ukrajin\u011b rozs\u00e1hlou pomoc. To je jen pokryteck\u00e9 a vysoce nezodpov\u011bdn\u00e9. \u010c\u00edna to rozhodn\u011b odm\u00edt\u00e1.<\/span><\/em><\/p>\n<p><em><span>Pokud jde o Ukrajinu, postoj \u010c\u00edny je spravedliv\u00fd a objektivn\u00ed. Aktivn\u011b jsme se zapojili do diskus\u00ed o m\u00edru a politick\u00e9m \u0159e\u0161en\u00ed. Vl\u00e1da sleduje v\u00fdvoz zbo\u017e\u00ed dvoj\u00edho u\u017eit\u00ed v souladu se z\u00e1kony a p\u0159edpisy. \u010c\u00edna nen\u00ed p\u0159\u00ed\u010dinou ukrajinsk\u00e9 krize ani stranou, kter\u00e1 se na n\u00ed pod\u00edl\u00ed. Nerozdm\u00fdch\u00e1v\u00e1me plameny ani nehled\u00e1me sobeck\u00e9 v\u00fdhody a rozhodn\u011b nep\u0159ijmeme, abychom byli ob\u011btn\u00edm ber\u00e1nkem.<\/span><\/em><\/p>\n<p><em><span>R\u00e1d bych zopakoval, \u017ee pr\u00e1vo \u010c\u00edny na norm\u00e1ln\u00ed obchodn\u00ed a ekonomick\u00e9 v\u00fdm\u011bny s Ruskem a dal\u0161\u00edmi zem\u011bmi sv\u011bta na z\u00e1klad\u011b rovnosti a vz\u00e1jemn\u00e9ho prosp\u011bchu by nem\u011blo b\u00fdt naru\u0161eno nebo naru\u0161eno. Z\u00e1konn\u00e1 a z\u00e1konn\u00e1 pr\u00e1va a z\u00e1jmy \u010c\u00edny by nem\u011bly b\u00fdt poru\u0161ov\u00e1ny.<\/span><\/em><\/p>\n<p><em><span>Spojen\u00e9 st\u00e1ty mus\u00ed v\u011bd\u011bt, \u017ee probl\u00e9m Ukrajiny nelze vy\u0159e\u0161it rozdm\u00fdch\u00e1v\u00e1n\u00edm plamen\u016f nebo pomlouv\u00e1n\u00edm druh\u00fdch a p\u0159esouv\u00e1n\u00edm viny. Pouze zohledn\u011bn\u00ed legitimn\u00edch bezpe\u010dnostn\u00edch z\u00e1jm\u016f v\u0161ech stran a vytvo\u0159en\u00ed vyv\u00e1\u017een\u00e9, efektivn\u00ed a udr\u017eiteln\u00e9 evropsk\u00e9 bezpe\u010dnostn\u00ed architektury prost\u0159ednictv\u00edm dialogu a jedn\u00e1n\u00ed je spr\u00e1vnou cestou vp\u0159ed.\u201c<\/span><\/em><\/p>\n<p><span>\u010c\u00ednsk\u00e1 pozice je vyv\u00e1\u017een\u00e1 a promy\u0161len\u00e1, jak by se dalo o\u010dek\u00e1vat od jedn\u00e9 z nejstar\u0161\u00edch a nejv\u011bt\u0161\u00edch civilizac\u00ed na Zemi. Americk\u00e1 vl\u00e1da obecn\u011b a Anthony Blinken zvl\u00e1\u0161t\u011b by si m\u011bli pamatovat, \u017ee \u010c\u00edna vedla diplomacii ji\u017e v dob\u011b, kdy jejich p\u0159edkov\u00e9 je\u0161t\u011b \u017eili v hlin\u011bn\u00fdch chatr\u010d\u00edch.<\/span><\/p>\n<p><span>\u010c\u00ed\u0148an\u00e9 tak\u00e9 pova\u017euj\u00ed za odporn\u00e9, \u017ee USA a EU investovaly miliardy do zbran\u00ed, aby prodlou\u017eily v\u00e1lku, ale po\u017eaduj\u00ed, aby ostatn\u00ed zastavili civiln\u00ed obchod s Ruskem. Nelze je vinit za jejich zjevn\u00e9 znechucen\u00ed z\u00e1padn\u00edm pokrytectv\u00edm v t\u00e9to ot\u00e1zce.<\/span><\/p>\n<p><span>Nyn\u00ed k 25. v\u00fdro\u010d\u00ed americk\u00e9ho bombardov\u00e1n\u00ed \u010d\u00ednsk\u00e9 ambas\u00e1dy v B\u011blehrad\u011b. Bombardov\u00e1n\u00ed \u010d\u00ednsk\u00e9 ambas\u00e1dy 7. kv\u011btna 1999 bylo dramatickou ud\u00e1lost\u00ed, i kdy\u017e to v t\u00e9 dob\u011b mnoz\u00ed tak nevn\u00edmali. P\u0159i \u00fatoku byli zabiti t\u0159i \u010d\u00edn\u0161t\u00ed novin\u00e1\u0159i (v t\u00e9 dob\u011b \u0161okuj\u00edc\u00ed, ale nyn\u00ed je to standardn\u00ed j\u00edzda v modern\u00ed v\u00e1lce ze strany USA a jejich \u201enejv\u011bt\u0161\u00edho spojence\u201c Izraele) a zranila \u0159adu dal\u0161\u00edch \u010d\u00ednsk\u00fdch ob\u010dan\u016f.<\/span><\/p>\n<p><span>\u010c\u00edna v t\u00e9 dob\u011b vystoupila v OSN proti bombardov\u00e1n\u00ed Jugosl\u00e1vie NATO a p\u0159idala se k Rusku v vetov\u00e1n\u00ed opat\u0159en\u00ed veden\u00e9 USA, kter\u00e9 povolovalo \u00fatok. USA pozd\u011bji tvrdily, \u017ee bombardov\u00e1n\u00ed bylo \u201en\u00e1hodn\u00e9\u201c, ale je velmi pravd\u011bpodobn\u00e9, \u017ee USA, kter\u00e9 byly v t\u00e9 dob\u011b mnohem mocn\u011bj\u0161\u00ed ne\u017e \u010c\u00ednsk\u00e1 lidov\u00e1 republika, cht\u011bly vyslat nep\u0159\u00edli\u0161 rafinovanou zpr\u00e1vu.<\/span><\/p>\n<p><span>Po bombov\u00e9m \u00fatoku n\u00e1sledoval masov\u00fd protest p\u0159ed americkou ambas\u00e1dou v Pekingu, prvn\u00ed vl\u00e1dou schv\u00e1len\u00fd protest za posledn\u00edch deset let. Existuj\u00ed tak\u00e9 d\u016fkazy, \u017ee bombardov\u00e1n\u00ed p\u0159im\u011blo \u010c\u00ed\u0148any podniknout masivn\u00ed vojensk\u00e9 nahromad\u011bn\u00ed, proto\u017ee si uv\u011bdomili, \u017ee jejich politika m\u00edrov\u00e9ho sou\u017eit\u00ed s \u200b\u200bUSA byla nejen neop\u011btovan\u00e1, ale byla tak\u00e9 USA aktivn\u011b zneu\u017e\u00edv\u00e1na.<\/span><\/p>\n<p><span>Tato politika, \u010dasto ozna\u010dovan\u00e1 jako \u201eBohat\u00e1 zem\u011b, siln\u00e1 arm\u00e1da\u201c, p\u0159inesla v posledn\u00edch dvou desetilet\u00edch sv\u00e9 ovoce: \u010c\u00edna je nyn\u00ed schopna vyr\u00e1b\u011bt vlastn\u00ed st\u00edha\u010dky typu stealth, jako jsou J-20 a FC-31, a tak\u00e9 anti- lodn\u00ed balistick\u00e9 st\u0159ely (tak\u00e9 zn\u00e1m\u00e9 jako \u201ezabij\u00e1ci nosi\u010d\u016f\u201c) jako DF-21. K dispozici je tak\u00e9 \u0161irok\u00e1 \u0161k\u00e1la konven\u010dn\u011bj\u0161\u00edch letadel jako ji\u017e osv\u011bd\u010den\u00fd rusk\u00fd Su-35 a rychle rostouc\u00ed a modernizovan\u00e9 \u010d\u00ednsk\u00e9 n\u00e1mo\u0159nictvo, kter\u00e9 je nyn\u00ed nejv\u011bt\u0161\u00ed na sv\u011bt\u011b.<\/span><\/p>\n<p><span>\u010c\u00ednsk\u00e1 politika vytv\u00e1\u0159en\u00ed ostrovn\u00edch z\u00e1kladen se zd\u00e1 b\u00fdt zam\u011b\u0159ena na vytvo\u0159en\u00ed \u201eno-go\u201c z\u00f3n dostate\u010dn\u011b velk\u00fdch na to, aby udr\u017eely americk\u00e9 letadlov\u00e9 lod\u011b mimo pevninskou \u010c\u00ednu a \u017eivotn\u011b d\u016fle\u017eit\u00e9 lodn\u00ed trasy v budouc\u00ed v\u00e1lce, \u010d\u00edm\u017e se zv\u00fd\u0161\u00ed v\u00fdhoda USA v t\u011bchto platform\u00e1ch, kter\u00e9 jsou zni\u010deny.<\/span><\/p>\n<p class=\"has-medium-font-size\"><span style=\"font-size: 18pt;\"><strong>Bagatelizace n\u00e1vrh\u016f \u010d\u00ednsk\u00fdch zbran\u00ed<\/strong><\/span><\/p>\n<p><span>Net\u0159eba dod\u00e1vat, \u017ee z\u00e1padn\u00ed vojen\u0161t\u00ed koment\u00e1to\u0159i maj\u00ed tendenci d\u00e9monizovat \u010d\u00ednsk\u00e9 zbra\u0148ov\u00e9 syst\u00e9my t\u00edm, \u017ee p\u0159edpokl\u00e1daj\u00ed, \u017ee jejich americk\u00e9 prot\u011bj\u0161ky jsou \u201ev\u00fdrazn\u011b lep\u0161\u00ed\u201c, ani\u017e by kdy poskytli n\u011bjak\u00e9 skute\u010dn\u00e9 d\u016fkazy. \u010clov\u011bk by si myslel, \u017ee by se pou\u010dili z debaklu na Ukrajin\u011b, kde z\u00e1padn\u00ed \u201ez\u00e1zra\u010dn\u00e9 zbran\u011b\u201c od Javelin ATGM a Stinger MANPAD po Lepoard 2, Challenger 2, Abrams, Bradley AFV a \u201ev\u00e1le\u010dn\u00e9 kritick\u00e9\u201c HIMARS, Patriot, Storm Shadow a GLSDB (Ground Launched Small Diameter Bomb) nedok\u00e1zaly zm\u011bnit pr\u016fb\u011bh v\u00e1lky a v mnoha p\u0159\u00edpadech selhaly ok\u00e1zale.<\/span><\/p>\n<p><span>Nav\u00edc hrozby sankc\u00ed v\u016f\u010di \u010c\u00edn\u011b, a\u0165 u\u017e v podob\u011b finan\u010dn\u00edch sankc\u00ed v\u016f\u010di bank\u00e1m nebo v\u016f\u010di kl\u00ed\u010dov\u00fdm spole\u010dnostem a exportu, se pravd\u011bpodobn\u011b vr\u00e1t\u00ed zp\u011bt. \u010c\u00edna je d\u00edlnou sv\u011bta, kter\u00e1 dod\u00e1v\u00e1 v\u011bt\u0161inu ka\u017edodenn\u00edch v\u011bc\u00ed, kter\u00e9 udr\u017euj\u00ed sv\u011bt v chodu, a to nejen ve vyr\u00e1b\u011bn\u00e9m zbo\u017e\u00ed, ale tak\u00e9 v \u017eivotn\u011b d\u016fle\u017eit\u00fdch vz\u00e1cn\u00fdch zemin\u00e1ch, kter\u00e9 na\u0161e modern\u00ed technologick\u00e1 spole\u010dnost pot\u0159ebuje, aby fungovala, a z nich\u017e \u010c\u00edna ovl\u00e1d\u00e1 92 % dostupn\u00e9 z\u00e1soby.<\/span><\/p>\n<p class=\"has-medium-font-size\"><span style=\"font-size: 18pt;\"><strong>\u0160t\u011bst\u00ed se obr\u00e1tilo<\/strong><\/span><\/p>\n<p><span>\u010c\u00edna ji\u017e nen\u00ed rozvojovou zem\u00ed, kter\u00e1 nem\u011bla \u017e\u00e1dn\u00fd zp\u016fsob, jak bezpe\u010dn\u011b reagovat na americk\u00e9 bombardov\u00e1n\u00ed sv\u00e9 ambas\u00e1dy v roce 1999. Nyn\u00ed je to vojensk\u00e1 a ekonomick\u00e1 supervelmoc, kter\u00e1 m\u016f\u017ee reagovat na jakoukoli americkou agresi r\u016fzn\u00fdmi zp\u016fsoby, a\u0165 u\u017e vojensky nebo \u0161\u00edlenou my\u0161lenkou jednostrann\u00fdch sankc\u00ed.<\/span><\/p>\n<p><span>U\u017e jsme sv\u011bdky toho, jak se \u010c\u00ed\u0148an\u00e9 zbavuj\u00ed sv\u00fdch dr\u017een\u00fdch v americk\u00fdch dolarech, zejm\u00e9na vl\u00e1dn\u00edch dluhopis\u016f, a nakupuj\u00ed zlato. Rychl\u00fd a masivn\u00ed n\u00e1r\u016fst t\u011bchto aktivit by rychle urychlil proces dedolarizace, co\u017e by zase m\u011blo v\u00e1\u017en\u00e9 d\u016fsledky pro schopnost Spojen\u00fdch st\u00e1t\u016f pokra\u010dovat v tisku pen\u011bz.<\/span><\/p>\n<p><span>Protisankce proti velk\u00fdm americk\u00fdm spole\u010dnostem by tak\u00e9 zp\u016fsobily v\u00e1\u017en\u00e9 ekonomick\u00e9 probl\u00e9my a p\u0159eru\u0161en\u00ed dod\u00e1vek kov\u016f vz\u00e1cn\u00fdch zemin by p\u0159ivedlo americk\u00fd technologick\u00fd pr\u016fmysl, zejm\u00e9na ten, kter\u00fd podporuje vojensko-pr\u016fmyslov\u00fd komplex USA, k n\u00e1hl\u00e9mu a bolestiv\u00e9mu zastaven\u00ed.<\/span><\/p>\n<p><span>Opravdu mi to p\u0159ipad\u00e1, jako by americk\u00e1 vl\u00e1da, kter\u00e1 byla zvykl\u00e1 neb\u00fdt nejv\u011bt\u0161\u00edm d\u00edt\u011btem v bloku, ale jedin\u00fdm d\u00edt\u011btem v bloku, zcela nedok\u00e1zala dr\u017eet krok s v\u00fdvojem a nyn\u00ed zji\u0161\u0165uje, co se stane, kdy\u017e si \u010dasto nad\u00e1van\u00e9 d\u00edt\u011b uv\u011bdom\u00ed \u017ee se stal v\u011bt\u0161\u00edm a siln\u011bj\u0161\u00edm ne\u017e jeho tr\u00fdznitel.<\/span><\/p>\n<p><span>Hodn\u011b \u0161t\u011bst\u00ed, Ameriko, m\u016f\u017ee\u0161 si za to sama!<\/span><\/p>\n<p><strong><em>Autor: Seth Ferris<\/em><\/strong><\/p>\n<\/div>\n<\/div>\n<div class=\"elementor-element elementor-element-8c57238 quelle dc-has-condition dc-condition-empty elementor-widget elementor-widget-heading\" data-id=\"8c57238\" data-element_type=\"widget\" data-widget_type=\"heading.default\">\n<div class=\"elementor-widget-container\">\n<h3 class=\"elementor-heading-title elementor-size-default\"><span style=\"font-size: 10pt;\"><a href=\"https:\/\/journal-neo.su\/2024\/05\/13\/china-never-forgets-paybacks-can-be-hell\/\" target=\"_blank\" rel=\"nofollow noopener\">ZDROJ<\/a><\/span><\/h3>\n<p>&nbsp;<\/p>\n<\/div>\n<\/div>\n","protected":false},"excerpt":{"rendered":"<p>\u010c\u00ednsk\u00e1 n\u00e1v\u0161t\u011bva B\u011blehradu k 25. v\u00fdro\u010d\u00ed bombardov\u00e1n\u00ed jej\u00ed ambas\u00e1dy, spojen\u00e1 s chladn\u00fdm projevem ministra zahrani\u010d\u00ed&#8230;<\/p>\n","protected":false},"author":2,"featured_media":54417,"comment_status":"closed","ping_status":"closed","sticky":false,"template":"","format":"standard","meta":[],"categories":[7],"tags":[30,1503,37,814],"_links":{"self":[{"href":"https:\/\/www.infokuryr.cz\/n\/wp-json\/wp\/v2\/posts\/54416"}],"collection":[{"href":"https:\/\/www.infokuryr.cz\/n\/wp-json\/wp\/v2\/posts"}],"about":[{"href":"https:\/\/www.infokuryr.cz\/n\/wp-json\/wp\/v2\/types\/post"}],"author":[{"embeddable":true,"href":"https:\/\/www.infokuryr.cz\/n\/wp-json\/wp\/v2\/users\/2"}],"replies":[{"embeddable":true,"href":"https:\/\/www.infokuryr.cz\/n\/wp-json\/wp\/v2\/comments?post=54416"}],"version-history":[{"count":0,"href":"https:\/\/www.infokuryr.cz\/n\/wp-json\/wp\/v2\/posts\/54416\/revisions"}],"wp:featuredmedia":[{"embeddable":true,"href":"https:\/\/www.infokuryr.cz\/n\/wp-json\/wp\/v2\/media\/54417"}],"wp:attachment":[{"href":"https:\/\/www.infokuryr.cz\/n\/wp-json\/wp\/v2\/media?parent=54416"}],"wp:term":[{"taxonomy":"category","embeddable":true,"href":"https:\/\/www.infokuryr.cz\/n\/wp-json\/wp\/v2\/categories?post=54416"},{"taxonomy":"post_tag","embeddable":true,"href":"https:\/\/www.infokuryr.cz\/n\/wp-json\/wp\/v2\/tags?post=54416"}],"curies":[{"name":"wp","href":"https:\/\/api.w.org\/{rel}","templated":true}]}}