{"id":54374,"date":"2024-05-24T00:47:47","date_gmt":"2024-05-23T22:47:47","guid":{"rendered":"https:\/\/www.infokuryr.cz\/n\/?p=54374"},"modified":"2024-05-23T18:04:29","modified_gmt":"2024-05-23T16:04:29","slug":"cina-durazne-varuje-usa-pred-navstevami-tchaj-wanu","status":"publish","type":"post","link":"https:\/\/www.infokuryr.cz\/n\/2024\/05\/24\/cina-durazne-varuje-usa-pred-navstevami-tchaj-wanu\/","title":{"rendered":"\u010c\u00edna d\u016frazn\u011b varuje USA p\u0159ed n\u00e1v\u0161t\u011bvami Tchaj-wanu"},"content":{"rendered":"<div id=\"fb-root\"><\/div>\n<p><span style=\"font-size: 18pt;\"><strong>Peking prohl\u00e1sil, \u017ee je rozhodn\u011b proti jak\u00fdmkoli ofici\u00e1ln\u00edm v\u00fdm\u011bn\u00e1m mezi Washingtonem a Tchaj-pej\u00ed<\/strong><\/span><\/p>\n<p>Ameri\u010dt\u00ed z\u00e1konod\u00e1rci mus\u00ed ukon\u010dit v\u0161echny n\u00e1v\u0161t\u011bvy Tchaj-wanu a dodr\u017eovat politiku jedn\u00e9 \u010c\u00edny, nebo b\u00fdt p\u0159ipraveni \u010delit n\u00e1sledk\u016fm, \u0159ekl mluv\u010d\u00ed pekingsk\u00e9ho ministerstva zahrani\u010d\u00ed Wang Wenbin ve \u010dtvrtek na tiskov\u00e9 konferenci.<\/p>\n<p>Jeho koment\u00e1\u0159e byly reakc\u00ed na prohl\u00e1\u0161en\u00ed p\u0159edsedy zahrani\u010dn\u00edho v\u00fdboru Sn\u011bmovny reprezentant\u016f USA Michaela McCaula, kter\u00fd v \u00fater\u00fd ozn\u00e1mil, \u017ee se nenech\u00e1 odradit hrozbami \u010c\u00edny a povede americkou delegaci na Tchaj-wan, kterou nazval\u00a0<em>\u201enejdra\u017e\u0161\u00ed p\u0159\u00edtel, partner a spojenec\u201c<\/em>\u00a0Washingtonu na konci m\u011bs\u00edce.<\/p>\n<p>Peking pova\u017euje samospr\u00e1vn\u00fd ostrov za nezcizitelnou sou\u010d\u00e1st \u010c\u00edny a usiluje o m\u00edrov\u00e9 znovusjednocen\u00ed a vehementn\u011b odsuzuje jak\u00e1koli separatistick\u00e1 hnut\u00ed, kter\u00e1 usiluj\u00ed o nez\u00e1vislost Tchaj-wanu.<\/p>\n<p>Wang \u0159ekl, \u017ee Peking je rozhodn\u011b proti jak\u00e9koli form\u011b\u00a0<em>\u201eofici\u00e1ln\u00edch v\u00fdm\u011bn\u201c<\/em>\u00a0mezi Washingtonem a Tchaj-pej, a vyzval p\u0159edstavitele USA, aby jak\u00fdmkoli zp\u016fsobem a pod jakoukoli z\u00e1minkou nezasahovali do z\u00e1le\u017eitost\u00ed ostrova.<\/p>\n<p>Dodal, \u017ee varov\u00e1n\u00ed se vztahuje na Kongres USA, jeho\u017e z\u00e1stupci jsou\u00a0<em>\u201ened\u00edlnou sou\u010d\u00e1st\u00ed vl\u00e1dy USA\u201c,<\/em> a proto by se m\u011bli \u0159\u00eddit politikou jedn\u00e9 \u010c\u00edny ofici\u00e1ln\u011b uznanou Washingtonem a udr\u017eovat pouze kulturn\u00ed, obchodn\u00ed a jin\u00e9 neofici\u00e1ln\u00ed vztahy USA s ostrovem.<\/p>\n<p>Pokud \u010dlenov\u00e9 Kongresu Tchaj-wan skute\u010dn\u011b nav\u0161t\u00edv\u00ed, Wang varoval, \u017ee by to bylo vykl\u00e1d\u00e1no jako\u00a0<em>\u201ev\u00e1\u017en\u00e9 poru\u0161en\u00ed\u201c<\/em>\u00a0principu jedn\u00e9 \u010c\u00edny, pokus po\u0161kodit suverenitu a \u00fazemn\u00ed celistvost \u010c\u00edny a\u00a0<em>\u201ev\u00e1\u017en\u011b \u0161patn\u00fd sign\u00e1l\u201c<\/em>\u00a0pro tchajwansk\u00e9 separatistick\u00e9 s\u00edly.<\/p>\n<p><em>&#8222;Pokud USA trvaj\u00ed na sv\u00e9 vlastn\u00ed cest\u011b, mus\u00ed b\u00fdt pln\u011b odpov\u011bdn\u00e9 za d\u016fsledky,&#8220;<\/em>\u00a0zd\u016fraznil Wang.<\/p>\n<p>Mezit\u00edm \u010d\u00ednsk\u00e1 arm\u00e1da ve \u010dtvrtek ozn\u00e1mila, \u017ee Lidov\u00e1 osvobozeneck\u00e1 arm\u00e1da (PLA) zah\u00e1jila s\u00e9rii spole\u010dn\u00fdch cvi\u010den\u00ed pobl\u00ed\u017e Tchaj-wanu, kter\u00e1 maj\u00ed slou\u017eit jako\u00a0<em>\u201etrest\u201c<\/em>\u00a0pro separatistick\u00e9 s\u00edly usiluj\u00edc\u00ed o nez\u00e1vislost a jako\u00a0<em>\u201ep\u0159\u00edsn\u00e9 varov\u00e1n\u00ed\u201c<\/em>\u00a0p\u0159ed jak\u00fdmikoli vn\u011bj\u0161\u00edmi silami usiluj\u00edc\u00edmi o zasahovat do vnit\u0159n\u00edch z\u00e1le\u017eitost\u00ed \u010c\u00edny.<\/p>\n<p>Cvi\u010den\u00ed se \u00fadajn\u011b z\u00fa\u010dastn\u00ed arm\u00e1da, n\u00e1mo\u0159nictvo, letectvo a raketov\u00e9 s\u00edly, z nich\u017e v\u0161echny budou prov\u00e1d\u011bt cvi\u010den\u00ed v r\u016fzn\u00fdch oblastech kolem Tchaj-wanu se zam\u011b\u0159en\u00edm na kombinovanou hl\u00eddku bojov\u00e9 p\u0159ipravenosti mo\u0159e-vzduch, kontrolu boji\u0161t\u011b a spole\u010dn\u00e9 p\u0159esn\u00e9 \u00fadery.<\/p>\n<p><img decoding=\"async\" loading=\"lazy\" class=\"alignnone size-full wp-image-1185\" src=\"http:\/\/www.infokuryr.cz\/n\/wp-content\/uploads\/2021\/04\/kuryr-podpis.png\" alt=\"\" width=\"84\" height=\"24\" \/><\/p>\n<p>&nbsp;<\/p>\n","protected":false},"excerpt":{"rendered":"<p>Peking prohl\u00e1sil, \u017ee je rozhodn\u011b proti jak\u00fdmkoli ofici\u00e1ln\u00edm v\u00fdm\u011bn\u00e1m mezi Washingtonem a Tchaj-pej\u00ed Ameri\u010dt\u00ed z\u00e1konod\u00e1rci&#8230;<\/p>\n","protected":false},"author":2,"featured_media":54375,"comment_status":"closed","ping_status":"closed","sticky":false,"template":"","format":"standard","meta":[],"categories":[7],"tags":[30,333,37,1402],"_links":{"self":[{"href":"https:\/\/www.infokuryr.cz\/n\/wp-json\/wp\/v2\/posts\/54374"}],"collection":[{"href":"https:\/\/www.infokuryr.cz\/n\/wp-json\/wp\/v2\/posts"}],"about":[{"href":"https:\/\/www.infokuryr.cz\/n\/wp-json\/wp\/v2\/types\/post"}],"author":[{"embeddable":true,"href":"https:\/\/www.infokuryr.cz\/n\/wp-json\/wp\/v2\/users\/2"}],"replies":[{"embeddable":true,"href":"https:\/\/www.infokuryr.cz\/n\/wp-json\/wp\/v2\/comments?post=54374"}],"version-history":[{"count":0,"href":"https:\/\/www.infokuryr.cz\/n\/wp-json\/wp\/v2\/posts\/54374\/revisions"}],"wp:featuredmedia":[{"embeddable":true,"href":"https:\/\/www.infokuryr.cz\/n\/wp-json\/wp\/v2\/media\/54375"}],"wp:attachment":[{"href":"https:\/\/www.infokuryr.cz\/n\/wp-json\/wp\/v2\/media?parent=54374"}],"wp:term":[{"taxonomy":"category","embeddable":true,"href":"https:\/\/www.infokuryr.cz\/n\/wp-json\/wp\/v2\/categories?post=54374"},{"taxonomy":"post_tag","embeddable":true,"href":"https:\/\/www.infokuryr.cz\/n\/wp-json\/wp\/v2\/tags?post=54374"}],"curies":[{"name":"wp","href":"https:\/\/api.w.org\/{rel}","templated":true}]}}