{"id":54372,"date":"2024-05-24T00:46:20","date_gmt":"2024-05-23T22:46:20","guid":{"rendered":"https:\/\/www.infokuryr.cz\/n\/?p=54372"},"modified":"2024-05-23T18:00:52","modified_gmt":"2024-05-23T16:00:52","slug":"izrael-zavrazdil-vyznamneho-velitele-hizballahu-skupina-reaguje-raketovou-palbou","status":"publish","type":"post","link":"https:\/\/www.infokuryr.cz\/n\/2024\/05\/24\/izrael-zavrazdil-vyznamneho-velitele-hizballahu-skupina-reaguje-raketovou-palbou\/","title":{"rendered":"Izrael zavra\u017edil v\u00fdznamn\u00e9ho velitele Hizball\u00e1hu, skupina reaguje raketovou palbou"},"content":{"rendered":"<div id=\"fb-root\"><\/div>\n<p><strong>Izrael zavra\u017edil 23. kv\u011btna prominentn\u00edho velitele Hizball\u00e1hu v ji\u017en\u00edm Libanonu a skupina odpov\u011bd\u011bla odp\u00e1len\u00edm des\u00edtek raket.<\/strong><\/p>\n<p>Ve sv\u00e9m prohl\u00e1\u0161en\u00ed IDF uvedla, \u017ee zabila Nassera Farrana, kter\u00fd byl \u201eprominentn\u00edm\u201c velitelem Hizball\u00e1hu odpov\u011bdn\u00fdm za v\u00fdrobu a n\u00e1kup zbran\u00ed.<\/p>\n<p>Farran byl zabit p\u0159i \u00fatoku dronu ve m\u011bst\u011b Kafr Dajjal v ji\u017en\u00edm Libanonu. Hizball\u00e1h potvrdil jeho smrt, ale neposkytl informace o jeho roli. Stejn\u00fd \u00fader zranil t\u0159i d\u011bti, kter\u00e9 byly na palub\u011b minibusu, kter\u00fd v t\u00e9 dob\u011b proj\u00ed\u017ed\u011bl pobl\u00ed\u017e.<\/p>\n<p>IDF ve sv\u00e9m prohl\u00e1\u0161en\u00ed tvrdila, \u017ee Farran byl siln\u011b zapojen do \u201ev\u00fdroby strategick\u00fdch a jedine\u010dn\u00fdch zbran\u00ed Hizball\u00e1hu\u201c.<\/p>\n<p>N\u011bkter\u00e1 ze za\u0159\u00edzen\u00ed pod Farranov\u00fdm velen\u00edm byla v posledn\u00edch m\u011bs\u00edc\u00edch zasa\u017eena, uvedla IDF s t\u00edm, \u017ee atent\u00e1t je sou\u010d\u00e1st\u00ed prob\u00edhaj\u00edc\u00edch operac\u00ed, kter\u00e9 maj\u00ed \u201ezp\u016fsobit r\u00e1nu budov\u00e1n\u00ed teroristick\u00e9 organizace Hizball\u00e1h zbran\u011bmi ur\u010den\u00fdmi k \u00fatoku na izraelskou dom\u00e1c\u00ed frontu. .\u201c<\/p>\n<p><iframe loading=\"lazy\" src=\"https:\/\/s2.cdnstatic.space\/wp-content\/uploads\/2024\/05\/twitsave.com_Nd1XT6uOEuEP3B-Y-1.mp4\" width=\"600\" height=\"338\" data-mce-fragment=\"1\"><\/iframe><\/p>\n<p>Po atent\u00e1tu Hizball\u00e1h ve dvou samostatn\u00fdch prohl\u00e1\u0161en\u00edch uvedl, \u017ee jeho bojovn\u00edci vyp\u00e1lili des\u00edtky raket Ka\u0165u\u0161a a Falaq na nov\u011b z\u0159\u00edzen\u00e9 velitelstv\u00ed 91. divize v osad\u011b Ajelet a dal\u0161\u00ed ze 769. brig\u00e1dy v osad\u011b Bejt Hillel.<\/p>\n<p>Hebrejsk\u00e1 m\u00e9dia uvedla, \u017ee p\u0159i prvn\u00edm \u00fatoku bylo z ji\u017en\u00edho Libanonu vyp\u00e1leno 30 raket, p\u0159i\u010dem\u017e odpalovac\u00ed za\u0159\u00edzen\u00ed bylo zasa\u017eeno pozd\u011bji IDF a nejm\u00e9n\u011b p\u011bt bylo vyp\u00e1leno p\u0159i druh\u00e9m. Nebyly hl\u00e1\u0161eny \u017e\u00e1dn\u00e9 ob\u011bti, pouze materi\u00e1ln\u00ed ztr\u00e1ty.<\/p>\n<p>Ve dvou dal\u0161\u00edch prohl\u00e1\u0161en\u00edch Hizball\u00e1h ozn\u00e1mil, \u017ee jeho bojovn\u00edci zas\u00e1hli sledovac\u00ed za\u0159\u00edzen\u00ed IDF v lokalit\u00e1ch Metula a al-Rahib pomoc\u00ed vhodn\u00fdch zbran\u00ed.<\/p>\n<p>Tyto \u010dty\u0159i \u00fatoky byly provedeny na podporu palestinsk\u00e9ho lidu a odporu v p\u00e1smu Gazy a jako reakce na atent\u00e1t na Kafr Dajjal, uvedla skupina ve sv\u00fdch prohl\u00e1\u0161en\u00edch.<\/p>\n<p><iframe loading=\"lazy\" src=\"https:\/\/s2.cdnstatic.space\/wp-content\/uploads\/2024\/05\/twitsave.com_nS5MWum9mZDjhCIs.mp4\" width=\"600\" height=\"338\" data-mce-fragment=\"1\"><\/iframe><\/p>\n<p>St\u0159ety na libanonsko-izraelsk\u00e9 hranici poprv\u00e9 vypukly po za\u010d\u00e1tku v\u00e1lky v Gaze loni v \u0159\u00edjnu, kdy Hizball\u00e1h a jeho spojenci podnikli \u00fatoky na podporu P\u00e1sma.<\/p>\n<p>Dosud si hrani\u010dn\u00ed st\u0159ety vy\u017e\u00e1daly na izraelsk\u00e9 stran\u011b deset mrtv\u00fdch civilist\u016f a tak\u00e9 nejm\u00e9n\u011b 14 voj\u00e1k\u016f a z\u00e1lo\u017en\u00edk\u016f IDF. Na libanonsk\u00e9 stran\u011b bylo zabito v\u00edce ne\u017e 400 lid\u00ed, v\u010detn\u011b 292 bojovn\u00edk\u016f Hizball\u00e1hu a nejm\u00e9n\u011b 70 civilist\u016f.<\/p>\n<p><img decoding=\"async\" loading=\"lazy\" class=\"alignnone size-full wp-image-1185\" src=\"http:\/\/www.infokuryr.cz\/n\/wp-content\/uploads\/2021\/04\/kuryr-podpis.png\" alt=\"\" width=\"84\" height=\"24\" \/><\/p>\n<p>&nbsp;<\/p>\n","protected":false},"excerpt":{"rendered":"<p>Izrael zavra\u017edil 23. kv\u011btna prominentn\u00edho velitele Hizball\u00e1hu v ji\u017en\u00edm Libanonu a skupina odpov\u011bd\u011bla odp\u00e1len\u00edm des\u00edtek&#8230;<\/p>\n","protected":false},"author":2,"featured_media":54373,"comment_status":"closed","ping_status":"closed","sticky":false,"template":"","format":"standard","meta":[],"categories":[7],"tags":[6772,107,5135],"_links":{"self":[{"href":"https:\/\/www.infokuryr.cz\/n\/wp-json\/wp\/v2\/posts\/54372"}],"collection":[{"href":"https:\/\/www.infokuryr.cz\/n\/wp-json\/wp\/v2\/posts"}],"about":[{"href":"https:\/\/www.infokuryr.cz\/n\/wp-json\/wp\/v2\/types\/post"}],"author":[{"embeddable":true,"href":"https:\/\/www.infokuryr.cz\/n\/wp-json\/wp\/v2\/users\/2"}],"replies":[{"embeddable":true,"href":"https:\/\/www.infokuryr.cz\/n\/wp-json\/wp\/v2\/comments?post=54372"}],"version-history":[{"count":0,"href":"https:\/\/www.infokuryr.cz\/n\/wp-json\/wp\/v2\/posts\/54372\/revisions"}],"wp:featuredmedia":[{"embeddable":true,"href":"https:\/\/www.infokuryr.cz\/n\/wp-json\/wp\/v2\/media\/54373"}],"wp:attachment":[{"href":"https:\/\/www.infokuryr.cz\/n\/wp-json\/wp\/v2\/media?parent=54372"}],"wp:term":[{"taxonomy":"category","embeddable":true,"href":"https:\/\/www.infokuryr.cz\/n\/wp-json\/wp\/v2\/categories?post=54372"},{"taxonomy":"post_tag","embeddable":true,"href":"https:\/\/www.infokuryr.cz\/n\/wp-json\/wp\/v2\/tags?post=54372"}],"curies":[{"name":"wp","href":"https:\/\/api.w.org\/{rel}","templated":true}]}}