{"id":54369,"date":"2024-05-24T00:45:08","date_gmt":"2024-05-23T22:45:08","guid":{"rendered":"https:\/\/www.infokuryr.cz\/n\/?p=54369"},"modified":"2024-05-23T17:57:58","modified_gmt":"2024-05-23T15:57:58","slug":"tezke-udery-cili-na-infrastrukturu-v-ukrajinskem-charkove","status":"publish","type":"post","link":"https:\/\/www.infokuryr.cz\/n\/2024\/05\/24\/tezke-udery-cili-na-infrastrukturu-v-ukrajinskem-charkove\/","title":{"rendered":"T\u011b\u017ek\u00e9 \u00fadery c\u00edl\u00ed na infrastrukturu v ukrajinsk\u00e9m Charkov\u011b"},"content":{"rendered":"<div id=\"fb-root\"><\/div>\n<p><strong><span>S\u00e9rie t\u011b\u017ek\u00fdch \u00fader\u016f zas\u00e1hla ukrajinsk\u00fd region Charkov na hranic\u00edch s Ruskem a zp\u016fsobila ob\u011bti a velk\u00e9 materi\u00e1ln\u00ed ztr\u00e1ty.<\/span><\/strong><\/p>\n<p><span>Ve m\u011bst\u011b a p\u0159ilehl\u00fdch oblastech bylo sly\u0161et asi deset v\u00fdbuch\u016f, p\u0159i\u010dem\u017e ukrajinsk\u00e1 m\u00e9dia informovala o a\u017e 15 rusk\u00fdch \u00faderech b\u011bhem n\u011bkolika minut.<\/span><\/p>\n<p><img decoding=\"async\" loading=\"lazy\" class=\"wp-image-54370 aligncenter\" src=\"http:\/\/www.infokuryr.cz\/n\/wp-content\/uploads\/2024\/05\/2-3-300x105.jpg\" alt=\"\" width=\"811\" height=\"284\" srcset=\"https:\/\/www.infokuryr.cz\/n\/wp-content\/uploads\/2024\/05\/2-3-300x105.jpg 300w, https:\/\/www.infokuryr.cz\/n\/wp-content\/uploads\/2024\/05\/2-3-1024x357.jpg 1024w, https:\/\/www.infokuryr.cz\/n\/wp-content\/uploads\/2024\/05\/2-3-768x268.jpg 768w, https:\/\/www.infokuryr.cz\/n\/wp-content\/uploads\/2024\/05\/2-3.jpg 1280w\" sizes=\"(max-width: 811px) 100vw, 811px\" \/><\/p>\n<p><span>\u00dadery se \u00fadajn\u011b zam\u011b\u0159ovaly na \u017eelezni\u010dn\u00ed za\u0159\u00edzen\u00ed a dal\u0161\u00ed dopravn\u00ed infrastrukturu pou\u017e\u00edvanou kyjevsk\u00fdmi silami v Charkovsk\u00e9m Kholodnohirsk\u00e9m a Osnoviansk\u00e9m m\u011bst\u011b a tak\u00e9 v osad\u011b Ljubotin. Zasa\u017eeno bylo \u00fadajn\u011b tak\u00e9 mal\u00e9 leti\u0161t\u011b pobl\u00ed\u017e osady Korotich, kde kyjevsk\u00e9 s\u00edly cvi\u010d\u00ed oper\u00e1tory dron\u016f.<\/span><\/p>\n<p><img decoding=\"async\" loading=\"lazy\" class=\"wp-image-54371 aligncenter\" src=\"http:\/\/www.infokuryr.cz\/n\/wp-content\/uploads\/2024\/05\/1-2-300x300.jpg\" alt=\"\" width=\"597\" height=\"597\" srcset=\"https:\/\/www.infokuryr.cz\/n\/wp-content\/uploads\/2024\/05\/1-2-300x300.jpg 300w, https:\/\/www.infokuryr.cz\/n\/wp-content\/uploads\/2024\/05\/1-2-1024x1024.jpg 1024w, https:\/\/www.infokuryr.cz\/n\/wp-content\/uploads\/2024\/05\/1-2-150x150.jpg 150w, https:\/\/www.infokuryr.cz\/n\/wp-content\/uploads\/2024\/05\/1-2-768x768.jpg 768w, https:\/\/www.infokuryr.cz\/n\/wp-content\/uploads\/2024\/05\/1-2.jpg 1280w\" sizes=\"(max-width: 597px) 100vw, 597px\" \/><\/p>\n<p><span>Ukrajinsk\u00e1 m\u00e9dia uvedla, \u017ee rusk\u00e1 arm\u00e1da p\u0159i \u00faderech pou\u017eila protiletadlov\u00e9 st\u0159ely S-300 upraven\u00e9 pro \u00fatok na pozemn\u00ed c\u00edle a \u0159\u00edzen\u00e9 bomby.<\/span><\/p>\n<p><span>Rusk\u00e9 ministerstvo obrany zat\u00edm odpov\u011bdnost za t\u011b\u017ek\u00e9 \u00fadery, kter\u00e9 si \u00fadajn\u011b vy\u017e\u00e1daly ob\u011bti, nepotvrdilo ani nevyvr\u00e1tilo.<\/span><\/p>\n<p><span>\u00datoky p\u0159i\u0161ly po dvou dnech ukrajinsk\u00fdch bezpilotn\u00edch a raketov\u00fdch \u00fatok\u016f na B\u011blgorod a dal\u0161\u00ed rusk\u00e9 regiony. V \u010dasn\u00fdch rann\u00edch hodin\u00e1ch dopadl sebevra\u017eedn\u00fd dron vypu\u0161t\u011bn\u00fd kyjevsk\u00fdmi silami na d\u016fm v osad\u011b Krasnyj Vostok a zabil \u017eenu.<\/span><\/p>\n<p><span>Charkov byl zdrojem posledn\u00edch ukrajinsk\u00fdch \u00fatok\u016f na Belgorde a bl\u00edzk\u00e9 regiony. Za\u010d\u00e1tkem tohoto m\u011bs\u00edce zah\u00e1jila rusk\u00e1 arm\u00e1da omezenou pozemn\u00ed operaci v regionu. Dosud kyjevsk\u00e9 s\u00edly ztratily p\u0159es tucet osad a utrp\u011bly t\u011b\u017ek\u00e9 ztr\u00e1ty.<\/span><\/p>\n<p><img decoding=\"async\" loading=\"lazy\" class=\"alignnone size-full wp-image-1185\" src=\"http:\/\/www.infokuryr.cz\/n\/wp-content\/uploads\/2021\/04\/kuryr-podpis.png\" alt=\"\" width=\"84\" height=\"24\" \/><\/p>\n<p>&nbsp;<\/p>\n","protected":false},"excerpt":{"rendered":"<p>S\u00e9rie t\u011b\u017ek\u00fdch \u00fader\u016f zas\u00e1hla ukrajinsk\u00fd region Charkov na hranic\u00edch s Ruskem a zp\u016fsobila ob\u011bti a&#8230;<\/p>\n","protected":false},"author":2,"featured_media":10080,"comment_status":"closed","ping_status":"closed","sticky":false,"template":"","format":"standard","meta":[],"categories":[7],"tags":[22,3540,26],"_links":{"self":[{"href":"https:\/\/www.infokuryr.cz\/n\/wp-json\/wp\/v2\/posts\/54369"}],"collection":[{"href":"https:\/\/www.infokuryr.cz\/n\/wp-json\/wp\/v2\/posts"}],"about":[{"href":"https:\/\/www.infokuryr.cz\/n\/wp-json\/wp\/v2\/types\/post"}],"author":[{"embeddable":true,"href":"https:\/\/www.infokuryr.cz\/n\/wp-json\/wp\/v2\/users\/2"}],"replies":[{"embeddable":true,"href":"https:\/\/www.infokuryr.cz\/n\/wp-json\/wp\/v2\/comments?post=54369"}],"version-history":[{"count":0,"href":"https:\/\/www.infokuryr.cz\/n\/wp-json\/wp\/v2\/posts\/54369\/revisions"}],"wp:featuredmedia":[{"embeddable":true,"href":"https:\/\/www.infokuryr.cz\/n\/wp-json\/wp\/v2\/media\/10080"}],"wp:attachment":[{"href":"https:\/\/www.infokuryr.cz\/n\/wp-json\/wp\/v2\/media?parent=54369"}],"wp:term":[{"taxonomy":"category","embeddable":true,"href":"https:\/\/www.infokuryr.cz\/n\/wp-json\/wp\/v2\/categories?post=54369"},{"taxonomy":"post_tag","embeddable":true,"href":"https:\/\/www.infokuryr.cz\/n\/wp-json\/wp\/v2\/tags?post=54369"}],"curies":[{"name":"wp","href":"https:\/\/api.w.org\/{rel}","templated":true}]}}