{"id":54332,"date":"2024-05-23T05:16:30","date_gmt":"2024-05-23T03:16:30","guid":{"rendered":"https:\/\/www.infokuryr.cz\/n\/?p=54332"},"modified":"2024-05-23T05:16:30","modified_gmt":"2024-05-23T03:16:30","slug":"nejvetsi-valecny-stvac-na-svete-fiala-je-v-komatu-zatykac-na-netanjahua-ho-zlomil","status":"publish","type":"post","link":"https:\/\/www.infokuryr.cz\/n\/2024\/05\/23\/nejvetsi-valecny-stvac-na-svete-fiala-je-v-komatu-zatykac-na-netanjahua-ho-zlomil\/","title":{"rendered":"Nejv\u011bt\u0161\u00ed v\u00e1le\u010dn\u00fd \u0161tv\u00e1\u010d na sv\u011bt\u011b Fiala je v komatu: zatyka\u010d na Netanjahua ho zlomil"},"content":{"rendered":"<div id=\"fb-root\"><\/div>\n<div class=\"introtext\">\n<p><span style=\"font-size: 14pt; color: #993366;\"><strong>Fiala si myslel s \u010cernochovou, \u017ee jsou absolutn\u011b beztrestn\u00ed, \u017ee budou kr\u00e1st lidem pen\u00edze, (<em>odeb\u00edrat bez souhlasu<\/em>) a pos\u00edlat je na zab\u00edjen\u00ed lid\u00ed, a nyn\u00ed se zhroutil! (<em>\u017de je nejv\u011bt\u0161\u00ed \u0161tv\u00e1\u010d psala m\u00e9dia i v USA<\/em>!)<\/strong><\/span><\/p>\n<\/div>\n<div class=\"fulltext\">\n<p>(<em><strong>Samoz\u0159ejm\u011b obrazn\u011b. Je to zn\u00e1t z jeho najednou nejist\u00e9ho v\u00fdkladu v\u00e1lky, vol\u00e1n\u00ed do Izraele a vyt\u0159e\u0161t\u011bn\u00e9 bl\u00e1boly na s\u00edt\u00edch a i \u010cernochov\u00e1 je chcim\u00edr. Lid\u00e9 u\u017e p\u0159em\u00fd\u0161l\u00ed, zda neskon\u010d\u00ed jako Merkelov\u00e1, ze kter\u00e9 se stalo delirium tremens &#8211; t\u0159esouc\u00ed se blouzn\u011bn\u00ed a \u010dasto se klepe<\/strong><\/em>)<\/p>\n<p>Fiala na s\u00edti X uvedl, \u017ee spolu mluvili o d\u016fsledc\u00edch n\u00e1vrhu hlavn\u00edho prokur\u00e1tora Mezin\u00e1rodn\u00edho trestn\u00edho soudu (ICC) vydat zatyka\u010d na p\u0159edstavitele izraelsk\u00e9 vl\u00e1dy spolu s v\u016fdci isl\u00e1msk\u00e9 teroristick\u00e9 organizace Ham\u00e1s.\u00a0<strong>Fiala ho v pond\u011bl\u00ed ozna\u010dil za d\u011bsiv\u00fd<\/strong>\u00a0a zcela nep\u0159ijateln\u00fd!<\/p>\n<table>\n<tbody>\n<tr>\n<td><strong>Hlavn\u00ed prokur\u00e1tor ICC Karim Khan<\/strong>\u00a0ozn\u00e1mil, \u017ee soud po\u017e\u00e1dal o vyd\u00e1n\u00ed zatyka\u010d\u016f na l\u00eddry Ham\u00e1su a p\u0159edstavitele Izraele, v\u010detn\u011b premi\u00e9ra Netanjahua, kv\u016fli jejich \u010dinnost\u00ed za sedm m\u011bs\u00edc\u016f trvaj\u00edc\u00ed v\u00e1lky. Podle Khana nesou Netanjahu, izraelsk\u00fd ministr obrany Joav Galant, \u0161\u00e9f vojensk\u00e9ho k\u0159\u00eddla Ham\u00e1su Muhammad D\u00edf, l\u00eddr Ham\u00e1su v P\u00e1smu Gazy Jahj\u00e1 Sinv\u00e1r a \u0161\u00e9f politick\u00e9ho k\u0159\u00eddla Ham\u00e1su Ism\u00e1\u00edl Han\u00edja odpov\u011bdnost za v\u00e1le\u010dn\u00e9 zlo\u010diny a zlo\u010diny proti lidskosti sp\u00e1chan\u00e9 v Izraeli a v P\u00e1smu Gazy.<\/td>\n<\/tr>\n<\/tbody>\n<\/table>\n<h2><span style=\"color: #993366;\">&#8222;Jak bude Fialova n\u00e1v\u0161t\u011bva vn\u00edman\u00e1 v hlavn\u00edm m\u011bst\u011b USA?&#8220; padla ot\u00e1zka.<\/span><\/h2>\n<div class=\"info_box cela_sirka jpalert\">\n<div class=\"explanationContent\">To je tady ve Washingtonu pro v\u011bt\u0161inu lid\u00ed spojen\u00fdch s obranou velk\u00e9 t\u00e9ma, i pokud jde o politiku.<strong>\u00a0\u010cesk\u00e1 vl\u00e1da se v tomto skute\u010dn\u011b ujala v\u016fd\u010d\u00ed \u00falohy<\/strong>\u00a0v tom, \u017ee se pustila do zji\u0161\u0165ov\u00e1n\u00ed zdroj\u016f v zem\u00edch mimo Evropskou unii a mimo NATO a sh\u00e1n\u00ed munici, kter\u00e1 na trhu existuje.\u00a0<strong>Ostatn\u00ed zem\u011b se ale do t\u00e9to iniciativy nepou\u0161t\u011bly.<\/strong>To je pro \u010deskou vl\u00e1du skute\u010dn\u011b velik\u00e9 plus \u0159ekl zpravodaj\u00a0 Paul McLeary. To, \u017ee to ud\u011blala a pak \u0161la za vl\u00e1dami zem\u00ed v z\u00e1padn\u00ed Evrop\u011b a \u017e\u00e1dala je o financov\u00e1n\u00ed, aby se mohlo nakoupit t\u011bch 800 tis\u00edc a\u017e milion st\u0159el a n\u00e1boj\u016f r\u00e1\u017ee 155 mm a 152 mm se d\u011bje v dob\u011b, kdy je financov\u00e1n\u00ed ve Spojen\u00fdch st\u00e1tech zablokovan\u00e9.<\/p>\n<\/div>\n<\/div>\n<p><span style=\"font-size: 18pt;\">\u00a0<em>Zde d\u016fkaz o v\u00e1le\u010dn\u00e9 nen\u00e1visti jako nejv\u011bt\u0161\u00ed na sv\u011bt\u011b a je\u0161t\u011b se t\u00edm chlubil <\/em><em>v\u010detn\u011b \u010desk\u00e9ho N\u00e1rodn\u00edho muzea!<\/em><\/span><\/p>\n<p><img decoding=\"async\" class=\"aligncenter\" src=\"https:\/\/www.skrytapravda.cz\/images\/2024\/a_kdo_provokuje.webp\" alt=\"a kdo provokuje\" \/><\/p>\n<div class=\"kb0PBd cvP2Ce A9Y9g jGGQ5e\" data-snf=\"x5WNvb\" data-snhf=\"0\">\n<div class=\"yuRUbf\">\n<h3 class=\"LC20lb MBeuO DKV0Md\">\u010cesko se chopilo v\u016fd\u010d\u00ed \u00falohy v Alianci, soud\u00ed americk\u00fd &#8230; &#8211;\u00a0<a href=\"https:\/\/ct24.ceskatelevize.cz\/clanek\/svet\/cesko-se-chopilo-vudci-ulohy-v-alianci-soudi-americky-zpravodaj-serveru-politico-348183\">\u010cT24<\/a><\/h3>\n<div class=\"B6fmyf byrV5b Mg1HEd\">\n<div class=\"HGLrXd iUh30 ojE3Fb\">\n<div class=\"q0vns\">\n<div class=\"CA5RN\"><a href=\"https:\/\/www.skrytapravda.cz\/z-domova\/1911-nejvetsi-valecny-stvac-na-svete-fiala-je-na-zhrouceni-zatykac-na-netanjahua\">Petr Pokorn\u00fd<\/a><\/div>\n<\/div>\n<\/div>\n<div>\n<p><a href=\"https:\/\/stranapro.cz\/\"><img decoding=\"async\" loading=\"lazy\" class=\"wp-image-53371 aligncenter\" src=\"http:\/\/www.infokuryr.cz\/n\/wp-content\/uploads\/2024\/05\/pro-6-volby-300x169.jpg\" alt=\"\" width=\"827\" height=\"466\" srcset=\"https:\/\/www.infokuryr.cz\/n\/wp-content\/uploads\/2024\/05\/pro-6-volby-300x169.jpg 300w, https:\/\/www.infokuryr.cz\/n\/wp-content\/uploads\/2024\/05\/pro-6-volby.jpg 785w\" sizes=\"(max-width: 827px) 100vw, 827px\" \/><\/a><\/p>\n<\/div>\n<\/div>\n<\/div>\n<\/div>\n<\/div>\n","protected":false},"excerpt":{"rendered":"<p>Fiala si myslel s \u010cernochovou, \u017ee jsou absolutn\u011b beztrestn\u00ed, \u017ee budou kr\u00e1st lidem pen\u00edze, (odeb\u00edrat&#8230;<\/p>\n","protected":false},"author":2,"featured_media":54333,"comment_status":"closed","ping_status":"closed","sticky":false,"template":"","format":"standard","meta":[],"categories":[6],"tags":[1497,107,1503,2746],"_links":{"self":[{"href":"https:\/\/www.infokuryr.cz\/n\/wp-json\/wp\/v2\/posts\/54332"}],"collection":[{"href":"https:\/\/www.infokuryr.cz\/n\/wp-json\/wp\/v2\/posts"}],"about":[{"href":"https:\/\/www.infokuryr.cz\/n\/wp-json\/wp\/v2\/types\/post"}],"author":[{"embeddable":true,"href":"https:\/\/www.infokuryr.cz\/n\/wp-json\/wp\/v2\/users\/2"}],"replies":[{"embeddable":true,"href":"https:\/\/www.infokuryr.cz\/n\/wp-json\/wp\/v2\/comments?post=54332"}],"version-history":[{"count":0,"href":"https:\/\/www.infokuryr.cz\/n\/wp-json\/wp\/v2\/posts\/54332\/revisions"}],"wp:featuredmedia":[{"embeddable":true,"href":"https:\/\/www.infokuryr.cz\/n\/wp-json\/wp\/v2\/media\/54333"}],"wp:attachment":[{"href":"https:\/\/www.infokuryr.cz\/n\/wp-json\/wp\/v2\/media?parent=54332"}],"wp:term":[{"taxonomy":"category","embeddable":true,"href":"https:\/\/www.infokuryr.cz\/n\/wp-json\/wp\/v2\/categories?post=54332"},{"taxonomy":"post_tag","embeddable":true,"href":"https:\/\/www.infokuryr.cz\/n\/wp-json\/wp\/v2\/tags?post=54332"}],"curies":[{"name":"wp","href":"https:\/\/api.w.org\/{rel}","templated":true}]}}