{"id":54329,"date":"2024-05-23T00:48:56","date_gmt":"2024-05-22T22:48:56","guid":{"rendered":"https:\/\/www.infokuryr.cz\/n\/?p=54329"},"modified":"2024-05-23T05:08:58","modified_gmt":"2024-05-23T03:08:58","slug":"predseda-ukrajinskeho-parlamentu-nazval-pochybovace-o-zelenskeho-legitimite-prezidenta-za-hnidy-a-nepratele-ukrajiny","status":"publish","type":"post","link":"https:\/\/www.infokuryr.cz\/n\/2024\/05\/23\/predseda-ukrajinskeho-parlamentu-nazval-pochybovace-o-zelenskeho-legitimite-prezidenta-za-hnidy-a-nepratele-ukrajiny\/","title":{"rendered":"P\u0159edseda ukrajinsk\u00e9ho parlamentu nazval pochybova\u010de o Zelensk\u00e9ho legitimit\u011b prezidenta za hnidy a nep\u0159\u00e1tele Ukrajiny!"},"content":{"rendered":"<div id=\"fb-root\"><\/div>\n<h4>P\u0159edseda ukrajinsk\u00e9ho parlamentu nazval pochybova\u010de o Zelensk\u00e9ho legitimit\u011b prezidenta za hnidy a nep\u0159\u00e1tele Ukrajiny! V ukrajinsk\u00e9 \u00fastav\u011b je neuv\u011b\u0159iteln\u00e1 d\u00edra, kter\u00e1 umo\u017e\u0148uje Zelensk\u00e9mu neomezen\u00e9 vl\u00e1dnut\u00ed! Poro\u0161enkova frakce ve Vrchn\u00ed rad\u011b se odm\u00edtla p\u0159ipojit k provol\u00e1n\u00ed o legitimit\u011b Zelensk\u00e9ho! A ten tvrd\u00ed, \u017ee je st\u00e1tn\u00edm \u00fa\u0159edn\u00edkem a vztahuje se na n\u011bj ni\u017e\u0161\u00ed z\u00e1kon o v\u00e1le\u010dn\u00e9m stavu!<\/h4>\n<p>Volebn\u00ed mand\u00e1t prezidenta Volodymyra Zelensk\u00e9ho vypr\u0161el 20. kv\u011btna a od t\u00e9 chv\u00edle se na Ukrajin\u011b rozho\u0159elo dal\u0161\u00ed neuv\u011b\u0159iteln\u00e9 drama. V m\u00e9di\u00edch se za\u010d\u00ednaj\u00ed v\u00e9st nekone\u010dn\u00e9 diskuse o tom, jestli je Zelensk\u00fd legitimn\u00edm prezidentem, anebo u\u017e vl\u00e1dne nelegitimn\u011b jako dikt\u00e1tor. Situace do\u0161la do takov\u00e9 krajnosti, \u017ee p\u0159edseda Vrchn\u00ed rady Ruslan Stefan\u010duk svolal mimo\u0159\u00e1dn\u00e9 zased\u00e1n\u00ed parlamentu a nechal prohlasovat usnesen\u00ed, \u017ee Vrchn\u00ed rada Ukrajiny uzn\u00e1v\u00e1 Volodymyra Zelensk\u00e9ho jako legitimn\u00edho prezidenta po 20. kv\u011btnu 2024.<\/p>\n<p><strong>Jen\u017ee toto hlasov\u00e1n\u00ed nedopadlo podle p\u0159edstav, proto\u017ee Poro\u0161enkova frakce Evropsk\u00e1 solidarita, kter\u00e1 m\u00e1 v parlamentu 27 poslanc\u016f, se odm\u00edtla k usnesen\u00ed p\u0159ipojit.<\/strong>\u00a0To samo o sob\u011b vyvol\u00e1v\u00e1 velk\u00e9 znepokojen\u00ed, proto\u017ee Poro\u0161enkova frakce je pova\u017eov\u00e1na za prodlou\u017eenou ruku Washingtonu v Kyjev\u011b a poka\u017ed\u00e9 je hlasov\u00e1n\u00ed t\u00e9to frakce jak\u00fdmsi lakmusov\u00fdm pap\u00edrkem, podle kter\u00e9ho lze ur\u010dit, co pr\u00e1v\u011b ameri\u010dt\u00ed brat\u0159\u00ed na Ukrajin\u011b po\u017eaduj\u00ed. Ukrajinsk\u00e1 \u00fastava toti\u017e na mo\u017enost v\u00e1lky a nekon\u00e1n\u00ed prezidentsk\u00fdch voleb v\u016fbec nepamatuje. A co je nejhor\u0161\u00ed, tak \u00fastava nem\u00e1 ani pr\u00e1vn\u011b o\u0161et\u0159enou situaci, pokud by se volby prezidenta nekonaly, ani jak to bude s mand\u00e1tem prezidenta v takov\u00e9m p\u0159\u00edpad\u011b.<\/p>\n<p>&nbsp;<\/p>\n<div id=\"rumble_v4ubr1t\">\n<div id=\"vid_v4ubr1t\" class=\"rumble_v4ubr1t-Rumble-cls\" tabindex=\"-1\">\n<div class=\"bigPlayUI ctp\">\n<div class='videoWrapper'>\r\n\t            <iframe src='https:\/\/rumble.com\/embed\/pj.v4ubr1t\/' frameborder='0' allowfullscreen><\/iframe>\r\n\t        <\/div>\n<div class=\"bigPlayUIInner ctp\"><\/div>\n<\/div>\n<\/div>\n<\/div>\n<p>&nbsp;<\/p>\n<p>Na nic z tohoto nen\u00ed v \u00fastav\u011b pamatov\u00e1no a \u00fastava v \u010dl\u00e1nku 108\u00a0<strong>[<a href=\"https:\/\/href.li\/?https:\/\/rm.coe.int\/constitution-of-ukraine\/168071f58b\" target=\"_blank\" rel=\"nofollow noopener\">1<\/a>]<\/strong>\u00a0pouze hovo\u0159\u00ed o tom, kdy zanik\u00e1 mand\u00e1t prezidenta. A v\u011b\u0159te nebo ne, ten mand\u00e1t zanik\u00e1 jedin\u011b a\u017e po zvolen\u00ed nov\u00e9ho prezidenta. \u00dastava potom u\u017e pamatuje jenom na p\u0159ed\u010dasn\u00e9 ukon\u010den\u00ed mand\u00e1tu, nap\u0159. v d\u016fsledku smrti, ale z\u00e1nik mand\u00e1tu po jeho korektn\u00edm vypr\u0161en\u00ed je skute\u010dn\u011b mo\u017en\u00fd jen zvolen\u00edm nov\u00e9ho prezidenta, \u017e\u00e1dn\u00fdm jin\u00fdm zp\u016fsobem.<\/p>\n<p>Pokud se ale volby nekonaj\u00ed, na co\u017e \u00fastava Ukrajiny \u00fapln\u011b zapomn\u011bla, \u017ee by takov\u00e1 situace mohla nastat, potom dosavadn\u00ed prezident m\u00e1 \u010dasov\u011b neomezen\u00fd mand\u00e1t, kter\u00fd m\u016f\u017ee b\u00fdt ukon\u010den jen zvolen\u00edm nov\u00e9ho prezidenta, ale k tomu jsou pot\u0159eba volby, kter\u00e9 sou\u010dasn\u00fd prezident nevyhl\u00e1s\u00ed, proto\u017ee tvrd\u00ed, \u017ee by jejich kon\u00e1n\u00ed nebylo bezpe\u010dn\u00e9 vzhledem k v\u00e1le\u010dn\u00e9mu stavu.<\/p>\n<h6><span style=\"font-size: 18pt;\">Ukrajinsk\u00e1 \u00fastava zapomn\u011bla o\u0161et\u0159it situaci, kdy kon\u010d\u00ed mand\u00e1t prezidenta v p\u0159\u00edpad\u011b, kdy\u017e se volby nekonaj\u00ed<\/span><\/h6>\n<p>Zelensk\u00fd tak paradoxn\u011b opravdu \u00fastavu neporu\u0161uje, proto\u017ee ta zkr\u00e1tka na takovou situaci, \u017ee by se volby nekonaly, v\u016fbec nepamatuje. \u0147ucha\u010denko v\u0161ak ji\u017e po 20. kv\u011btnu za\u017e\u00edv\u00e1 prvn\u00ed drsn\u00e9 okam\u017eiky, proto\u017ee je mu znovu a znovu p\u0159edhazov\u00e1no, \u017ee je nelegitimn\u00edm prezidentem. Ob\u010dasn\u00e9 rusk\u00e9 raketov\u00e9 \u00fatoky na Ukrajinu nelze pova\u017eovat za p\u0159ek\u00e1\u017eku pro kon\u00e1n\u00ed voleb a v\u0161ichni to samoz\u0159ejm\u011b v\u011bd\u00ed. Pr\u00e1v\u011b proto Ruslan Stefan\u010duk jako \u0161\u00e9f parlamentu vystoupil s prohl\u00e1\u0161en\u00edm p\u0159ed novin\u00e1\u0159i, \u017ee ka\u017ed\u00fd, kdo zpochyb\u0148uje legitimitu mand\u00e1tu Zelensk\u00e9ho po 20. kv\u011btnu, je pr\u00fd hnida a nep\u0159\u00edtel Ukrajiny.<\/p>\n<figure id=\"attachment_59657\" class=\"wp-caption aligncenter\" style=\"width: 795px;\"><a href=\"https:\/\/aeronet.news\/wp-content\/uploads\/UA_Art108.jpg\"><img decoding=\"async\" loading=\"lazy\" class=\"wp-image-59657 \" src=\"https:\/\/aeronet.news\/wp-content\/uploads\/UA_Art108.jpg\" sizes=\"(max-width: 796px) 100vw, 796px\" srcset=\"https:\/\/aeronet.news\/wp-content\/uploads\/UA_Art108.jpg 796w, https:\/\/aeronet.news\/wp-content\/uploads\/UA_Art108-300x238.jpg 300w, https:\/\/aeronet.news\/wp-content\/uploads\/UA_Art108-768x610.jpg 768w, https:\/\/aeronet.news\/wp-content\/uploads\/UA_Art108-700x556.jpg 700w, https:\/\/aeronet.news\/wp-content\/uploads\/UA_Art108-450x357.jpg 450w, https:\/\/aeronet.news\/wp-content\/uploads\/UA_Art108-608x483.jpg 608w\" alt=\"\" width=\"795\" height=\"631\" \/><\/a><figcaption class=\"wp-caption-text\">\u010cl\u00e1nek 108 ukrajinsk\u00e9 \u00fastavy<\/figcaption><\/figure>\n<p><strong>Stefan\u010duk p\u0159itom provokativn\u011b jmenoval pr\u00e1v\u011b ten nejv\u011bt\u0161\u00ed pr\u016fser ukrajinsk\u00e9 \u00fastavy, tedy \u010dl\u00e1nek 108, kter\u00fd pr\u00e1v\u011b uv\u00e1d\u00ed konec mand\u00e1tu prezidenta po vypr\u0161en\u00ed jeho mand\u00e1tu a\u017e teprve po zvolen\u00ed nov\u00e9ho prezidenta.<\/strong>\u00a0A komu to pr\u00fd nesta\u010d\u00ed, co\u017e samoz\u0159ejm\u011b nesta\u010d\u00ed nikomu jako vysv\u011btlen\u00ed, tak se pr\u00fd m\u00e1 pod\u00edvat do z\u00e1kona o v\u00e1le\u010dn\u00e9m stavu. To je b\u011b\u017en\u00fd z\u00e1kon, tedy nikoliv \u00fastavn\u00ed, kter\u00fd upravuje \u010dinnost org\u00e1n\u016f st\u00e1tn\u00ed moci a ur\u010duje, \u017ee b\u011bhem v\u00e1le\u010dn\u00e9ho stavu st\u00e1tn\u00ed \u00fa\u0159ady pracuj\u00ed podle zvl\u00e1\u0161tn\u00edho re\u017eimu.<\/p>\n<h6><span style=\"font-size: 18pt;\">Zelensk\u00fd tvrd\u00ed, \u017ee je st\u00e1tn\u00ed \u00fa\u0159edn\u00edk a jeho mand\u00e1t trv\u00e1 nep\u0159etr\u017eit\u011b b\u011bhem v\u00e1le\u010dn\u00e9ho stavu jako v p\u0159\u00edpad\u011b starost\u016f a prim\u00e1tor\u016f<\/span><\/h6>\n<p>Probl\u00e9m je v tom, \u017ee volby prezidenta jsou \u00fastavn\u00edm aktem a \u0159\u00edd\u00ed se \u00fastavn\u00edmi z\u00e1kony a tvrzen\u00ed Volodymyra Zelensk\u00e9ho, \u017ee je st\u00e1tn\u00edm \u00fa\u0159edn\u00edkem a vztahuje se na n\u011bj z\u00e1kon o v\u00e1le\u010dn\u00e9m stavu, kdy st\u00e1tn\u00ed pracovn\u00edci setrv\u00e1vaj\u00ed na sv\u00fdch pozic\u00edch po neomezenou dobu a nesm\u00ed ani odej\u00edt do d\u016fchodu \u010di opustit funkci, je v podstat\u011b z pr\u00e1vn\u00edho hlediska jen t\u011b\u017eko uchopiteln\u00fd. Z\u00e1kon o v\u00e1le\u010dn\u00e9m stavu \u0159e\u0161\u00ed st\u00e1tn\u00ed \u00fa\u0159edn\u00edky na pozici starost\u016f, prim\u00e1tor\u016f a m\u011bstsk\u00fdch rad jako volen\u00fdch org\u00e1n\u016f st\u00e1tu. Ov\u0161em komun\u00e1ln\u00ed volby a jednotliv\u00e9 org\u00e1ny spadaj\u00ed pod prezidenta, kter\u00fd je p\u0159\u00edm\u00fdm nad\u0159\u00edzen\u00fdm v\u0161ech st\u00e1tn\u00edch \u00fa\u0159edn\u00edk\u016f. Zelensk\u00fd tak z hlediska pr\u00e1va jako prezident nem\u016f\u017ee b\u00fdt pova\u017eov\u00e1n za st\u00e1tn\u00edho \u00fa\u0159edn\u00edka, proto\u017ee ti podl\u00e9haj\u00ed p\u0159\u00edmo prezidentovi.<\/p>\n<figure id=\"attachment_55508\" class=\"wp-caption aligncenter\" style=\"width: 705px;\"><a href=\"https:\/\/aeronet.news\/wp-content\/uploads\/ZelenskyUZIguns.jpg\"><img decoding=\"async\" loading=\"lazy\" class=\"wp-image-55508 \" src=\"https:\/\/aeronet.news\/wp-content\/uploads\/ZelenskyUZIguns-1024x576.jpg\" sizes=\"(max-width: 700px) 100vw, 700px\" srcset=\"https:\/\/aeronet.news\/wp-content\/uploads\/ZelenskyUZIguns-1024x576.jpg 1024w, https:\/\/aeronet.news\/wp-content\/uploads\/ZelenskyUZIguns-300x169.jpg 300w, https:\/\/aeronet.news\/wp-content\/uploads\/ZelenskyUZIguns-768x432.jpg 768w, https:\/\/aeronet.news\/wp-content\/uploads\/ZelenskyUZIguns-700x394.jpg 700w, https:\/\/aeronet.news\/wp-content\/uploads\/ZelenskyUZIguns-635x357.jpg 635w, https:\/\/aeronet.news\/wp-content\/uploads\/ZelenskyUZIguns-859x483.jpg 859w, https:\/\/aeronet.news\/wp-content\/uploads\/ZelenskyUZIguns.jpg 1280w\" alt=\"\" width=\"705\" height=\"397\" \/><\/a><figcaption class=\"wp-caption-text\">Zelensk\u00fd si de facto te\u010f roli \u201cSluhy n\u00e1roda\u201d hraje od 21. kv\u011btna na\u017eivo a doopravdy<\/figcaption><\/figure>\n<p>Kv\u016fli pr\u00e1vn\u00edmu rozporu funk\u010dn\u00ed obdob\u00ed prezidenta Zelensk\u00e9ho tak skute\u010dn\u011b form\u00e1ln\u011b skon\u010dilo. Podle ukrajinsk\u00e9 \u00fastavy je prezidentsk\u00e9 obdob\u00ed striktn\u011b omezeno na p\u011bt let \u2013 a Zelensk\u00fd byl inaugurov\u00e1n 20. kv\u011btna 2019.\u00a0<strong>\u010cl\u00e1nek 108 ukrajinsk\u00e9 \u00fastavy z\u00e1rove\u0148 stanov\u00ed, \u017ee prezident mus\u00ed vykon\u00e1vat svou funkci a\u017e do zvolen\u00ed nov\u00e9 hlavy st\u00e1tu.<\/strong>\u00a0Ne\u017e za\u010dala pln\u00e1 v\u00e1lka, byly p\u0159\u00ed\u0161t\u00ed volby napl\u00e1nov\u00e1ny na 31. b\u0159ezna 2024. Nyn\u00ed v\u0161ak byly odlo\u017eeny kv\u016fli v\u00e1le\u010dn\u00e9mu stavu, kter\u00fd bude na Ukrajin\u011b platit nejm\u00e9n\u011b do 11. srpna. V l\u00e9t\u011b 2023 Zelensk\u00fd nazna\u010dil, \u017ee by bylo mo\u017en\u00e9 uspo\u0159\u00e1dat volby, a prohl\u00e1sil, \u017ee pokud ano, bude se uch\u00e1zet o znovuzvolen\u00ed.<\/p>\n<h6><span style=\"font-size: 18pt;\">Zelensk\u00fd se zbavil Zalu\u017en\u00e9ho a ten zmizel ze sv\u011bta. V Lond\u00fdn\u011b ho nikdo nevid\u011bl<\/span><\/h6>\n<p>Poznamenal v\u0161ak, \u017ee ve v\u00e1le\u010dn\u00fdch podm\u00ednk\u00e1ch by bylo velmi obt\u00ed\u017en\u00e9 zajistit bezpe\u010dnost ve volebn\u00edch m\u00edstnostech. Na podzim ukrajinsk\u00fd ministr zahrani\u010d\u00ed Dmytro Kuleba uvedl, \u017ee Zelensk\u00fd neust\u00e1le zva\u017euje pro a proti kon\u00e1n\u00ed voleb na z\u00e1klad\u011b situace na front\u011b a dal\u0161\u00edch v\u00e1le\u010dn\u00fdch faktor\u016f. Nakonec 6. listopadu 2023 prezident prohl\u00e1sil, \u017ee \u201c<em>nyn\u00ed nen\u00ed \u010das na volby<\/em>\u201c.<\/p>\n<p>\u201c<em>Mus\u00edme si uv\u011bdomit, \u017ee nyn\u00ed je \u010das na obranu, \u010das na bitvu, kter\u00e1 rozhodne o osudu st\u00e1tu a jeho lidu, a ne \u010das na dezinformace, kter\u00e9 by od Ukrajiny o\u010dek\u00e1valo pouze Rusko<\/em>,\u201d \u0159ekl. Toto prohl\u00e1\u0161en\u00ed p\u0159i\u0161lo na pozad\u00ed \u00fadajn\u00e9ho konfliktu Zelensk\u00e9ho s gener\u00e1lem Valerijem Z\u00e1lu\u017en\u00fdm, tehdej\u0161\u00edm vrchn\u00edm velitelem ukrajinsk\u00fdch ozbrojen\u00fdch sil.<\/p>\n<figure id=\"attachment_58441\" class=\"wp-caption aligncenter\" style=\"width: 661px;\"><a href=\"https:\/\/aeronet.news\/wp-content\/uploads\/ZelenskyZaluzhnyGunBox.jpg\"><img decoding=\"async\" loading=\"lazy\" class=\"wp-image-58441 \" src=\"https:\/\/aeronet.news\/wp-content\/uploads\/ZelenskyZaluzhnyGunBox-1024x977.jpg\" sizes=\"(max-width: 700px) 100vw, 700px\" srcset=\"https:\/\/aeronet.news\/wp-content\/uploads\/ZelenskyZaluzhnyGunBox-1024x977.jpg 1024w, https:\/\/aeronet.news\/wp-content\/uploads\/ZelenskyZaluzhnyGunBox-300x286.jpg 300w, https:\/\/aeronet.news\/wp-content\/uploads\/ZelenskyZaluzhnyGunBox-768x732.jpg 768w, https:\/\/aeronet.news\/wp-content\/uploads\/ZelenskyZaluzhnyGunBox-700x668.jpg 700w, https:\/\/aeronet.news\/wp-content\/uploads\/ZelenskyZaluzhnyGunBox-374x357.jpg 374w, https:\/\/aeronet.news\/wp-content\/uploads\/ZelenskyZaluzhnyGunBox-506x483.jpg 506w, https:\/\/aeronet.news\/wp-content\/uploads\/ZelenskyZaluzhnyGunBox.jpg 1080w\" alt=\"\" width=\"661\" height=\"630\" \/><\/a><figcaption class=\"wp-caption-text\">Takov\u00e1 l\u00e1ska to byla, ale te\u010f se sp\u00ed\u0161 nab\u00edz\u00ed ot\u00e1zka, jestli Zalu\u017en\u00fd nebyl donucen tu pistoli pou\u017e\u00edt, \u017ee se u\u017e od \u00fanora nikde neobjevuje<\/figcaption><\/figure>\n<p>B\u011bhem v\u00e1lky se Zalu\u017en\u00fd stal nejpopul\u00e1rn\u011bj\u0161\u00ed osobou na Ukrajin\u011b a n\u011bkte\u0159\u00ed ukrajin\u0161t\u00ed experti nazna\u010dovali, \u017ee Zalu\u017en\u00fd by mohl pro Zelensk\u00e9ho p\u0159edstavovat v\u00e1\u017enou konkurenci, pokud by se rozhodl kandidovat. Na pozad\u00ed t\u011bchto diskus\u00ed byl Zalu\u017en\u00fd 8. \u00fanora odvol\u00e1n z funkce vrchn\u00edho ukrajinsk\u00e9ho velitele. Dne 9. kv\u011btna jej Zelensk\u00fd jmenoval velvyslancem ve Spojen\u00e9m kr\u00e1lovstv\u00ed, ale pravda je takov\u00e1, \u017ee Zalu\u017en\u00e9ho od \u00fanora nikdo nevid\u011bl. Pokud by se konaly volby, Zelensk\u00fd by je samoz\u0159ejm\u011b prohr\u00e1l, i kdyby proti n\u011bmu kandidovala ukl\u00edze\u010dka. Zelensk\u00fd se prost\u011b pot\u0159eboval zbavit protikandid\u00e1ta, kter\u00fd byl podn\u011bcoval Ukrajince ke kon\u00e1n\u00ed voleb, kter\u00e9 Zelensk\u00fd nechce.<\/p>\n<h6><span style=\"font-size: 18pt;\">Nelegitimn\u00ed prezident Ukrajiny vl\u00e1dnouc\u00ed bez mand\u00e1tu, bez voleb, ale s kusem pap\u00edru, kter\u00fd prohlasovali poslanci, tedy s v\u00fdjimkou Poro\u0161enkovy frakce<\/span><\/h6>\n<p>Bez voleb je ale Zelensk\u00fd v nebezpe\u010dn\u00e9 situaci. Kdykoliv te\u010f za\u010dne na Ukrajin\u011b diskuse o legitimit\u011b prezidenta pro kon\u00e1n\u00ed rozhodnut\u00ed, kter\u00e9 se n\u011bkomu nebudou l\u00edbit, okam\u017eit\u011b bude na stole t\u00e9ma nelegitimnosti Zelensk\u00e9ho mand\u00e1tu. Tomu se prost\u011b ned\u00e1 vyhnout.\u00a0<strong>A ve chv\u00edli, a\u017e se za\u010dne tla\u010dit na m\u00edrov\u00e1 jedn\u00e1n\u00ed s Ruskem, m\u016f\u017ee nastat situace, \u017ee \u010d\u00e1st Ukrajinc\u016f zpochybn\u00ed legitimitu takov\u00e9ho jedn\u00e1n\u00ed.<\/strong><\/p>\n<p>A to proto, \u017ee Zelensk\u00fd nebude m\u00edt mand\u00e1t z voleb. Jeho mand\u00e1t bude odvozen v podstat\u011b jen od toho usnesen\u00ed Vrchn\u00ed rady ze st\u0159edy, tedy na z\u00e1klad\u011b toho pap\u00edru, kter\u00fdm m\u00e1val \u0161\u00e9f parlamentu Ruslan Stefan\u010duk ve videu naho\u0159e. Je to prost\u011b mand\u00e1t zalo\u017een\u00fd na usnesen\u00ed parlamentn\u00edch stran, \u017ee uzn\u00e1vaj\u00ed pokra\u010dov\u00e1n\u00ed mand\u00e1tu prezidenta, a to i po jeho vypr\u0161en\u00ed a i kdy\u017e to \u00fastava nezmi\u0148uje a tud\u00ed\u017e neumo\u017e\u0148uje.<\/p>\n<figure id=\"attachment_59659\" class=\"wp-caption aligncenter\" style=\"width: 697px;\"><a href=\"https:\/\/aeronet.news\/wp-content\/uploads\/AvdejevkaZelenskySelfie.jpg\"><img decoding=\"async\" loading=\"lazy\" class=\"wp-image-59659 \" src=\"https:\/\/aeronet.news\/wp-content\/uploads\/AvdejevkaZelenskySelfie-1024x689.jpg\" sizes=\"(max-width: 700px) 100vw, 700px\" srcset=\"https:\/\/aeronet.news\/wp-content\/uploads\/AvdejevkaZelenskySelfie-1024x689.jpg 1024w, https:\/\/aeronet.news\/wp-content\/uploads\/AvdejevkaZelenskySelfie-300x202.jpg 300w, https:\/\/aeronet.news\/wp-content\/uploads\/AvdejevkaZelenskySelfie-768x517.jpg 768w, https:\/\/aeronet.news\/wp-content\/uploads\/AvdejevkaZelenskySelfie-700x471.jpg 700w, https:\/\/aeronet.news\/wp-content\/uploads\/AvdejevkaZelenskySelfie-531x357.jpg 531w, https:\/\/aeronet.news\/wp-content\/uploads\/AvdejevkaZelenskySelfie-718x483.jpg 718w, https:\/\/aeronet.news\/wp-content\/uploads\/AvdejevkaZelenskySelfie.jpg 1280w\" alt=\"\" width=\"697\" height=\"469\" \/><\/a><figcaption class=\"wp-caption-text\">Volodymyr Zelensk\u00fd si na rozlou\u010denou s Avd\u011bjevkou po\u0159\u00eddil self\u00ed\u010dko dva t\u00fddny p\u0159ed t\u00edm, ne\u017e m\u011bsto obsadila Rusk\u00e1 arm\u00e1da. Brzy si mo\u017en\u00e1 podobn\u00e9 selfie po\u0159\u00edd\u00ed na kyjevsk\u00e9m leti\u0161ti p\u0159ed odletem americk\u00fdm evakua\u010dn\u00edm letadlem<\/figcaption><\/figure>\n<p>M\u016f\u017eete vz\u00edt jed na to, \u017ee od t\u00e9to chv\u00edle se bude nelegitimita Zelensk\u00e9ho \u0159e\u0161it prakticky nep\u0159etr\u017eit\u011b a po\u0159\u00e1d dokola.\u00a0<strong>Kdykoliv se n\u011bco nebude n\u011bkomu l\u00edbit, kdykoliv nastane pr\u016fser, okam\u017eit\u011b se uk\u00e1\u017ee na Zelensk\u00e9ho, \u017ee je nelegitimn\u00ed prezident.<\/strong>\u00a0Prost\u011b n\u011bco podobn\u00e9ho, o \u010dem tajn\u011b douf\u00e1 Petr Fiala, \u017ee by vyhl\u00e1sil v \u010cR v\u00e1le\u010dn\u00fd stav a mohl by b\u00fdt neomezen\u011b dlouho premi\u00e9rem.<\/p>\n<p>Pamatujte na jeho \u0161\u00edlen\u00fd v\u00fdraz v o\u010d\u00edch z t\u00e9 tiskovky 24. \u00fanora 2022, kdy\u017e oznamoval ob\u010dan\u016fm \u010cR, \u017ee\u2026\u00a0<em>jsme ve v\u00e1lce!<\/em>\u00a0Zaleskly se mu o\u010di jako psychopatovi. Moc r\u00e1d by ukrajinizaci dovedl v \u010cR do d\u016fsledku se v\u0161\u00edm v\u0161udy. Nezapome\u0148te, co p\u0159ed p\u00e1r dny \u0159ekl\u00a0<strong>[<a href=\"https:\/\/href.li\/?https:\/\/www.prahain.cz\/politika\/babise-uz-nikdy-nepustime-k-moci-vzkazal-marek-benda-18284.html\" target=\"_blank\" rel=\"nofollow noopener\">2<\/a>]<\/strong>\u00a0Marek Benda z Fialovy ODS, \u017ee\u00a0<strong><em>Babi\u0161e u\u017e nikdy k moci nepust\u00edme!<\/em><\/strong>\u00a0To nebyla v\u00fdhr\u016f\u017eka jen tak pl\u00e1cnut\u00e1 do vzduchu.<\/p>\n<p>V\u00edme v redakci a m\u00e1me informace od na\u0161ich zdroj\u016f, \u017ee nejen uvnit\u0159 vl\u00e1dy Petra Fialy existuje pl\u00e1n na v\u00e1lku v Evrop\u011b, kter\u00e1 Fialovu juntu za pomoci vyhl\u00e1\u0161en\u00ed v\u00e1le\u010dn\u00e9ho stavu udr\u017e\u00ed u moci bez voleb stejn\u011b, jako v\u00e1lka na Ukrajin\u011b pr\u00e1v\u011b te\u010f od 21. kv\u011btna dr\u017e\u00ed u moci bez voleb Zelensk\u00e9ho. Podobn\u00fd pl\u00e1n m\u00e1 u\u017e i n\u011bmeck\u00e1 a polsk\u00e1 vl\u00e1da. A zkr\u00e1tka Zelensk\u00fd uchopil \u010dasov\u011b neomezenou moc a kdy\u017e ta v\u00e1lka bude trvat na Ukrajin\u011b t\u0159eba 20 let, tak Zelensk\u00fd tam i za 20 let bude po\u0159\u00e1d prezidentem, ani\u017e by se tam konaly jedin\u00e9 prezidentsk\u00e9 volby. A mnoho politik\u016f v EU by tento model r\u00e1do okop\u00edrovalo. A to je realita!<\/p>\n<p><a href=\"https:\/\/aeronet.news\/predseda-ukrajinskeho-parlamentu-nazval-pochybovace-o-zelenskeho-legitimite-prezidenta-za-hnidy-a-nepratele-ukrajiny-v-ukrajinske-ustave-je-neuveritelna-dira-ktera-umoznuje-zelenskemu-neomezene\/\">-VK- \u0160\u00e9fredaktor AE News<\/a><\/p>\n<p>&nbsp;<\/p>\n<p><a href=\"https:\/\/stranapro.cz\/\"><img decoding=\"async\" loading=\"lazy\" class=\"wp-image-53371 aligncenter\" src=\"http:\/\/www.infokuryr.cz\/n\/wp-content\/uploads\/2024\/05\/pro-6-volby-300x169.jpg\" alt=\"\" width=\"769\" height=\"433\" srcset=\"https:\/\/www.infokuryr.cz\/n\/wp-content\/uploads\/2024\/05\/pro-6-volby-300x169.jpg 300w, https:\/\/www.infokuryr.cz\/n\/wp-content\/uploads\/2024\/05\/pro-6-volby-768x431.jpg 768w, https:\/\/www.infokuryr.cz\/n\/wp-content\/uploads\/2024\/05\/pro-6-volby.jpg 785w\" sizes=\"(max-width: 769px) 100vw, 769px\" \/><\/a><\/p>\n<p>&nbsp;<\/p>\n","protected":false},"excerpt":{"rendered":"<p>P\u0159edseda ukrajinsk\u00e9ho parlamentu nazval pochybova\u010de o Zelensk\u00e9ho legitimit\u011b prezidenta za hnidy a nep\u0159\u00e1tele Ukrajiny! V&#8230;<\/p>\n","protected":false},"author":2,"featured_media":54330,"comment_status":"closed","ping_status":"closed","sticky":false,"template":"","format":"standard","meta":[],"categories":[6],"tags":[1042,5275,165,26],"_links":{"self":[{"href":"https:\/\/www.infokuryr.cz\/n\/wp-json\/wp\/v2\/posts\/54329"}],"collection":[{"href":"https:\/\/www.infokuryr.cz\/n\/wp-json\/wp\/v2\/posts"}],"about":[{"href":"https:\/\/www.infokuryr.cz\/n\/wp-json\/wp\/v2\/types\/post"}],"author":[{"embeddable":true,"href":"https:\/\/www.infokuryr.cz\/n\/wp-json\/wp\/v2\/users\/2"}],"replies":[{"embeddable":true,"href":"https:\/\/www.infokuryr.cz\/n\/wp-json\/wp\/v2\/comments?post=54329"}],"version-history":[{"count":0,"href":"https:\/\/www.infokuryr.cz\/n\/wp-json\/wp\/v2\/posts\/54329\/revisions"}],"wp:featuredmedia":[{"embeddable":true,"href":"https:\/\/www.infokuryr.cz\/n\/wp-json\/wp\/v2\/media\/54330"}],"wp:attachment":[{"href":"https:\/\/www.infokuryr.cz\/n\/wp-json\/wp\/v2\/media?parent=54329"}],"wp:term":[{"taxonomy":"category","embeddable":true,"href":"https:\/\/www.infokuryr.cz\/n\/wp-json\/wp\/v2\/categories?post=54329"},{"taxonomy":"post_tag","embeddable":true,"href":"https:\/\/www.infokuryr.cz\/n\/wp-json\/wp\/v2\/tags?post=54329"}],"curies":[{"name":"wp","href":"https:\/\/api.w.org\/{rel}","templated":true}]}}