{"id":54328,"date":"2024-05-23T00:46:33","date_gmt":"2024-05-22T22:46:33","guid":{"rendered":"https:\/\/www.infokuryr.cz\/n\/?p=54328"},"modified":"2024-05-23T05:04:24","modified_gmt":"2024-05-23T03:04:24","slug":"ci-je-cr-kolonie-usa-eu-nebo-snad-izraele-ceska-vlada-obhajuje-masove-vrazdeni-palestinskych-civilistu","status":"publish","type":"post","link":"https:\/\/www.infokuryr.cz\/n\/2024\/05\/23\/ci-je-cr-kolonie-usa-eu-nebo-snad-izraele-ceska-vlada-obhajuje-masove-vrazdeni-palestinskych-civilistu\/","title":{"rendered":"\u010c\u00ed je \u010cR kolonie? USA, EU, nebo snad Izraele? \u201e\u010cesk\u00e1 vl\u00e1da\u201c obhajuje masov\u00e9 vra\u017ed\u011bn\u00ed palestinsk\u00fdch civilist\u016f"},"content":{"rendered":"<div id=\"fb-root\"><\/div>\n<h2 class=\"entry-title\">Je to pr\u00e1ce multi-vlastenc\u016f od \u201eMrtv\u00e9ho mo\u0159e\u201c?<\/h2>\n<p>Gener\u00e1ln\u00ed prokur\u00e1tor mezin\u00e1rodn\u00edho soudn\u00edho tribun\u00e1lu v\u00a0<a href=\"https:\/\/aeronet.news\/generalni-prokurator-mezinarodniho-trestniho-soudu-podal-zadosti-k-vydani-zatykacu-na-izraelskeho-premiera-benjamina-netanyahua-a-na-ministra-obrany-yoava-gallanta-dokonce-padla-vyhruzka-americkym\/\">Haagu Karim Khan<\/a>\u00a0po\u017e\u00e1dal soud o vyd\u00e1n\u00ed zatyka\u010de na premi\u00e9ra a ministra obrany Izraele kv\u016fli genocid\u011b p\u00e1chan\u00e9 na civiln\u00edm palestinsk\u00e9m obyvatelstvu.\u00a0<strong>To vyvolalo zcela nepochopitelnou reakci \u201e\u010desk\u00e9 vl\u00e1dy\u201c. \u010cesk\u00fd\u201c premi\u00e9r Fiala nem\u011bl druh\u00fd den nic lep\u0161\u00edho na pr\u00e1ci\u00a0<a href=\"https:\/\/www.idnes.cz\/zpravy\/zahranicni\/zatykac-icc-netanjahu-galant-biden-pasmo-gazy-izrael.A240520_201449_zahranicni_bors#cxrecs_s\">ne\u017e volat premi\u00e9rovi Izraele Netanjahuov<\/a>i, aby \u017e\u00e1dost o zatyka\u010d odsoudil a aby se s n\u00edm poradil o dal\u0161\u00edm postupu!<\/strong>. Kdy\u017e se podobn\u00fd zatyka\u010d vyd\u00e1val na Putina, tak Fiala a spol. j\u00e1sali. P\u0159itom po\u010det civiln\u00edch ob\u011bt\u00ed v\u00e1lky na Ukrajin\u011b je mnohem men\u0161\u00ed ne\u017e po\u010dty zabit\u00fdch palestinsk\u00fdch civilist\u016f.<\/p>\n<p><strong>To je pros\u00edm ta \u201enez\u00e1visl\u00e1 \u010desk\u00e1 politika, kter\u00e1 h\u00e1j\u00ed \u010desk\u00e9 z\u00e1jmy\u201c! \u017de se \u010cR dostane do sporu s v\u011bt\u0161inou muslimsk\u00fdch zem\u00ed a je to pro n\u00ed velmi politicky a ekonomicky nev\u00fdhodn\u00e9?! To je lidem jako Fiala zcela jedno\u2026.!<\/strong><\/p>\n<p><strong>To je d\u00edlo! Jedna ciz\u00ed a dalek\u00e1 zem\u011b, masakruje ciz\u00ed civiln\u00ed obyvatelstvo a chce si p\u0159ivlastnit jeho \u00fazem\u00ed a hlavn\u00ed starost o blaho t\u011bch pachatel\u016f m\u00e1 \u201e\u010desk\u00e1\u201c vl\u00e1da<\/strong>. Ta je dokonce minim\u00e1ln\u011b stejn\u011b aktivn\u00ed jako na\u0161e americk\u00e1 vl\u00e1da, kter\u00e1 pat\u0159\u00ed k tradi\u010dn\u00edm vazal\u016fm Izraele.<\/p>\n<p>T<strong>o vyvol\u00e1v\u00e1 ot\u00e1zku. \u010c\u00ed je \u010cR vlastn\u011b kolonie? USA, EU, nebo snad Izraele?<\/strong> Leccos by napov\u00eddalo person\u00e1ln\u00ed slo\u017een\u00ed \u201e\u010desk\u00e9\u201c vl\u00e1dy. P\u0159edseda vl\u00e1dy Fiala i zmocn\u011bnec vl\u00e1dy pro zahrani\u010dn\u00ed politiku Pojar jsou oba \u017eidovsk\u00e9ho p\u016fvodu. Historick\u00e1 zku\u0161enost prav\u00ed, \u017ee \u017did\u00e9 preferuj\u00ed z\u00e1jmy vlasti \u201c u Mrtv\u00e9ho mo\u0159e\u201c nad z\u00e1jmy hostitelsk\u00fdch zem\u00ed. Pak\u00a0<strong>nen\u00ed divu, \u017ee \u010ce\u0161i pod jejich vl\u00e1dou mus\u00ed bojovat za \u017eidovsko-izraelsk\u00e9 z\u00e1jmy v Palestin\u011b, na Ukrajin\u011b a i jinde.<\/strong><\/p>\n<p><strong>Je to pro n\u011b v\u00fdhodn\u00e9? Ne, nen\u00ed a je na \u010dase za\u010d\u00edt o tom ve\u0159ejn\u011b mluvit nahlas<\/strong>! Bohu\u017eel\u00a0<strong>v \u010cR je kritika \u017did\u016f zak\u00e1z\u00e1na pomoc\u00ed nejr\u016fzn\u011bj\u0161\u00edch z\u00e1kon\u016f o \u201epop\u00edr\u00e1n\u00ed, hanoben\u00ed\u201c atd., ale vyhnout se tomu \u010ce\u0161i nebudou moci. V s\u00e1zce je p\u0159\u00edli\u0161 mnoho a \u010desk\u00e9 a izraelsko\/\u017eidovsk\u00e9 z\u00e1jmy se za\u010d\u00ednaj\u00ed dost\u00e1vat do st\u00e1le v\u011bt\u0161\u00edho protikladu.<\/strong><\/p>\n<p><a href=\"https:\/\/ceskavec.com\/2024\/05\/ci-je-cr-kolonie-usa-eu-nebo-snad-izraele-ceska-vlada-obhajuje-masove-vrazdeni-palestinskych-civilistu-je-to-prace-multi-vlastencu-od-mrtveho-more\">Mike Don\u00e1k, Texas, USA<\/a><\/p>\n<p><a href=\"https:\/\/stranapro.cz\/\"><img decoding=\"async\" loading=\"lazy\" class=\"wp-image-53371 aligncenter\" src=\"http:\/\/www.infokuryr.cz\/n\/wp-content\/uploads\/2024\/05\/pro-6-volby-300x169.jpg\" alt=\"\" width=\"799\" height=\"450\" srcset=\"https:\/\/www.infokuryr.cz\/n\/wp-content\/uploads\/2024\/05\/pro-6-volby-300x169.jpg 300w, https:\/\/www.infokuryr.cz\/n\/wp-content\/uploads\/2024\/05\/pro-6-volby.jpg 785w\" sizes=\"(max-width: 799px) 100vw, 799px\" \/><\/a><\/p>\n<p>&nbsp;<\/p>\n<p>&nbsp;<\/p>\n","protected":false},"excerpt":{"rendered":"<p>Je to pr\u00e1ce multi-vlastenc\u016f od \u201eMrtv\u00e9ho mo\u0159e\u201c? Gener\u00e1ln\u00ed prokur\u00e1tor mezin\u00e1rodn\u00edho soudn\u00edho tribun\u00e1lu v\u00a0Haagu Karim Khan\u00a0po\u017e\u00e1dal&#8230;<\/p>\n","protected":false},"author":2,"featured_media":14256,"comment_status":"closed","ping_status":"closed","sticky":false,"template":"","format":"standard","meta":[],"categories":[6],"tags":[76,107,535,99],"_links":{"self":[{"href":"https:\/\/www.infokuryr.cz\/n\/wp-json\/wp\/v2\/posts\/54328"}],"collection":[{"href":"https:\/\/www.infokuryr.cz\/n\/wp-json\/wp\/v2\/posts"}],"about":[{"href":"https:\/\/www.infokuryr.cz\/n\/wp-json\/wp\/v2\/types\/post"}],"author":[{"embeddable":true,"href":"https:\/\/www.infokuryr.cz\/n\/wp-json\/wp\/v2\/users\/2"}],"replies":[{"embeddable":true,"href":"https:\/\/www.infokuryr.cz\/n\/wp-json\/wp\/v2\/comments?post=54328"}],"version-history":[{"count":0,"href":"https:\/\/www.infokuryr.cz\/n\/wp-json\/wp\/v2\/posts\/54328\/revisions"}],"wp:featuredmedia":[{"embeddable":true,"href":"https:\/\/www.infokuryr.cz\/n\/wp-json\/wp\/v2\/media\/14256"}],"wp:attachment":[{"href":"https:\/\/www.infokuryr.cz\/n\/wp-json\/wp\/v2\/media?parent=54328"}],"wp:term":[{"taxonomy":"category","embeddable":true,"href":"https:\/\/www.infokuryr.cz\/n\/wp-json\/wp\/v2\/categories?post=54328"},{"taxonomy":"post_tag","embeddable":true,"href":"https:\/\/www.infokuryr.cz\/n\/wp-json\/wp\/v2\/tags?post=54328"}],"curies":[{"name":"wp","href":"https:\/\/api.w.org\/{rel}","templated":true}]}}