{"id":54274,"date":"2024-05-22T05:50:12","date_gmt":"2024-05-22T03:50:12","guid":{"rendered":"https:\/\/www.infokuryr.cz\/n\/?p=54274"},"modified":"2024-05-22T05:50:12","modified_gmt":"2024-05-22T03:50:12","slug":"sudetsti-nemci-si-chteji-pripomenout-konec-valky-a-odsun-spolecne-s-ceskem","status":"publish","type":"post","link":"https:\/\/www.infokuryr.cz\/n\/2024\/05\/22\/sudetsti-nemci-si-chteji-pripomenout-konec-valky-a-odsun-spolecne-s-ceskem\/","title":{"rendered":"Sudet\u0161t\u00ed N\u011bmci si cht\u011bj\u00ed p\u0159ipomenout konec v\u00e1lky a odsun spole\u010dn\u011b s \u010ceskem"},"content":{"rendered":"<div id=\"fb-root\"><\/div>\n<p><strong>P\u0159\u00edb\u011bh od \u010cTK &#8211; 17.5.2024<\/strong><\/p>\n<p>Aug\u0161purk (N\u011bmecko) &#8211; Sudet\u0161t\u00ed N\u011bmci by si r\u00e1di v letech 2025 a 2026 spole\u010dn\u011b s \u010ceskou republikou p\u0159ipomn\u011bli 80. v\u00fdro\u010d\u00ed konce druh\u00e9 sv\u011btov\u00e9 v\u00e1lky a odsunu n\u011bmeck\u00e9 populace z n\u011bkdej\u0161\u00edho \u010ceskoslovenska. Dnes to v bavorsk\u00e9m Aug\u0161purku na tiskov\u00e9 konferenci p\u0159ed za\u010d\u00e1tkem sjezdu Sudeton\u011bmeck\u00e9ho krajansk\u00e9ho sdru\u017een\u00ed (SL) prohl\u00e1sil sudeton\u011bmeck\u00fd p\u0159ed\u00e1k Bernd Posselt.&#8220;&#8230;<\/p>\n<p><strong>\u010cNL:<\/strong> Ano, je mo\u017en\u00e9, abychom si spole\u010dn\u011b s tzv. sudetsk\u00fdmi N\u011bmci p\u0159ipomenuli konec v\u00e1lky a odsun. Ale m\u00e1me jednu podm\u00ednku. Abychom si v dob\u011b t\u011bchto setk\u00e1v\u00e1n\u00ed spole\u010dn\u011b pro\u010d\u00edtali dokumenty p\u0159ijat\u00e9 spojenci po skon\u010den\u00ed druh\u00e9 sv\u011btov\u00e9 v\u00e1lce, zejm\u00e9na z Postupimsk\u00e9 konference, kde spojenci definitivn\u011b rozhodli o p\u0159es\u00eddlen\u00ed n\u011bmeck\u00e9ho obyvatelstva nejen z \u010ceskoslovenska, usnesen\u00ed Spojeneck\u00e9 kontroln\u00ed Rady (SKR) v Berl\u00edn\u011b z 20. listopadu 1945, z Pa\u0159\u00ed\u017esk\u00e9 repara\u010dn\u00ed smlouvy (PRS), kter\u00e1 stanovila N\u011bmecku povinnost zaplatit v\u00e1le\u010dn\u00e9 reparace spojeneck\u00fdm st\u00e1t\u016fm. Mezi signat\u00e1\u0159e PRS pat\u0159\u00ed i \u010ceskoslovensk\u00e1 republika.<\/p>\n<p>Pokud toto v\u0161e spole\u010dn\u011b prostudujeme, m\u016f\u017eeme se dozv\u011bd\u011bt, \u017ee to byli spojenci, kte\u0159\u00ed rozhodli o p\u0159es\u00eddlen\u00ed n\u011bmeck\u00e9ho obyvatelstva, \u017ee podm\u00ednky p\u0159es\u00eddlen\u00ed stanovila a hodnotila SKR a jej\u00ed p\u0159edstavitel\u00e9 t\u00e9\u017e zhodnotili, jak \u010ceskoslovensko p\u0159es\u00eddlen\u00ed p\u0159\u00edkladn\u011b zvl\u00e1dlo. Nad\u00e1le spole\u010dn\u011b z\u0159ejm\u011b i zjist\u00edme, \u017ee to byli Angli\u010dan\u00e9, kte\u0159\u00ed se my\u0161lenkou p\u0159es\u00eddlen\u00ed n\u011bmeck\u00e9ho obyvatelstva za\u010dali zab\u00fdvat. M\u011bli pro to dobr\u00e9 d\u016fvody. Zvali si i K. Henleina, aby si od n\u011bj poslechli, co v\u0161e m\u00edrumilovn\u00ed sudeti \u00a0mus\u00ed vytrp\u011bt od zl\u00fdch \u010cech\u016f je utiskuj\u00edc\u00edch. Nakonec i Hitler jim zp\u00edval z and\u011blsk\u00fdch not. Uv\u011b\u0159ili jim. Brzy zjistili, \u017ee jim sedli na lep. A tak Angli\u010dan\u00e9, konkr\u00e9tn\u011b W. Churchill, nikoliv tedy Stalin, otev\u0159el ot\u00e1zku urychlen\u00ed p\u0159es\u00eddlen\u00ed n\u011bmeck\u00e9ho obyvatelstva z \u010cSR do N\u011bmecka.<\/p>\n<p>Nadto p\u0159i studiu PRS\u00a0 jist\u011b zjist\u00edme, \u017ee N\u011bmecko n\u00e1m dosud nezaplatilo reparace. P\u0159i t\u00e9to p\u0159\u00edle\u017eitosti sudeti mohou n\u00e1m svatosvat\u011b sl\u00edbit, \u017ee ud\u011blaj\u00ed v\u0161e pro to, aby n\u00e1m SRN co nejd\u0159\u00edve dluh, a to dokonce p\u0159im\u011b\u0159en\u011b z\u00faro\u010den\u00fd, zaplatila.<\/p>\n<p>Jestli\u017ee v\u0161e pe\u010dliv\u011b pro\u010dteme, jist\u011b v\u0161ichni p\u0159\u00edtomn\u00ed upust\u00ed od poh\u00e1dek o hodnocen\u00ed p\u0159es\u00eddlen\u00ed n\u011bmeck\u00e9ho obyvatelstva z \u010ceskoslovenska jako krvav\u00fdch etnick\u00fdch \u010distek, jako v\u00e1le\u010dn\u00e9ho zlo\u010dinu \u010di dokonce genocidy. Ti, kte\u0159\u00ed tak dosud t\u00e9m\u011b\u0159 pravideln\u011b tak \u010dinil, sudeti i &#8222;na\u0161i&#8220; sudetomilov\u00e9&#8220;, se se slzami v o\u010d\u00edch omluv\u00ed za sv\u00e9 hlubok\u00e9 neznalosti a sl\u00edb\u00ed, \u017ee se budou za v\u0161e, \u010deho se dopustili, k\u00e1t a nebudou proto moci po del\u0161\u00ed dobu b\u00fdt politicky \u010dinn\u00ed.<\/p>\n<p>Le\u017e kone\u010dn\u011b po cel\u00fdch desetilet\u00edch podlehne pravd\u011b, kter\u00e1 o\u010dividn\u011b zv\u00edt\u011bz\u00ed. Probl\u00e9m \u010desko-sudeto-n\u011bmeck\u00fd \u00a0bude tak pro v\u017edy vy\u0159e\u0161en v souladu s uveden\u00fdmi dokumenty. Sudeti \u00a0nad\u00e1le setrvaj\u00ed ve sv\u00e9 n\u011bmeck\u00e9 vlasti a p\u0159estanou p\u0159edst\u00edrat, \u017ee jsou na\u0161imi krajany. A na\u0161i sudetomilov\u00e9 kone\u010dn\u011b uznaj\u00ed, \u017ee n\u00e1m nejbli\u017e\u0161\u00edm n\u00e1rodem jsou Slov\u00e1ci a hned pot\u00e9 i Srbov\u00e9. Pokud jde o Lu\u017eick\u00e9 Srby, pak sudeti budou moci napjat v\u0161echny s\u00edly, aby Lu\u017ei\u010dt\u00ed Srbov\u00e9, kte\u0159\u00ed jsou v N\u011bmecku z\u0159ejm\u011b omylem pova\u017eov\u00e1ni za n\u00e1rodnostn\u00ed men\u0161inu, byli uzn\u00e1ni za samostatn\u00fd n\u00e1rod.<\/p>\n<p>Dr. O. Tule\u0161kov<\/p>\n<p><a href=\"https:\/\/ceske-narodni-listy.estranky.cz\/clanky\/prispevky\/sudetsti-nemci-si-chteji-pripomenout-....html\">\u010cesk\u00e9 n\u00e1rodn\u00ed listy<\/a><\/p>\n<p><a href=\"https:\/\/stranapro.cz\/\"><img decoding=\"async\" loading=\"lazy\" class=\"wp-image-53371 aligncenter\" src=\"http:\/\/www.infokuryr.cz\/n\/wp-content\/uploads\/2024\/05\/pro-6-volby-300x169.jpg\" alt=\"\" width=\"802\" height=\"452\" srcset=\"https:\/\/www.infokuryr.cz\/n\/wp-content\/uploads\/2024\/05\/pro-6-volby-300x169.jpg 300w, https:\/\/www.infokuryr.cz\/n\/wp-content\/uploads\/2024\/05\/pro-6-volby.jpg 785w\" sizes=\"(max-width: 802px) 100vw, 802px\" \/><\/a><\/p>\n<p>&nbsp;<\/p>\n","protected":false},"excerpt":{"rendered":"<p>P\u0159\u00edb\u011bh od \u010cTK &#8211; 17.5.2024 Aug\u0161purk (N\u011bmecko) &#8211; Sudet\u0161t\u00ed N\u011bmci by si r\u00e1di v letech&#8230;<\/p>\n","protected":false},"author":2,"featured_media":779,"comment_status":"closed","ping_status":"closed","sticky":false,"template":"","format":"standard","meta":[],"categories":[6],"tags":[1503,429,112],"_links":{"self":[{"href":"https:\/\/www.infokuryr.cz\/n\/wp-json\/wp\/v2\/posts\/54274"}],"collection":[{"href":"https:\/\/www.infokuryr.cz\/n\/wp-json\/wp\/v2\/posts"}],"about":[{"href":"https:\/\/www.infokuryr.cz\/n\/wp-json\/wp\/v2\/types\/post"}],"author":[{"embeddable":true,"href":"https:\/\/www.infokuryr.cz\/n\/wp-json\/wp\/v2\/users\/2"}],"replies":[{"embeddable":true,"href":"https:\/\/www.infokuryr.cz\/n\/wp-json\/wp\/v2\/comments?post=54274"}],"version-history":[{"count":0,"href":"https:\/\/www.infokuryr.cz\/n\/wp-json\/wp\/v2\/posts\/54274\/revisions"}],"wp:featuredmedia":[{"embeddable":true,"href":"https:\/\/www.infokuryr.cz\/n\/wp-json\/wp\/v2\/media\/779"}],"wp:attachment":[{"href":"https:\/\/www.infokuryr.cz\/n\/wp-json\/wp\/v2\/media?parent=54274"}],"wp:term":[{"taxonomy":"category","embeddable":true,"href":"https:\/\/www.infokuryr.cz\/n\/wp-json\/wp\/v2\/categories?post=54274"},{"taxonomy":"post_tag","embeddable":true,"href":"https:\/\/www.infokuryr.cz\/n\/wp-json\/wp\/v2\/tags?post=54274"}],"curies":[{"name":"wp","href":"https:\/\/api.w.org\/{rel}","templated":true}]}}