{"id":54269,"date":"2024-05-22T05:11:56","date_gmt":"2024-05-22T03:11:56","guid":{"rendered":"https:\/\/www.infokuryr.cz\/n\/?p=54269"},"modified":"2024-05-22T05:11:56","modified_gmt":"2024-05-22T03:11:56","slug":"jindrich-kulhavy-eurofederace-je-vlhky-sen-liberalu","status":"publish","type":"post","link":"https:\/\/www.infokuryr.cz\/n\/2024\/05\/22\/jindrich-kulhavy-eurofederace-je-vlhky-sen-liberalu\/","title":{"rendered":"Jind\u0159ich Kulhav\u00fd: Eurofederace je vlhk\u00fd sen liber\u00e1l\u016f"},"content":{"rendered":"<div id=\"fb-root\"><\/div>\n<p><span class=\"anotation\">Europoslanci se pomalu lou\u010d\u00ed s\u00a0uplynul\u00fdm volebn\u00edm obdob\u00edm a mohou si blahop\u0159\u00e1t. Pl\u00e1n prov\u00e9st destrukci dosud vcelku funguj\u00edc\u00ed a prosperuj\u00edc\u00ed Evropy se da\u0159\u00ed nad p\u0159edstavy str\u016fjc\u016f nov\u00fdch po\u0159\u00e1dk\u016f. P\u0159ipome\u0148me si, \u017ee za dobu, po kterou si dr\u017eela kon\u010d\u00edc\u00ed ekipa bruselsk\u00e9 \u0161lechty sv\u00e9 mand\u00e1ty, pro\u0161el kontinent covidovou komedi\u00ed zp\u016fsobuj\u00edc\u00ed schodky n\u00e1rodn\u00edch rozpo\u010dt\u016f a nesm\u00edrnou korupci, nav\u00edc na ni byly nav\u00e1z\u00e1ny kroky vedouc\u00ed k\u00a0liberalizaci (p\u0159elo\u017eeno k\u00a0okr\u00e1d\u00e1n\u00ed) obyvatelstva. Great Reset a Green Deal\u00a0 byly d\u00edky covidu urychleny a dopad na spole\u010dnost je naprosto katastrof\u00e1ln\u00ed. P\u0159idejme je\u0161t\u011b naprosto ideologicky pomaten\u00e9 chov\u00e1n\u00ed a p\u0159\u00edstup spojen\u00fdch s\u00a0ukrajinskou kriz\u00ed a sebevra\u017eedn\u00e9 sankce v\u016f\u010di Rusku, plundrov\u00e1n\u00ed vojensk\u00fdch i finan\u010dn\u00edch z\u00e1sob \u010dlensk\u00fdch st\u00e1t\u016f a postupn\u00e9 rozd\u011blov\u00e1n\u00ed moci v\u00a0EU s\u00a0t\u00edm, \u017ee ji z\u00edsk\u00e1vaj\u00ed p\u0159edev\u0161\u00edm vl\u00e1dn\u00ed strany N\u011bmecka a Francie.<\/span><\/p>\n<div id=\"pagetext\">\n<p>\u00a0 \u017divot v\u00a0Bruselu je podobn\u00fd tomu na z\u00e1mku. Naprost\u00e9 od\u0159\u00edznut\u00ed od reality a neskute\u010dn\u00fd luxus a \u00falitby p\u0159ipom\u00ednaj\u00ed neskute\u010dn\u011b korup\u010dn\u00ed prost\u0159ed\u00ed. Vynech\u00e1me li af\u00e9ru kolem chov\u00e1n\u00ed p\u0159edsedkyn\u011b Evropsk\u00e9 komise Ursuly von der Leyen, u n\u00ed\u017e je naprosto opr\u00e1vn\u011bn\u00e9 podez\u0159en\u00ed na komplot t\u00fdkaj\u00edc\u00ed se n\u00e1kupu pseudovakc\u00edn\u00a0 a bezohledn\u00fd p\u0159\u00edstup k\u00a0zdrav\u00ed a \u017eivot\u016fm ob\u010dan\u016f Evropsk\u00e9 unie, po\u0159\u00e1d n\u00e1s mus\u00ed stra\u0161it vysok\u00e9 platy lid\u00ed pod\u00edlej\u00edc\u00edch se na p\u0159ipravovan\u00e9m z\u00e1niku samostatn\u00fdch a svrchovan\u00fdch st\u00e1t\u016f. Nejste li naivn\u00ed idealista, budete jen t\u011b\u017eko hledat n\u011bco skute\u010dn\u011b pozitivn\u00edho, co by n\u00e1m EU poskytovala. To poslanci \u0159\u00edct nemohou, jsou u pln\u00e9ho koryta, od kter\u00e9ho se v\u011bt\u0161in\u011b z\u00a0nich ani nechce. Nav\u00edc jim jejich mand\u00e1ty zaji\u0161\u0165uj\u00ed i solidn\u00ed startovn\u00ed pozici do d\u016fchodu. Kdy\u017e to shrneme. Bruselsk\u00fd pal\u00e1c je pln\u00fd l\u00edn\u00fdch, nemor\u00e1ln\u00edch a p\u0159epl\u00e1cen\u00fdch lempl\u016f vyu\u017e\u00edvaj\u00edc\u00ed nadstandardn\u00ed podm\u00ednky p\u0159ipraven\u00e9 pro ty, kdo umetou cesti\u010dku nadn\u00e1rodn\u00edm konglomer\u00e1t\u016fm a nejbohat\u0161\u00edm elit\u00e1m k\u00a0dal\u0161\u00edmu obohacov\u00e1n\u00ed se. A up\u0159\u00edmn\u011b se pt\u00e1me. Pot\u0159ebujeme takov\u00e9 lidi? Je nutn\u00e9 \u017e\u00edt v\u00a0syst\u00e9mu, kter\u00fd tyto jedince produkuje a soust\u0159ed\u00ed je tam, kde se rozhoduje o na\u0161\u00ed budoucnosti?<\/p>\n<p><a href=\"https:\/\/stranapro.cz\/\"><img decoding=\"async\" loading=\"lazy\" class=\"wp-image-53371 alignright\" src=\"http:\/\/www.infokuryr.cz\/n\/wp-content\/uploads\/2024\/05\/pro-6-volby-300x169.jpg\" alt=\"\" width=\"712\" height=\"401\" srcset=\"https:\/\/www.infokuryr.cz\/n\/wp-content\/uploads\/2024\/05\/pro-6-volby-300x169.jpg 300w, https:\/\/www.infokuryr.cz\/n\/wp-content\/uploads\/2024\/05\/pro-6-volby-768x431.jpg 768w, https:\/\/www.infokuryr.cz\/n\/wp-content\/uploads\/2024\/05\/pro-6-volby.jpg 785w\" sizes=\"(max-width: 712px) 100vw, 712px\" \/><\/a><\/p>\n<p>Bl\u00ed\u017e\u00edc\u00ed se volby jsou dop\u0159edu sv\u00fdm zp\u016fsobem \u010diteln\u00e9. Nejv\u00edce mand\u00e1t\u016f skon\u010d\u00ed v\u00a0ANO, by\u0165 tato strana nen\u00ed doslovnou opozic\u00ed sou\u010dasn\u00e9 vl\u00e1dy. Minim\u00e1ln\u011b v\u00a0eurounijn\u00edm m\u011b\u0159\u00edtku ne. Pod\u00edlela se covidov\u00e9 hysterii, p\u0159ivedla k\u00a0ob\u0159\u00edmu schodku n\u00e1rodn\u00ed rozpo\u010det. Ve stejn\u00e9m tempu pokra\u010duje vl\u00e1da P\u011btikoalice a d\u00edru ve st\u00e1tn\u00ed pokladn\u011b je\u0161t\u011b zv\u011bt\u0161uje a m\u00edn\u00ed v\u00a0tom pokra\u010dovat. Co\u017e neznamen\u00e1, \u017ee nez\u00edsk\u00e1 p\u0159ibli\u017en\u011b stejn\u011b k\u0159esel jako ANO. Pokud si klepete na \u010delo, pak asi pr\u00e1vem. Z\u00e1stupci obou t\u011bchto parti\u010dek se toti\u017e p\u0159id\u00e1vali k\u00a0protin\u00e1rodn\u00edm hlasov\u00e1n\u00edm a jen t\u011b\u017eko byste rozeznali, pat\u0159\u00ed li doty\u010dn\u00ed k\u00a0Pir\u00e1t\u016fm, Babi\u0161ovc\u016fm \u010di jinam. P\u00e1r v\u00fdjimek mezi na\u0161imi europoslanci bychom jmenovat mohli, ale t\u0159eba Kone\u010dn\u00e1 v\u00a0dob\u011b covidu byla na jejich b\u0159ehu (nezapom\u00edn\u00e1me) a moment\u00e1ln\u00ed odklon stav\u00edc\u00ed ji do p\u0159\u00edzniv\u00e9ho sv\u011btla p\u0159ich\u00e1z\u00ed pon\u011bkud pozd\u011bji, ne\u017e m\u011bl. Podstatn\u011b m\u00e9n\u011b p\u0159e\u0161lap\u016f tak ud\u011blali jen \u010dlenov\u00e9 SPD.<\/p>\n<p>P\u0159ed ka\u017ed\u00fdmi volbami varujeme p\u0159ed ztr\u00e1tou volebn\u00edch hlas\u016f d\u00edky hlasov\u00e1n\u00ed pro ne tolik viditeln\u00e9 strany. Tentokr\u00e1t v\u0161ak maj\u00ed Svobodn\u00ed siln\u00e9 kandid\u00e1ty a Filip Turek t\u00e1hne Motoristy s\u00a0P\u0159\u00edsahou. PRO si zkomplikovalo situaci politika\u0159en\u00edm uvnit\u0159 strany nedlouho p\u0159ed volbami a odchod \u010d\u00e1sti \u010dlen\u016f z\u00a0okol\u00ed Petry R\u00e9dov\u00e9 do seskupen\u00ed Sta\u010dilo mo\u017en\u00e1 poh\u0159bilo ambice Jind\u0159icha Rajchla. Pro euroskeptiky, ke kter\u00fdm pat\u0159\u00edme, z\u016fst\u00e1vaj\u00ed tedy jistou nad\u011bj\u00ed \u010d\u00e1ste\u010dn\u011b Svobodn\u00ed, ale nesporn\u00fdm odp\u016frcem zv\u011brstev sp\u0159\u00e1dan\u00fdch v\u00a0Bruselu je p\u0159edev\u0161\u00edm Filip Turek. N\u011bkomu m\u016f\u017ee vadit jeho p\u0159\u00edstup k\u00a0\u017eivotu zav\u00e1n\u011bj\u00edc\u00ed luxusem. Pozitivn\u00ed je, \u017ee si nehraje na n\u011bco, co nen\u00ed, a sv\u00e9 n\u00e1zory prezentuje dle toho, jak vn\u00edm\u00e1 celou dne\u0161n\u00ed zvrhlou dobu. A\u0165 u\u017e se to t\u00fdk\u00e1 Green Dealu, genderu, ekonomiky i ostatn\u00edch v\u00edce \u010di m\u00e9n\u011b o\u017eehav\u00fdch ot\u00e1zek. Ne nebojte, nevnucujeme V\u00e1m ho, p\u0159esto\u017ee mu fand\u00edme a dr\u017e\u00edme palce, je na ka\u017ed\u00e9m z\u00a0v\u00e1s, pro koho se rozhodnete. Mo\u017en\u00e1 naposled, dal\u0161\u00ed volby budou u\u017e m\u00edt kulturn\u00ed vlo\u017eku v\u00a0podob\u011b koresponden\u010dn\u00edch l\u00edstk\u016f a jist\u011b i \u0161ir\u0161\u00ed z\u00e1kladny proliber\u00e1ln\u00edch voli\u010d\u016f \u017eij\u00edc\u00edch mimo \u010deskou realitu. Nicm\u00e9n\u011b opakujeme, \u017ee ANO i P\u011btikoalice jsou naprosto stejn\u00ed eurohuje\u0159i. A ti necht\u011bj\u00ed, abychom se m\u011bli dob\u0159e. Jim jde o jejich blahobyt. Je\u0161t\u011b p\u0159em\u00fd\u0161lejte.<\/p>\n<p><a href=\"https:\/\/www.inadhled.live\/uvaha-dne\/eurofederace-je-vlhky-sen-liberalu\/\">Jind\u0159ich Kulhav\u00fd<\/a><\/p>\n<p><img decoding=\"async\" loading=\"lazy\" class=\"alignnone size-full wp-image-48136\" src=\"http:\/\/www.infokuryr.cz\/n\/wp-content\/uploads\/2024\/02\/kulhavy-jindrich.jpg\" alt=\"\" width=\"219\" height=\"221\" srcset=\"https:\/\/www.infokuryr.cz\/n\/wp-content\/uploads\/2024\/02\/kulhavy-jindrich.jpg 219w, https:\/\/www.infokuryr.cz\/n\/wp-content\/uploads\/2024\/02\/kulhavy-jindrich-150x150.jpg 150w\" sizes=\"(max-width: 219px) 100vw, 219px\" \/><\/p>\n<p>&nbsp;<\/p>\n<\/div>\n","protected":false},"excerpt":{"rendered":"<p>Europoslanci se pomalu lou\u010d\u00ed s\u00a0uplynul\u00fdm volebn\u00edm obdob\u00edm a mohou si blahop\u0159\u00e1t. Pl\u00e1n prov\u00e9st destrukci dosud&#8230;<\/p>\n","protected":false},"author":2,"featured_media":54270,"comment_status":"closed","ping_status":"closed","sticky":false,"template":"","format":"standard","meta":[],"categories":[6],"tags":[41,1503,269,27],"_links":{"self":[{"href":"https:\/\/www.infokuryr.cz\/n\/wp-json\/wp\/v2\/posts\/54269"}],"collection":[{"href":"https:\/\/www.infokuryr.cz\/n\/wp-json\/wp\/v2\/posts"}],"about":[{"href":"https:\/\/www.infokuryr.cz\/n\/wp-json\/wp\/v2\/types\/post"}],"author":[{"embeddable":true,"href":"https:\/\/www.infokuryr.cz\/n\/wp-json\/wp\/v2\/users\/2"}],"replies":[{"embeddable":true,"href":"https:\/\/www.infokuryr.cz\/n\/wp-json\/wp\/v2\/comments?post=54269"}],"version-history":[{"count":0,"href":"https:\/\/www.infokuryr.cz\/n\/wp-json\/wp\/v2\/posts\/54269\/revisions"}],"wp:featuredmedia":[{"embeddable":true,"href":"https:\/\/www.infokuryr.cz\/n\/wp-json\/wp\/v2\/media\/54270"}],"wp:attachment":[{"href":"https:\/\/www.infokuryr.cz\/n\/wp-json\/wp\/v2\/media?parent=54269"}],"wp:term":[{"taxonomy":"category","embeddable":true,"href":"https:\/\/www.infokuryr.cz\/n\/wp-json\/wp\/v2\/categories?post=54269"},{"taxonomy":"post_tag","embeddable":true,"href":"https:\/\/www.infokuryr.cz\/n\/wp-json\/wp\/v2\/tags?post=54269"}],"curies":[{"name":"wp","href":"https:\/\/api.w.org\/{rel}","templated":true}]}}