{"id":54258,"date":"2024-05-22T00:51:25","date_gmt":"2024-05-21T22:51:25","guid":{"rendered":"https:\/\/www.infokuryr.cz\/n\/?p=54258"},"modified":"2024-05-21T18:10:05","modified_gmt":"2024-05-21T16:10:05","slug":"sef-nemecke-rozvedky-v-nemecku-bude-verejne-bojovat-proti-nemecke-opozici-afd-koudelka-z-bis-uz-neni-sam","status":"publish","type":"post","link":"https:\/\/www.infokuryr.cz\/n\/2024\/05\/22\/sef-nemecke-rozvedky-v-nemecku-bude-verejne-bojovat-proti-nemecke-opozici-afd-koudelka-z-bis-uz-neni-sam\/","title":{"rendered":"\u0160\u00e9f n\u011bmeck\u00e9 rozv\u011bdky v N\u011bmecku bude ve\u0159ejn\u011b bojovat proti n\u011bmeck\u00e9 opozici AfD. Koudelka z BIS u\u017e nen\u00ed s\u00e1m\u2026"},"content":{"rendered":"<div id=\"fb-root\"><\/div>\n<p><strong>\u0160\u00e9f durynsk\u00e9 pobo\u010dky n\u011bmeck\u00e9 pobo\u010dky \u00fa\u0159adu pro ochranu \u00fastavy ( Verfassungsschutzamtes \u2013 n\u011bmeck\u00e1 rozv\u011bdka)\u00a0<a href=\"https:\/\/jungefreiheit.de\/politik\/deutschland\/2024\/wenn-der-verfassungsschutzchef-erster-wahlkaempfer-wird\/\">Stephan Kramer\u00a0<\/a>se v medi\u00edch otev\u0159en\u011b vyj\u00e1d\u0159il, \u017ee bude on (a jeho instituce) ze v\u0161ech sil bojovat proti opozi\u010dn\u00ed AfD<\/strong>. Jeho \u00fa\u0159ad m\u00e1 sice p\u0159\u00edmo\u00a0<strong>z \u00fastavy na\u0159\u00edzenou p\u0159\u00edsnou politickou neutralitu. Koho to dnes zaj\u00edm\u00e1, \u017ee?! Plat\u00ed, co se zrovna hod\u00ed\u2026.<\/strong><\/p>\n<p><strong>Kramer je prvn\u00ed \u0159editel t\u00e9to instituce, kter\u00fd nem\u00e1 pr\u00e1vn\u00ed vzd\u011bl\u00e1n\u00ed a p\u0159ed t\u00edm p\u016fsobil jako gener\u00e1ln\u00ed sekret\u00e1\u0159 svazu \u017did\u016f v N\u011bmecku a v n\u011bkolika ultra levicov\u00fdch neziskovk\u00e1ch.\u00a0<\/strong>Tyto neziskovky v\u017edy podporovaly masovou imigraci, lgbt++ agendu, eco agendu atd\u2026<\/p>\n<p>\u0160\u00e9f \u201e\u010desk\u00e9\u201c BIS Koudelka u\u017e nen\u00ed v politick\u00e9m aktivismu s\u00e1m.<strong> Tajn\u00e9 slu\u017eby se v liber\u00e1ln\u00edch demokraci\u00edch staly otev\u0159en\u00fdmi n\u00e1stroji proti m\u00edstn\u00edmu obyvatelstvu a v\u0161emu norm\u00e1ln\u00edmu.<\/strong>\u00a0Ale totalita to pr\u00fd nen\u00ed\u2026<\/p>\n<p><a href=\"https:\/\/ceskavec.com\/2024\/05\/sef-nemecke-rozvedky-v-nemecku-bude-verejne-bojovat-proti-nemecke-opozici-afd-koudelka-z-bis-uz-neni-sam\">Aroon G.<\/a><\/p>\n<p><img decoding=\"async\" loading=\"lazy\" class=\"wp-image-52970 aligncenter\" src=\"http:\/\/www.infokuryr.cz\/n\/wp-content\/uploads\/2024\/05\/rajch-pro-212x300.jpg\" alt=\"\" width=\"717\" height=\"1015\" srcset=\"https:\/\/www.infokuryr.cz\/n\/wp-content\/uploads\/2024\/05\/rajch-pro-212x300.jpg 212w, https:\/\/www.infokuryr.cz\/n\/wp-content\/uploads\/2024\/05\/rajch-pro.jpg 556w\" sizes=\"(max-width: 717px) 100vw, 717px\" \/><\/p>\n<p>&nbsp;<\/p>\n","protected":false},"excerpt":{"rendered":"<p>\u0160\u00e9f durynsk\u00e9 pobo\u010dky n\u011bmeck\u00e9 pobo\u010dky \u00fa\u0159adu pro ochranu \u00fastavy ( Verfassungsschutzamtes \u2013 n\u011bmeck\u00e1 rozv\u011bdka)\u00a0Stephan Kramer\u00a0se&#8230;<\/p>\n","protected":false},"author":2,"featured_media":54259,"comment_status":"closed","ping_status":"closed","sticky":false,"template":"","format":"standard","meta":[],"categories":[7],"tags":[146,187,84,663],"_links":{"self":[{"href":"https:\/\/www.infokuryr.cz\/n\/wp-json\/wp\/v2\/posts\/54258"}],"collection":[{"href":"https:\/\/www.infokuryr.cz\/n\/wp-json\/wp\/v2\/posts"}],"about":[{"href":"https:\/\/www.infokuryr.cz\/n\/wp-json\/wp\/v2\/types\/post"}],"author":[{"embeddable":true,"href":"https:\/\/www.infokuryr.cz\/n\/wp-json\/wp\/v2\/users\/2"}],"replies":[{"embeddable":true,"href":"https:\/\/www.infokuryr.cz\/n\/wp-json\/wp\/v2\/comments?post=54258"}],"version-history":[{"count":1,"href":"https:\/\/www.infokuryr.cz\/n\/wp-json\/wp\/v2\/posts\/54258\/revisions"}],"predecessor-version":[{"id":54260,"href":"https:\/\/www.infokuryr.cz\/n\/wp-json\/wp\/v2\/posts\/54258\/revisions\/54260"}],"wp:featuredmedia":[{"embeddable":true,"href":"https:\/\/www.infokuryr.cz\/n\/wp-json\/wp\/v2\/media\/54259"}],"wp:attachment":[{"href":"https:\/\/www.infokuryr.cz\/n\/wp-json\/wp\/v2\/media?parent=54258"}],"wp:term":[{"taxonomy":"category","embeddable":true,"href":"https:\/\/www.infokuryr.cz\/n\/wp-json\/wp\/v2\/categories?post=54258"},{"taxonomy":"post_tag","embeddable":true,"href":"https:\/\/www.infokuryr.cz\/n\/wp-json\/wp\/v2\/tags?post=54258"}],"curies":[{"name":"wp","href":"https:\/\/api.w.org\/{rel}","templated":true}]}}