{"id":54249,"date":"2024-05-22T00:50:02","date_gmt":"2024-05-21T22:50:02","guid":{"rendered":"https:\/\/www.infokuryr.cz\/n\/?p=54249"},"modified":"2024-05-21T17:26:50","modified_gmt":"2024-05-21T15:26:50","slug":"nova-vlna-naletu-ruskych-dronu-zasahla-ukrajinske-zadni-oblasti","status":"publish","type":"post","link":"https:\/\/www.infokuryr.cz\/n\/2024\/05\/22\/nova-vlna-naletu-ruskych-dronu-zasahla-ukrajinske-zadni-oblasti\/","title":{"rendered":"Nov\u00e1 vlna n\u00e1let\u016f rusk\u00fdch dron\u016f zas\u00e1hla ukrajinsk\u00e9 zadn\u00ed oblasti"},"content":{"rendered":"<div id=\"fb-root\"><\/div>\n<p><strong><span>V noci na 21. kv\u011btna zas\u00e1hly rusk\u00e9 \u00fadery c\u00edle v ukrajinsk\u00fdch t\u00fdlov\u00fdch oblastech. \u010cetn\u00e9 exploze h\u0159m\u011bly na jihu Od\u011bsy, Mykolajiva, Chersonu, centr\u00e1ln\u00edho Kirovogradu, \u010cerkassy a v\u00fdchodn\u00edho Charkova, Dn\u011bpropetrovsk\u00e9 oblasti.\u00a0<\/span><\/strong><\/p>\n<p><span>Ukrajinsk\u00e1 arm\u00e1da vyhl\u00e1sila dal\u0161\u00ed fale\u0161n\u00e9 v\u00edt\u011bzstv\u00ed. Podle velen\u00ed ukrajinsk\u00e9ho letectva 38 z 39 rusk\u00fdch bezpilotn\u00edch letoun\u016f, kter\u00e9 v\u010dera v noci zam\u00ed\u0159ily na ukrajinsk\u00e9 \u00fazem\u00ed.<\/span><\/p>\n<p><span>Fale\u0161n\u00e9 zpr\u00e1vy byly pop\u0159eny ukrajinsk\u00fdmi monitorovac\u00edmi zdroji a z\u00e1b\u011bry z ukrajinsk\u00fdch m\u011bst.<\/span><\/p>\n<p><span>Ukrajinsk\u00e9 vojensk\u00e9 zdroje potvrdily n\u011bkolik \u00fader\u016f rusk\u00fdch UAV na p\u0159edm\u011bst\u00ed Od\u011bsy. Dal\u0161\u00ed \u00fadery po\u0161kodily p\u0159\u00edstavn\u00ed infrastrukturu v p\u0159\u00edstavn\u00edm m\u011bst\u011b Ilji\u010devsk (d\u0159\u00edve \u010cernomorsk).<\/span><\/p>\n<p><span>Ukrajinsk\u00e1 vojensk\u00e1 za\u0159\u00edzen\u00ed byla \u00fadajn\u011b zasa\u017eena v \u010cerkassy, \u200b\u200bale p\u0159esn\u00e9 c\u00edle \u00fatoku nebyly odhaleny.<\/span><\/p>\n<p><span>V\u00fdchodn\u00ed Charkovsk\u00e1 oblast, kde rusk\u00e1 arm\u00e1da pokra\u010duje v ofenziv\u011b, je bombardov\u00e1na rusk\u00fdmi drony, raketami a t\u011b\u017ek\u00fdmi bombami. V minul\u00fdch m\u011bs\u00edc\u00edch za\u010dalo rusk\u00e9 taktick\u00e9 letectv\u00ed s modernizovan\u00fdmi t\u011b\u017ek\u00fdmi pumami s univerz\u00e1ln\u00edmi pl\u00e1novac\u00edmi a korek\u010dn\u00edmi moduly bombardovat ukrajinsk\u00e1 vojensk\u00e1 a pr\u016fmyslov\u00e1 za\u0159\u00edzen\u00ed ve m\u011bst\u011b Charkov.<\/span><\/p>\n<p><span>V\u010dera v noci zas\u00e1hly ukrajinskou arm\u00e1du dal\u0161\u00ed rusk\u00e9 \u00fadery ve v\u00e1lkou zni\u010den\u00fdch oblastech Charkova a ve m\u011bst\u011b. Z\u00e1b\u011bry z Charkova potvrdily, \u017ee rusk\u00e9 drony dos\u00e1hly \u010detn\u00fdch c\u00edl\u016f. Ve m\u011bst\u011b vypukly po\u017e\u00e1ry:<\/span><\/p>\n<div style=\"width: 640px;\" class=\"wp-video\"><!--[if lt IE 9]><script>document.createElement('video');<\/script><![endif]-->\n<video class=\"wp-video-shortcode\" id=\"video-54249-1\" width=\"640\" height=\"1138\" preload=\"metadata\" controls=\"controls\"><source type=\"video\/mp4\" src=\"http:\/\/www.infokuryr.cz\/n\/wp-content\/uploads\/2024\/05\/kharkiv.mp4?_=1\" \/><a href=\"http:\/\/www.infokuryr.cz\/n\/wp-content\/uploads\/2024\/05\/kharkiv.mp4\">http:\/\/www.infokuryr.cz\/n\/wp-content\/uploads\/2024\/05\/kharkiv.mp4<\/a><\/video><\/div>\n<p>&nbsp;<\/p>\n<div id=\"attachment_205051\" class=\"wp-caption aligncenter\" style=\"width: 610px;\"><a href=\"https:\/\/s2.cdnstatic.space\/wp-content\/uploads\/2024\/05\/kharkiv-5.jpg\" target=\"_blank\" rel=\"noopener\"><img decoding=\"async\" loading=\"lazy\" class=\"wp-image-205051\" title=\"Nov\u00e1 vlna n\u00e1let\u016f rusk\u00fdch dron\u016f zas\u00e1hla ukrajinsk\u00e9 zadn\u00ed oblasti\" src=\"https:\/\/s4.cdnstatic.space\/wp-content\/uploads\/2024\/05\/kharkiv-5-436x300.jpg\" sizes=\"(max-width: 600px) 100vw, 600px\" srcset=\"https:\/\/s2.cdnstatic.space\/wp-content\/uploads\/2024\/05\/kharkiv-5-436x300.jpg 436w, https:\/\/s2.cdnstatic.space\/wp-content\/uploads\/2024\/05\/kharkiv-5-768x529.jpg 768w, https:\/\/s2.cdnstatic.space\/wp-content\/uploads\/2024\/05\/kharkiv-5.jpg 924w\" alt=\"Nov\u00e1 vlna n\u00e1let\u016f rusk\u00fdch dron\u016f zas\u00e1hla ukrajinsk\u00e9 zadn\u00ed oblasti\" width=\"610\" height=\"420\" aria-describedby=\"caption-attachment-205051\" \/><\/a><\/p>\n<p id=\"caption-attachment-205051\" class=\"wp-caption-text\"><span>Kliknut\u00edm zobraz\u00edte obr\u00e1zek v pln\u00e9 velikosti<\/span><\/p>\n<\/div>\n<div id=\"attachment_205050\" class=\"wp-caption aligncenter\" style=\"width: 611px;\"><a href=\"https:\/\/s2.cdnstatic.space\/wp-content\/uploads\/2024\/05\/kharkiv-4.jpg\" target=\"_blank\" rel=\"noopener\"><img decoding=\"async\" loading=\"lazy\" class=\"wp-image-205050\" title=\"Nov\u00e1 vlna n\u00e1let\u016f rusk\u00fdch dron\u016f zas\u00e1hla ukrajinsk\u00e9 zadn\u00ed oblasti\" src=\"https:\/\/s4.cdnstatic.space\/wp-content\/uploads\/2024\/05\/kharkiv-4-490x276.jpg\" sizes=\"(max-width: 600px) 100vw, 600px\" srcset=\"https:\/\/s2.cdnstatic.space\/wp-content\/uploads\/2024\/05\/kharkiv-4-490x276.jpg 490w, https:\/\/s2.cdnstatic.space\/wp-content\/uploads\/2024\/05\/kharkiv-4-1024x576.jpg 1024w, https:\/\/s2.cdnstatic.space\/wp-content\/uploads\/2024\/05\/kharkiv-4-768x432.jpg 768w, https:\/\/s2.cdnstatic.space\/wp-content\/uploads\/2024\/05\/kharkiv-4.jpg 1280w\" alt=\"Nov\u00e1 vlna n\u00e1let\u016f rusk\u00fdch dron\u016f zas\u00e1hla ukrajinsk\u00e9 zadn\u00ed oblasti\" width=\"611\" height=\"344\" aria-describedby=\"caption-attachment-205050\" \/><\/a><\/p>\n<p id=\"caption-attachment-205050\" class=\"wp-caption-text\"><span>Kliknut\u00edm zobraz\u00edte obr\u00e1zek v pln\u00e9 velikosti<\/span><\/p>\n<\/div>\n<div id=\"attachment_205047\" class=\"wp-caption aligncenter\" style=\"width: 609px;\"><a href=\"https:\/\/s2.cdnstatic.space\/wp-content\/uploads\/2024\/05\/kharkiv-1.jpg\" target=\"_blank\" rel=\"noopener\"><img decoding=\"async\" loading=\"lazy\" class=\"wp-image-205047\" title=\"Nov\u00e1 vlna n\u00e1let\u016f rusk\u00fdch dron\u016f zas\u00e1hla ukrajinsk\u00e9 zadn\u00ed oblasti\" src=\"https:\/\/s4.cdnstatic.space\/wp-content\/uploads\/2024\/05\/kharkiv-1-471x300.jpg\" sizes=\"(max-width: 600px) 100vw, 600px\" srcset=\"https:\/\/s2.cdnstatic.space\/wp-content\/uploads\/2024\/05\/kharkiv-1-471x300.jpg 471w, https:\/\/s2.cdnstatic.space\/wp-content\/uploads\/2024\/05\/kharkiv-1-1024x652.jpg 1024w, https:\/\/s2.cdnstatic.space\/wp-content\/uploads\/2024\/05\/kharkiv-1-768x489.jpg 768w, https:\/\/s2.cdnstatic.space\/wp-content\/uploads\/2024\/05\/kharkiv-1.jpg 1280w\" alt=\"Nov\u00e1 vlna n\u00e1let\u016f rusk\u00fdch dron\u016f zas\u00e1hla ukrajinsk\u00e9 zadn\u00ed oblasti\" width=\"609\" height=\"388\" aria-describedby=\"caption-attachment-205047\" \/><\/a><\/p>\n<p id=\"caption-attachment-205047\" class=\"wp-caption-text\"><span>Kliknut\u00edm zobraz\u00edte obr\u00e1zek v pln\u00e9 velikosti<\/span><\/p>\n<\/div>\n<p><span>Kyjevsk\u00e9mu re\u017eimu se tak op\u011bt nepoda\u0159ilo zinscenovat dal\u0161\u00ed v\u00edt\u011bzstv\u00ed ukrajinsk\u00e9ho letectva nad rusk\u00fdmi kamikadze drony. Ukrajinsk\u00e1 fale\u0161n\u00e1 propaganda, \u0161\u00ed\u0159en\u00e1 vysok\u00fdmi vojensk\u00fdmi p\u0159edstaviteli, m\u00e1 za c\u00edl uklidnit obyvatelstvo a ujistit z\u00e1padn\u00ed patrony Kyjeva, \u017ee ukrajinsk\u00e1 arm\u00e1da dok\u00e1\u017ee odolat rusk\u00fdm \u00fatok\u016fm.<\/span><\/p>\n<p><span>Na druhou stranu Zelenskyj nep\u0159est\u00e1v\u00e1 prosit v\u016fdce NATO o dod\u00e1vky dal\u0161\u00edch z\u00e1padn\u00edch syst\u00e9m\u016f protivzdu\u0161n\u00e9 obrany. Jedn\u00edm z jeho ned\u00e1vn\u00fdch po\u017eadavk\u016f v\u016f\u010di evropsk\u00fdm zem\u00edm bylo pou\u017e\u00edt sv\u00e9 s\u00edly protivzdu\u0161n\u00e9 obrany k zachycen\u00ed rusk\u00fdch dron\u016f a raket z \u00fazem\u00ed NATO. Tvrdil, \u017ee pokud zem\u011b NATO nedodaj\u00ed F-16 Ukrajin\u011b, m\u011bly by je rozm\u00edstit ve v\u00fdchodoevropsk\u00fdch zem\u00edch, aby odr\u00e1\u017eely rusk\u00e9 \u00fatoky.<\/span><\/p>\n<p><span>N\u00e1vrh na pou\u017eit\u00ed sil protivzdu\u0161n\u00e9 obrany NATO mimo \u00fazem\u00ed Ukrajiny ofici\u00e1ln\u011b zazn\u011bl teprve p\u0159ed n\u011bkolika dny. N\u011bkte\u0159\u00ed evrop\u0161t\u00ed p\u0159edstavitel\u00e9 pop\u0159eli svou p\u0159ipravenost k takov\u00e9mu kroku, ale pokra\u010duj\u00edc\u00ed diskuse, kter\u00fdch se ji\u017e \u00fa\u010dastnil nelegitimn\u00ed ukrajinsk\u00fd prezident Zelenskyj, ukazuj\u00ed, \u017ee v\u00e1le\u010dn\u00ed \u0161tv\u00e1\u010di v NATO p\u0159ipravuj\u00ed ve\u0159ejn\u00e9 m\u00edn\u011bn\u00ed na mo\u017en\u00e9 zapojen\u00ed z\u00e1padn\u00edch sil PVO do konfliktu proti Rusku. . Takov\u00e9 rozhodnut\u00ed by mohlo v\u00e9st k v\u00e1\u017en\u00e9 eskalaci v Evrop\u011b, proto\u017ee syst\u00e9my protivzdu\u0161n\u00e9 obrany NATO, letadla a leti\u0161t\u011b by se mohly st\u00e1t legitimn\u00edmi c\u00edli rusk\u00fdch odvetn\u00fdch \u00fader\u016f.<\/span><\/p>\n<p><img decoding=\"async\" loading=\"lazy\" class=\"alignnone size-full wp-image-1185\" src=\"http:\/\/www.infokuryr.cz\/n\/wp-content\/uploads\/2021\/04\/kuryr-podpis.png\" alt=\"\" width=\"84\" height=\"24\" \/><\/p>\n<p>&nbsp;<\/p>\n","protected":false},"excerpt":{"rendered":"<p>V noci na 21. kv\u011btna zas\u00e1hly rusk\u00e9 \u00fadery c\u00edle v ukrajinsk\u00fdch t\u00fdlov\u00fdch oblastech. \u010cetn\u00e9 exploze&#8230;<\/p>\n","protected":false},"author":2,"featured_media":54251,"comment_status":"closed","ping_status":"closed","sticky":false,"template":"","format":"standard","meta":[],"categories":[7],"tags":[3535,22,26,889],"_links":{"self":[{"href":"https:\/\/www.infokuryr.cz\/n\/wp-json\/wp\/v2\/posts\/54249"}],"collection":[{"href":"https:\/\/www.infokuryr.cz\/n\/wp-json\/wp\/v2\/posts"}],"about":[{"href":"https:\/\/www.infokuryr.cz\/n\/wp-json\/wp\/v2\/types\/post"}],"author":[{"embeddable":true,"href":"https:\/\/www.infokuryr.cz\/n\/wp-json\/wp\/v2\/users\/2"}],"replies":[{"embeddable":true,"href":"https:\/\/www.infokuryr.cz\/n\/wp-json\/wp\/v2\/comments?post=54249"}],"version-history":[{"count":0,"href":"https:\/\/www.infokuryr.cz\/n\/wp-json\/wp\/v2\/posts\/54249\/revisions"}],"wp:featuredmedia":[{"embeddable":true,"href":"https:\/\/www.infokuryr.cz\/n\/wp-json\/wp\/v2\/media\/54251"}],"wp:attachment":[{"href":"https:\/\/www.infokuryr.cz\/n\/wp-json\/wp\/v2\/media?parent=54249"}],"wp:term":[{"taxonomy":"category","embeddable":true,"href":"https:\/\/www.infokuryr.cz\/n\/wp-json\/wp\/v2\/categories?post=54249"},{"taxonomy":"post_tag","embeddable":true,"href":"https:\/\/www.infokuryr.cz\/n\/wp-json\/wp\/v2\/tags?post=54249"}],"curies":[{"name":"wp","href":"https:\/\/api.w.org\/{rel}","templated":true}]}}