{"id":54247,"date":"2024-05-22T00:49:54","date_gmt":"2024-05-21T22:49:54","guid":{"rendered":"https:\/\/www.infokuryr.cz\/n\/?p=54247"},"modified":"2024-05-21T17:23:23","modified_gmt":"2024-05-21T15:23:23","slug":"houthis-oznamil-zachyceni-pateho-uav-mq-9-reaper-americkeho-letectva-nad-jemenem","status":"publish","type":"post","link":"https:\/\/www.infokuryr.cz\/n\/2024\/05\/22\/houthis-oznamil-zachyceni-pateho-uav-mq-9-reaper-americkeho-letectva-nad-jemenem\/","title":{"rendered":"Houthis ozn\u00e1mil zachycen\u00ed p\u00e1t\u00e9ho UAV MQ-9 Reaper americk\u00e9ho letectva nad Jemenem"},"content":{"rendered":"<div id=\"fb-root\"><\/div>\n<p><strong><span>H\u00fas\u00edov\u00e9 z jemensk\u00e9ho hnut\u00ed Ansar Allah sest\u0159elili na obloze nad provinci\u00ed Al-Bayda nach\u00e1zej\u00edc\u00ed se v z\u00e1padn\u00ed \u010d\u00e1sti zem\u011b dal\u0161\u00ed bezpilotn\u00ed letoun MQ-9 Reaper americk\u00e9ho letectva. Mluv\u010d\u00ed jemensk\u00fdch ozbrojen\u00fdch sil Yahya Saree ofici\u00e1ln\u011b potvrdil zpr\u00e1vy.<\/span><\/strong><\/p>\n<p><span>Toto je p\u00e1t\u00fd americk\u00fd MQ-9 Reaper UAV sest\u0159elen\u00fd nad Jemenem od za\u010d\u00e1tku eskalace nap\u011bt\u00ed na Bl\u00edzk\u00e9m v\u00fdchod\u011b po eskalaci palestinsko-izraelsk\u00e9ho konfliktu v p\u00e1smu Gazy v \u0159\u00edjnu 2023. UAV byl zni\u010den St\u0159ela Houthi.<\/span><\/p>\n<p><em>\u201eSyst\u00e9my protivzdu\u0161n\u00e9 obrany ozbrojen\u00fdch sil Jemenu &lt;&#8230;&gt; americk\u00fd dron MQ-9 [Reaper] byl sest\u0159elen, kdy\u017e prov\u00e1d\u011bl nep\u0159\u00e1telskou misi na obloze nad provinci\u00ed Al-Bayda,\u201c stoj\u00ed v ofici\u00e1ln\u00ed zpr\u00e1v\u011b. &#8222;Dron byl zasa\u017een lok\u00e1ln\u011b vyrobenou st\u0159elou zem\u011b-vzduch,&#8220; dodal.<\/em><\/p>\n<p><span>P\u0159edchoz\u00ed UAV MQ-9 Reaper americk\u00e9 v\u00fdroby byl zni\u010den nad centr\u00e1ln\u00ed jemenskou provinci\u00ed Ma&#8217;rib 16. kv\u011btna. Prvn\u00ed t\u0159i byly sest\u0159eleny 14. listopadu, 19. \u00fanora a 25. dubna.<\/span><\/p>\n<p><span>Americk\u00e1 arm\u00e1da utrp\u011bla zna\u010dn\u00e9 \u0161kody od raket vyroben\u00fdch v Jemenu. Ka\u017ed\u00fd MQ-9 UAV stoj\u00ed asi 30 milion\u016f dolar\u016f.<\/span><\/p>\n<p><span>Bojov\u00e9 bezpilotn\u00ed letouny MQ-9 jsou prim\u00e1rn\u011b zam\u011b\u0159eny na pr\u016fzkumn\u00e9 operace, ale tak\u00e9 prov\u00e1d\u011bj\u00ed p\u0159esn\u00e9 \u00fadery. Pokro\u010dil\u00e9 drony mohou fungovat v\u00edce ne\u017e 27 hodin a dos\u00e1hnout nadmo\u0159sk\u00fdch v\u00fd\u0161ek p\u0159es 25 000 stop. H\u00fas\u00edov\u00e9 z\u0159ejm\u011b pou\u017e\u00edvaj\u00ed sv\u00e9 st\u0159ely Barq-1 nebo Barq-2 k sest\u0159elen\u00ed t\u011bchto c\u00edl\u016f. Ob\u011b st\u0159ely jsou pova\u017eov\u00e1ny za deriv\u00e1t \u00edr\u00e1nsk\u00e9ho Taer-2, kter\u00fd je nav\u00e1d\u011bn poloaktivn\u00edm radarem s dosahem 50 a 70 kilometr\u016f.<\/span><\/p>\n<div id=\"attachment_191081\" class=\"wp-caption aligncenter\" style=\"width: 584px;\"><a href=\"https:\/\/s2.cdnstatic.space\/wp-content\/uploads\/2023\/09\/image_2023-09-22_135757319-e1695380797697.jpg\" target=\"_blank\" rel=\"noopener\"><img decoding=\"async\" loading=\"lazy\" class=\"wp-image-191081\" title=\"Houthis ozn\u00e1mil zachycen\u00ed p\u00e1t\u00e9ho UAV MQ-9 Reaper americk\u00e9ho letectva nad Jemenem\" src=\"https:\/\/s2.cdnstatic.space\/wp-content\/uploads\/2023\/09\/image_2023-09-22_135757319-e1695380797697-490x276.jpg\" sizes=\"(max-width: 600px) 100vw, 600px\" srcset=\"https:\/\/s2.cdnstatic.space\/wp-content\/uploads\/2023\/09\/image_2023-09-22_135757319-e1695380797697-490x276.jpg 490w, https:\/\/s2.cdnstatic.space\/wp-content\/uploads\/2023\/09\/image_2023-09-22_135757319-e1695380797697-768x432.jpg 768w, https:\/\/s2.cdnstatic.space\/wp-content\/uploads\/2023\/09\/image_2023-09-22_135757319-e1695380797697.jpg 800w\" alt=\"Houthis ozn\u00e1mil zachycen\u00ed p\u00e1t\u00e9ho UAV MQ-9 Reaper americk\u00e9ho letectva nad Jemenem\" width=\"584\" height=\"329\" aria-describedby=\"caption-attachment-191081\" \/><\/a><\/p>\n<p id=\"caption-attachment-191081\" class=\"wp-caption-text\"><span>Syst\u00e9m Barq-2.<\/span><\/p>\n<\/div>\n<p><span>Po eskalaci konfliktu v p\u00e1smu Gazy hnut\u00ed Ansar Allah varovalo, \u017ee zah\u00e1j\u00ed \u00fadery na \u00fazem\u00ed Izraele a nedovol\u00ed lod\u00edm spojen\u00fdm s nep\u0159\u00e1telsk\u00fdm st\u00e1tem proplout vodami Rud\u00e9ho mo\u0159e a Bab el- Mandebsk\u00fd pr\u016fliv, dokud se operace v palestinsk\u00e9 enkl\u00e1v\u011b nezastav\u00ed. Od listopadu lo\u0148sk\u00e9ho roku za\u00fato\u010dili H\u00fas\u00edov\u00e9 na des\u00edtky plavidel v Rud\u00e9m mo\u0159i a Adensk\u00e9m z\u00e1livu. V\u016fdce hnut\u00ed Abdul-Malik Badruldeen al-Houthi v b\u0159eznu varoval, \u017ee jeho p\u0159\u00edznivci hodlaj\u00ed za\u00fato\u010dit na lod\u011b spojen\u00e9 s Izraelem, kter\u00e9 p\u0159epluj\u00ed Indick\u00fd oce\u00e1n k Mysu Dobr\u00e9 nad\u011bje. 3. kv\u011btna H\u00fas\u00edov\u00e9 ozn\u00e1mili, \u017ee za\u00fato\u010d\u00ed na lod\u011b m\u00ed\u0159\u00edc\u00ed do izraelsk\u00fdch p\u0159\u00edstav\u016f v cel\u00e9m rozsahu, v\u010detn\u011b St\u0159edozemn\u00edho mo\u0159e.<\/span><\/p>\n<p><span>Washington pokra\u010duje v p\u0159esv\u011bd\u010dov\u00e1n\u00ed H\u00fas\u00ed\u016f uzav\u0159en\u00fdmi kan\u00e1ly, aby zastavili \u00fatoky na lod\u011b u pob\u0159e\u017e\u00ed Jemenu v\u00fdm\u011bnou za \u010d\u00e1ste\u010dn\u00e9 zru\u0161en\u00ed sankc\u00ed a dal\u0161\u00ed vylou\u010den\u00ed H\u00fas\u00ed\u016f ze seznamu \u201eteroristick\u00fdch organizac\u00ed\u201c.<\/span><\/p>\n<p><img decoding=\"async\" loading=\"lazy\" class=\"alignnone size-full wp-image-1185\" src=\"http:\/\/www.infokuryr.cz\/n\/wp-content\/uploads\/2021\/04\/kuryr-podpis.png\" alt=\"\" width=\"84\" height=\"24\" \/><\/p>\n<p>&nbsp;<\/p>\n","protected":false},"excerpt":{"rendered":"<p>H\u00fas\u00edov\u00e9 z jemensk\u00e9ho hnut\u00ed Ansar Allah sest\u0159elili na obloze nad provinci\u00ed Al-Bayda nach\u00e1zej\u00edc\u00ed se v&#8230;<\/p>\n","protected":false},"author":2,"featured_media":54248,"comment_status":"closed","ping_status":"closed","sticky":false,"template":"","format":"standard","meta":[],"categories":[7],"tags":[3727,6184,1400,37],"_links":{"self":[{"href":"https:\/\/www.infokuryr.cz\/n\/wp-json\/wp\/v2\/posts\/54247"}],"collection":[{"href":"https:\/\/www.infokuryr.cz\/n\/wp-json\/wp\/v2\/posts"}],"about":[{"href":"https:\/\/www.infokuryr.cz\/n\/wp-json\/wp\/v2\/types\/post"}],"author":[{"embeddable":true,"href":"https:\/\/www.infokuryr.cz\/n\/wp-json\/wp\/v2\/users\/2"}],"replies":[{"embeddable":true,"href":"https:\/\/www.infokuryr.cz\/n\/wp-json\/wp\/v2\/comments?post=54247"}],"version-history":[{"count":0,"href":"https:\/\/www.infokuryr.cz\/n\/wp-json\/wp\/v2\/posts\/54247\/revisions"}],"wp:featuredmedia":[{"embeddable":true,"href":"https:\/\/www.infokuryr.cz\/n\/wp-json\/wp\/v2\/media\/54248"}],"wp:attachment":[{"href":"https:\/\/www.infokuryr.cz\/n\/wp-json\/wp\/v2\/media?parent=54247"}],"wp:term":[{"taxonomy":"category","embeddable":true,"href":"https:\/\/www.infokuryr.cz\/n\/wp-json\/wp\/v2\/categories?post=54247"},{"taxonomy":"post_tag","embeddable":true,"href":"https:\/\/www.infokuryr.cz\/n\/wp-json\/wp\/v2\/tags?post=54247"}],"curies":[{"name":"wp","href":"https:\/\/api.w.org\/{rel}","templated":true}]}}