{"id":54207,"date":"2024-05-21T10:56:58","date_gmt":"2024-05-21T08:56:58","guid":{"rendered":"https:\/\/www.infokuryr.cz\/n\/?p=54207"},"modified":"2024-05-21T10:56:58","modified_gmt":"2024-05-21T08:56:58","slug":"ondrej-prokop-kdo-si-z-tragedie-na-slovensku-dela-kampan-a-proc-jsem-podal-stiznost-na-ct","status":"publish","type":"post","link":"https:\/\/www.infokuryr.cz\/n\/2024\/05\/21\/ondrej-prokop-kdo-si-z-tragedie-na-slovensku-dela-kampan-a-proc-jsem-podal-stiznost-na-ct\/","title":{"rendered":"Ond\u0159ej Prokop: Kdo si z trag\u00e9die na Slovensku d\u011bl\u00e1 kampa\u0148? A pro\u010d jsem podal st\u00ed\u017enost na \u010cT?"},"content":{"rendered":"<div id=\"fb-root\"><\/div>\n<p><strong>Post\u0159elen\u00ed premi\u00e9ra Fica ot\u0159\u00e1slo Slovenskem i \u010ceskem. Tragick\u00e1 ud\u00e1lost, kterou ihned zneu\u017eil Petr Fiala k politick\u00e9mu boji, n\u00e1lepkov\u00e1n\u00ed opozi\u010dn\u00edch stran a dal\u0161\u00edmu rozd\u011blov\u00e1n\u00ed spole\u010dnosti. Bohu\u017eel nebyl jedin\u00fd.<\/strong><\/p>\n<p>\ud83d\udc49 Minul\u00fd t\u00fdden jsem podal st\u00ed\u017enost na \u010cT a \u010cRo, ze kter\u00fdch se z\u0159ejm\u011b stala provl\u00e1dn\u00ed m\u00e9dia. Absolutn\u011b neinformuj\u00ed o podivn\u00e9m rodinn\u00e9m byznysu Petra Fialy. O rodin\u00e1ch \u010dlen\u016f ANO p\u0159itom za vl\u00e1dy Andreje Babi\u0161e informovala neust\u00e1le.<\/p>\n<p>\ud83d\udc49 ODS je \u00fadajn\u011b p\u0159ipraven\u00e1 vylou\u010dit ze strany Novotn\u00e9ho za jeho chov\u00e1n\u00ed. Tvrd\u00ed, \u017ee ale a\u017e po volb\u00e1ch. Kdov\u00ed, jak to nakonec zase dopadne. Sp\u00ed\u0161 mysl\u00edm, \u017ee op\u011bt unikne trestu.<\/p>\n<p>\ud83d\udc49 Jure\u010dk\u016fv v\u00e1no\u010dn\u00ed ve\u010d\u00edrek za stovky tis\u00edc, o kter\u00e9m jsem v prosinci informoval, podle inspekce poru\u0161il z\u00e1kon. Ministerstvo tak dostane pokutu, ale Jure\u010dka se svoj\u00ed imunitou z toho zase vyv\u00e1zne.<\/p>\n<p>\ud83d\udc49 V Praze se na st\u0159edn\u00ed \u0161koly nedostalo nejv\u00edc d\u011bt\u00ed z \u010desk\u00fdch m\u011bst. Je to smutn\u011bj\u0161\u00ed o to v\u00edc, \u017ee s Patrikem Nacherem na situaci upozor\u0148ujeme koalici u\u017e n\u011bkolik let. Pomohla by zm\u011bna syst\u00e9mu, roz\u0161\u00ed\u0159en\u00ed kapacit nebo stavba \u0161kol. Nic z toho nepodnikli.<\/p>\n<p>\ud83d\udc49 Na Pir\u00e1ta H\u0159iba m\u00ed\u0159\u00ed prvn\u00ed trestn\u00ed ozn\u00e1men\u00ed kv\u016fli Nov\u00fdm Hole\u0161ovic\u00edm. Jeho podivn\u00e9 chov\u00e1n\u00ed, kter\u00e9 m\u016f\u017ee Pra\u017eany vyj\u00edt i na miliardy K\u010d, komentuji na s\u00edt\u00edch u\u017e dlouho. Jsem zv\u011bdav\u00fd, jestli bude st\u00edh\u00e1n.<\/p>\n<p>\ud83d\udc49 Oprava Barrandovsk\u00e9ho mostu se znovu prodlou\u017e\u00ed. Neust\u00e1l\u00e9 probl\u00e9my, prodra\u017eov\u00e1n\u00ed n\u00e1klad\u016f a nepln\u011bn\u00ed term\u00edn\u016f kl\u00ed\u010dov\u00fdch staveb v Praze. Mysl\u00edm, \u017ee je na \u010dase, aby Zden\u011bk H\u0159ib p\u0159iznal, \u017ee na to prost\u011b nem\u00e1.<\/p>\n<p>To v\u0161e a mnohem v\u00edc se dozv\u00edte v 84. d\u00edlu m\u00e9ho politick\u00e9ho podcastu. D\u011bkuji v\u00e1m p\u0159edem za zhl\u00e9dnut\u00ed a pros\u00edm o dal\u0161\u00ed sd\u00edlen\u00ed, a\u0165 se pravdu dozv\u00ed co nejv\u00edc lid\u00ed! T\u011b\u0161\u00edm se na dotazy i koment\u00e1\u0159e!<\/p>\n<p><iframe loading=\"lazy\" title=\"Kdo si z trag\u00e9die na Slovensku d\u011bl\u00e1 kampa\u0148? A pro\u010d jsem podal st\u00ed\u017enost na \u010cT? | \u010cau Praho! #84\" width=\"640\" height=\"360\" src=\"https:\/\/www.youtube.com\/embed\/8T_sRzXr0IU?feature=oembed\" frameborder=\"0\" allow=\"accelerometer; autoplay; clipboard-write; encrypted-media; gyroscope; picture-in-picture; web-share\" referrerpolicy=\"strict-origin-when-cross-origin\" allowfullscreen><\/iframe><\/p>\n<p><span style=\"font-size: 14pt;\"><strong>Ing. Ond\u0159ej Prokop, p\u0159edseda hnut\u00ed ANO v Praze<\/strong><\/span><\/p>\n<p>&nbsp;<\/p>\n<p><a href=\"https:\/\/stranapro.cz\/\"><img decoding=\"async\" loading=\"lazy\" class=\"wp-image-53371 aligncenter\" src=\"http:\/\/www.infokuryr.cz\/n\/wp-content\/uploads\/2024\/05\/pro-6-volby-300x169.jpg\" alt=\"\" width=\"847\" height=\"477\" srcset=\"https:\/\/www.infokuryr.cz\/n\/wp-content\/uploads\/2024\/05\/pro-6-volby-300x169.jpg 300w, https:\/\/www.infokuryr.cz\/n\/wp-content\/uploads\/2024\/05\/pro-6-volby.jpg 785w\" sizes=\"(max-width: 847px) 100vw, 847px\" \/><\/a><\/p>\n<p>&nbsp;<\/p>\n<p>&nbsp;<\/p>\n","protected":false},"excerpt":{"rendered":"<p>Post\u0159elen\u00ed premi\u00e9ra Fica ot\u0159\u00e1slo Slovenskem i \u010ceskem. Tragick\u00e1 ud\u00e1lost, kterou ihned zneu\u017eil Petr Fiala k&#8230;<\/p>\n","protected":false},"author":2,"featured_media":39290,"comment_status":"closed","ping_status":"closed","sticky":false,"template":"","format":"standard","meta":[],"categories":[6],"tags":[1503,6313,122,889],"_links":{"self":[{"href":"https:\/\/www.infokuryr.cz\/n\/wp-json\/wp\/v2\/posts\/54207"}],"collection":[{"href":"https:\/\/www.infokuryr.cz\/n\/wp-json\/wp\/v2\/posts"}],"about":[{"href":"https:\/\/www.infokuryr.cz\/n\/wp-json\/wp\/v2\/types\/post"}],"author":[{"embeddable":true,"href":"https:\/\/www.infokuryr.cz\/n\/wp-json\/wp\/v2\/users\/2"}],"replies":[{"embeddable":true,"href":"https:\/\/www.infokuryr.cz\/n\/wp-json\/wp\/v2\/comments?post=54207"}],"version-history":[{"count":0,"href":"https:\/\/www.infokuryr.cz\/n\/wp-json\/wp\/v2\/posts\/54207\/revisions"}],"wp:featuredmedia":[{"embeddable":true,"href":"https:\/\/www.infokuryr.cz\/n\/wp-json\/wp\/v2\/media\/39290"}],"wp:attachment":[{"href":"https:\/\/www.infokuryr.cz\/n\/wp-json\/wp\/v2\/media?parent=54207"}],"wp:term":[{"taxonomy":"category","embeddable":true,"href":"https:\/\/www.infokuryr.cz\/n\/wp-json\/wp\/v2\/categories?post=54207"},{"taxonomy":"post_tag","embeddable":true,"href":"https:\/\/www.infokuryr.cz\/n\/wp-json\/wp\/v2\/tags?post=54207"}],"curies":[{"name":"wp","href":"https:\/\/api.w.org\/{rel}","templated":true}]}}